{"id":15840,"date":"2024-05-16T19:50:02","date_gmt":"2024-05-17T00:50:02","guid":{"rendered":"https:\/\/www.thevisitorpanama.info\/esp\/?p=15840"},"modified":"2024-05-16T19:58:21","modified_gmt":"2024-05-17T00:58:21","slug":"cama","status":"publish","type":"post","link":"https:\/\/www.thevisitorpanama.info\/esp\/2024\/05\/16\/cama\/","title":{"rendered":"Juan A. Arias Toma Posesi\u00f3n como Nuevo Presidente de la C\u00e1mara de Comercio, Industrias y Agricultura de Panam\u00e1"},"content":{"rendered":"\n<p>(Panam\u00e1, 15 de mayo de 2024). La C\u00e1mara de Comercio, Industrias y Agricultura de Panam\u00e1 (CCIAP) celebr\u00f3 su Segunda Asamblea General Ordinaria, con el fin exclusivo de llevar a cabo la Toma de Posesi\u00f3n de Juan A. Arias como presidente del gremio empresarial y de la Junta Directiva para el periodo 2024-2025.<\/p>\n\n\n\n<figure class=\"wp-block-image size-full\"><img decoding=\"async\" loading=\"lazy\" width=\"1571\" height=\"1073\" src=\"https:\/\/www.thevisitorpanama.info\/esp\/wp-content\/uploads\/2024\/05\/IMG-20240516-WA0062.jpg\" alt=\"\" class=\"wp-image-15846\" srcset=\"https:\/\/www.thevisitorpanama.info\/esp\/wp-content\/uploads\/2024\/05\/IMG-20240516-WA0062.jpg 1571w, https:\/\/www.thevisitorpanama.info\/esp\/wp-content\/uploads\/2024\/05\/IMG-20240516-WA0062-768x525.jpg 768w, https:\/\/www.thevisitorpanama.info\/esp\/wp-content\/uploads\/2024\/05\/IMG-20240516-WA0062-1536x1049.jpg 1536w\" sizes=\"(max-width: 1571px) 100vw, 1571px\" \/><\/figure>\n\n\n\n<p><br>Este acto de instalaci\u00f3n de la nueva junta directiva de la CCIAP inici\u00f3 con los informes de la tesorera saliente Monique de Saint Malo y el presidente saliente del periodo 2023-2024. Luego sigui\u00f3 la juramentaci\u00f3n por parte de Adolfo F\u00e1brega a Juan A. Arias como nuevo presidente de este gremio empresarial y \u00e9ste \u00faltimo a su vez a los directores principales y suplentes que conformar\u00e1n parte de su directiva.<br>Juan A. Arias fue juramentado en una ceremonia en la que participaron el presidente de la Rep\u00fablica, Laurentino Cortizo; y su esposa Yazm\u00edn Col\u00f3n de Cortizo, primera dama de la Rep\u00fablica; as\u00ed como el presidente electo de la Rep\u00fablica para el periodo 2024-2029 Jos\u00e9 Ra\u00fal Mulino. <\/p>\n\n\n\n<figure class=\"wp-block-image size-full\"><img decoding=\"async\" loading=\"lazy\" width=\"1494\" height=\"1120\" src=\"https:\/\/www.thevisitorpanama.info\/esp\/wp-content\/uploads\/2024\/05\/IMG-20240516-WA0055.jpg\" alt=\"\" class=\"wp-image-15847\" srcset=\"https:\/\/www.thevisitorpanama.info\/esp\/wp-content\/uploads\/2024\/05\/IMG-20240516-WA0055.jpg 1494w, https:\/\/www.thevisitorpanama.info\/esp\/wp-content\/uploads\/2024\/05\/IMG-20240516-WA0055-768x576.jpg 768w, https:\/\/www.thevisitorpanama.info\/esp\/wp-content\/uploads\/2024\/05\/IMG-20240516-WA0055-80x60.jpg 80w, https:\/\/www.thevisitorpanama.info\/esp\/wp-content\/uploads\/2024\/05\/IMG-20240516-WA0055-100x75.jpg 100w, https:\/\/www.thevisitorpanama.info\/esp\/wp-content\/uploads\/2024\/05\/IMG-20240516-WA0055-180x135.jpg 180w, https:\/\/www.thevisitorpanama.info\/esp\/wp-content\/uploads\/2024\/05\/IMG-20240516-WA0055-238x178.jpg 238w\" sizes=\"(max-width: 1494px) 100vw, 1494px\" \/><\/figure>\n\n\n\n<p>Tambi\u00e9n acudieron el Consejo de Expresidentes, asesores del gremio empresarial, representantes de las empresas miembros, autoridades del gobierno y directivos de otros gremios empresariales, e invitados especiales, entre otros.<\/p>\n\n\n\n<figure class=\"wp-block-image size-full\"><img decoding=\"async\" loading=\"lazy\" width=\"1486\" height=\"1120\" src=\"https:\/\/www.thevisitorpanama.info\/esp\/wp-content\/uploads\/2024\/05\/IMG-20240516-WA0052.jpg\" alt=\"\" class=\"wp-image-15848\" srcset=\"https:\/\/www.thevisitorpanama.info\/esp\/wp-content\/uploads\/2024\/05\/IMG-20240516-WA0052.jpg 1486w, https:\/\/www.thevisitorpanama.info\/esp\/wp-content\/uploads\/2024\/05\/IMG-20240516-WA0052-768x579.jpg 768w, https:\/\/www.thevisitorpanama.info\/esp\/wp-content\/uploads\/2024\/05\/IMG-20240516-WA0052-80x60.jpg 80w, https:\/\/www.thevisitorpanama.info\/esp\/wp-content\/uploads\/2024\/05\/IMG-20240516-WA0052-100x75.jpg 100w, https:\/\/www.thevisitorpanama.info\/esp\/wp-content\/uploads\/2024\/05\/IMG-20240516-WA0052-180x135.jpg 180w, https:\/\/www.thevisitorpanama.info\/esp\/wp-content\/uploads\/2024\/05\/IMG-20240516-WA0052-238x178.jpg 238w\" sizes=\"(max-width: 1486px) 100vw, 1486px\" \/><\/figure>\n\n\n\n<p><br>Despu\u00e9s de su investidura como presidente de la CCIAP, Arias quien se convirti\u00f3 en el presidente n\u00famero 73 de la C\u00e1mara de Comercio, Industrias y Agricultura de Panam\u00e1, destac\u00f3 que el pa\u00eds \u201cvive momentos cr\u00edticos y de transformaci\u00f3n, que nos plantean grandes retos, por lo que se requiere del compromiso para acudir al llamado de unidad nacional, bajo los principios de respeto y transparencia, a trav\u00e9s de acciones que nos permitan superar los desaf\u00edos que tenemos\u201d.<\/p>\n\n\n\n<p>Retos que afrontar como pa\u00eds<br>El estrenado presidente enumero retos que como sociedad tenemos que transformar: el d\u00e9ficit fiscal en ahorro nacional; y que la deuda externa sea menor al 40% del PIB. Resolver el problema financiero y de servicios m\u00e9dicos de la Caja del Seguro Social. Atender el suministro de agua potable tanto para el consumo humano como para el funcionamiento del Canal de Panam\u00e1 y otras actividades econ\u00f3micas. Realizar todas las acciones requeridas que permitan mantener el grado de inversi\u00f3n. Fortalecer nuestra institucionalidad en la lucha contra la corrupci\u00f3n y la necesidad de reformas urgentes en nuestro sistema educativo.<br>\u201cHoy asumimos con responsabilidad este compromiso, hombres y mujeres que sabemos enfocarnos en lo que tenemos que hacer, lo hemos hecho en nuestros negocios y lo venimos haciendo desde este gremio por Panam\u00e1\u201d, enfatiz\u00f3 Arias.<\/p>\n\n\n\n<figure class=\"wp-block-image size-full\"><img decoding=\"async\" loading=\"lazy\" width=\"1600\" height=\"1066\" src=\"https:\/\/www.thevisitorpanama.info\/esp\/wp-content\/uploads\/2024\/05\/IMG-20240516-WA0064.jpg\" alt=\"\" class=\"wp-image-15849\" srcset=\"https:\/\/www.thevisitorpanama.info\/esp\/wp-content\/uploads\/2024\/05\/IMG-20240516-WA0064.jpg 1600w, https:\/\/www.thevisitorpanama.info\/esp\/wp-content\/uploads\/2024\/05\/IMG-20240516-WA0064-768x512.jpg 768w, https:\/\/www.thevisitorpanama.info\/esp\/wp-content\/uploads\/2024\/05\/IMG-20240516-WA0064-1536x1023.jpg 1536w\" sizes=\"(max-width: 1600px) 100vw, 1600px\" \/><\/figure>\n\n\n\n<p><br>Razones para ser optimista<br>No obstante, el l\u00edder empresarial exclam\u00f3 tenemos muchas razones para ser optimistas. \u00a1Yo soy optimista! Nos encontramos frente a una coyuntura perfecta para enfrentar las realidades y tomar acci\u00f3n.<br>De acuerdo con Arias las razones para ser optimista es que, Panam\u00e1 ha sido un puente de tr\u00e1nsito, un lugar de conexi\u00f3n; al cual le ha sabido sacar provecho, en el 2023 por el Hub de las Am\u00e9ricas transitaron cerca de 18 millones de pasajeros, marcando un r\u00e9cord para el Aeropuerto Internacional de Tocumen, se ha sido visionarios en su momento, permitimos y participamos en la construcci\u00f3n la v\u00eda interoce\u00e1nica. Panam\u00e1 cuenta con infraestructura de clase mundial reconocida por los pa\u00edses vecinos.<br>Adem\u00e1s, se ha logrado salir de las listas discriminatorias de diferentes pa\u00edses, nos corresponde mantenernos fuera de ellas y volver a enaltecer al centro bancario y de servicios internacional, Panam\u00e1 puede seguir siendo ese referente que vuelva a ser terreno f\u00e9rtil para la inversi\u00f3n y los negocios, la biodiversidad y belleza natural son atractivos \u00fanicos para el turismo internacional.<br>Por lo anterior, este reconocido empresario mencion\u00f3 tenemos todo para poder logar una recuperaci\u00f3n econ\u00f3mica y de empleos, mediante la construcci\u00f3n de confianza.<\/p>\n\n\n\n<figure class=\"wp-block-image size-full\"><img decoding=\"async\" loading=\"lazy\" width=\"1600\" height=\"1066\" src=\"https:\/\/www.thevisitorpanama.info\/esp\/wp-content\/uploads\/2024\/05\/IMG-20240516-WA0056.jpg\" alt=\"\" class=\"wp-image-15850\" srcset=\"https:\/\/www.thevisitorpanama.info\/esp\/wp-content\/uploads\/2024\/05\/IMG-20240516-WA0056.jpg 1600w, https:\/\/www.thevisitorpanama.info\/esp\/wp-content\/uploads\/2024\/05\/IMG-20240516-WA0056-768x512.jpg 768w, https:\/\/www.thevisitorpanama.info\/esp\/wp-content\/uploads\/2024\/05\/IMG-20240516-WA0056-1536x1023.jpg 1536w\" sizes=\"(max-width: 1600px) 100vw, 1600px\" \/><\/figure>\n\n\n\n<p><br>Trabajo p\u00fablico-privado<br>En ese sentido, aprovechando la presencia del presidente Laurentino Cortizo, as\u00ed como la del presidente Electo Jos\u00e9 Ra\u00fal Mulino; al igual que otras autoridades electas, el presidente de la CCIAP, Arias profiri\u00f3 el siguiente mensaje Panam\u00e1 tiene todo para poder retomar la senda de crecimiento y convertirla en desarrollo, por lo que aqu\u00ed estamos para apoyar en ese trabajo\u201d.<br>Por lo ante expuesto, el nuevo presidente de la CCIAP mencion\u00f3 algunas medidas prioritarias para trabajar en conjunto entre el sector p\u00fablico y privado, como en la reducci\u00f3n y agilizaci\u00f3n de tr\u00e1mites en el gobierno para apoyar a la empresa privada, en la generaci\u00f3n de nuevos empleos; atraer inversi\u00f3n extranjera directa, participando de eventos internacionales, as\u00ed como, a trav\u00e9s del proyecto de Semiconductores planteado por los Estados Unidos, as\u00ed como buscar una vez por todas un mecanismo eficiente para el pago de proveedores del Estado.<br>Con estas acciones antes descritas, Arias expres\u00f3 posicionaremos a Panam\u00e1 a nivel mundial, tenemos que creer firmemente en esto; Panam\u00e1 tiene todo para triunfar, lo hemos hecho antes y lo podemos volver hacer.<br>\u201cEstamos comprometidos a trabajar tanto con usted se\u00f1or Presidente Electo, su equipo de trabajo, el nuevo \u00d3rgano Legislativo y todas las nuevas autoridades, en la implementaci\u00f3n de estas acciones para el beneficio de todos los paname\u00f1os, haciendo referencia a Agenda Pa\u00eds que en tres periodos gubernamentales la CCIAP en alianza estrat\u00e9gica con el PNUD ha presentado propuestas a los candidatos presidenciales para abordar los temas cr\u00edticos del pa\u00eds.<br>Arias, gerente general de Hacienda Loma Linda, S.A., empresa del sector agropecuario que se dedica a la producci\u00f3n, cultivo y venta de plantas y flores de orqu\u00eddeas para el mercado local y de exportaci\u00f3n, enfatiz\u00f3 los paname\u00f1os demandan un cambio real y debemos responder a esa demanda. Las condiciones est\u00e1n ah\u00ed, pero no hay tiempo que perder. Las promesas de campa\u00f1a deben comenzar a hacerse realidad desde el 1 de julio de 2024\u201d.<\/p>\n\n\n\n<figure class=\"wp-block-image size-full\"><img decoding=\"async\" loading=\"lazy\" width=\"1066\" height=\"1600\" src=\"https:\/\/www.thevisitorpanama.info\/esp\/wp-content\/uploads\/2024\/05\/IMG-20240516-WA0054.jpg\" alt=\"\" class=\"wp-image-15851\" srcset=\"https:\/\/www.thevisitorpanama.info\/esp\/wp-content\/uploads\/2024\/05\/IMG-20240516-WA0054.jpg 1066w, https:\/\/www.thevisitorpanama.info\/esp\/wp-content\/uploads\/2024\/05\/IMG-20240516-WA0054-768x1153.jpg 768w, https:\/\/www.thevisitorpanama.info\/esp\/wp-content\/uploads\/2024\/05\/IMG-20240516-WA0054-1023x1536.jpg 1023w\" sizes=\"(max-width: 1066px) 100vw, 1066px\" \/><\/figure>\n\n\n\n<p><br>Como presidente de la C\u00e1mara de Comercio, Industrias y Agricultura de Panam\u00e1 de Panam\u00e1, Arias dej\u00f3 claro al presidente electo que las puertas de este gremio empresarial estar\u00e1n siempre abiertas para un trabajo colaborativo entre el sector gubernamental y el sector privado por el desarrollo de Panam\u00e1.<br>Por el \u00faltimo, el empresario dej\u00f3 claro que como hist\u00f3ricamente ha destacado a esta C\u00e1mara, \u201cvamos a facilitar el camino hacia el progreso, pero tambi\u00e9n seremos cr\u00edticos constructivos y exigentes cuando sea necesario en aras de logar lo mejor para Panam\u00e1\u201d.<br>\u201cCon determinaci\u00f3n y optimismo, enfrentaremos los desaf\u00edos que tenemos por delante. Nuevamente, hoy prefiero ver el vaso medio lleno, ser optimista, proponernos y cre\u00e9rnosla: Juntos, podemos construir un Panam\u00e1 m\u00e1s pr\u00f3spero y moderno en el que quepamos todos.<\/p>\n\n\n\n<figure class=\"wp-block-image size-full\"><img decoding=\"async\" loading=\"lazy\" width=\"1600\" height=\"979\" src=\"https:\/\/www.thevisitorpanama.info\/esp\/wp-content\/uploads\/2024\/05\/IMG-20240516-WA0051.jpg\" alt=\"\" class=\"wp-image-15852\" srcset=\"https:\/\/www.thevisitorpanama.info\/esp\/wp-content\/uploads\/2024\/05\/IMG-20240516-WA0051.jpg 1600w, https:\/\/www.thevisitorpanama.info\/esp\/wp-content\/uploads\/2024\/05\/IMG-20240516-WA0051-768x470.jpg 768w, https:\/\/www.thevisitorpanama.info\/esp\/wp-content\/uploads\/2024\/05\/IMG-20240516-WA0051-1536x940.jpg 1536w\" sizes=\"(max-width: 1600px) 100vw, 1600px\" \/><\/figure>\n\n\n\n<p><br>Plan de trabajo 2024-2025<br>El presidente de la CCIAP enfocar\u00e1 su plan de trabajo en el acercamiento del gremio con las organizaciones y asociaciones productivas del interior del pa\u00eds para promover el trabajo conjunto en el desarrollo del sector agropecuario; de igual forma, orientar\u00e1 su trabajo en el apoyo a la peque\u00f1a y mediana empresa, especialmente enfocado en los sectores de turismo y el desarrollo de la actividad empresarial en el deporte.<br>Junta Directiva 2024-2025<\/p>\n\n\n\n<p>La Junta Directiva de la C\u00e1mara de Comercio, Industrias y Agricultura de Panam\u00e1 est\u00e1 formada por el presidente Juan Arias, los directores y suplentes de los 15 grupos que representan los principales sectores de la econom\u00eda paname\u00f1a y que agrupan a m\u00e1s de 1,500 empresas miembros del gremio y emplean a cerca de 150,000 colaboradores.<\/p>\n\n\n\n<p>Entre los directores principales, se elegir\u00e1 al Comit\u00e9 Ejecutivo, conformado por: el Primer vicepresidente, Segundo vicepresidente, Tesorero, Subtesorero, secretario, Subsecretario y el expresidente Inmediato Adolfo F\u00e1brega.<\/p>\n\n\n\n<p>C\u00e1mara de Comercio, Industrias y Agricultura de Panam\u00e1<\/p>\n\n\n\n<p>La C\u00e1mara de Comercio, Industrias y Agricultura de Panam\u00e1 (CCIAP), principal gremio del sector privado fue fundada el 17 de mayo de 1915 con el prop\u00f3sito de promover, conectar y defender a la empresa privada. Actualmente est\u00e1 conformada por cerca de 1,600 empresas, clasificadas en 15 sectores de la econom\u00eda nacional y trabaja activamente para procurar el crecimiento de la actividad comercial, industrial, agr\u00edcola y de servicios, adem\u00e1s, de cooperar en el estudio de los problemas econ\u00f3micos y sociales que afecten la econom\u00eda del pa\u00eds.&nbsp;<\/p>\n","protected":false},"excerpt":{"rendered":"<p>(Panam\u00e1, 15 de mayo de 2024). La C\u00e1mara de Comercio, Industrias y Agricultura de Panam\u00e1 (CCIAP) celebr\u00f3 su Segunda Asamblea General Ordinaria, con el fin exclusivo de llevar a cabo la Toma de Posesi\u00f3n de Juan A. Arias como presidente del gremio empresarial y de la Junta Directiva para el periodo 2024-2025. Este acto de [&hellip;]<\/p>\n","protected":false},"author":1,"featured_media":15841,"comment_status":"open","ping_status":"open","sticky":false,"template":"","format":"standard","meta":[],"categories":[44],"tags":[],"_links":{"self":[{"href":"https:\/\/www.thevisitorpanama.info\/esp\/wp-json\/wp\/v2\/posts\/15840"}],"collection":[{"href":"https:\/\/www.thevisitorpanama.info\/esp\/wp-json\/wp\/v2\/posts"}],"about":[{"href":"https:\/\/www.thevisitorpanama.info\/esp\/wp-json\/wp\/v2\/types\/post"}],"author":[{"embeddable":true,"href":"https:\/\/www.thevisitorpanama.info\/esp\/wp-json\/wp\/v2\/users\/1"}],"replies":[{"embeddable":true,"href":"https:\/\/www.thevisitorpanama.info\/esp\/wp-json\/wp\/v2\/comments?post=15840"}],"version-history":[{"count":3,"href":"https:\/\/www.thevisitorpanama.info\/esp\/wp-json\/wp\/v2\/posts\/15840\/revisions"}],"predecessor-version":[{"id":15853,"href":"https:\/\/www.thevisitorpanama.info\/esp\/wp-json\/wp\/v2\/posts\/15840\/revisions\/15853"}],"wp:featuredmedia":[{"embeddable":true,"href":"https:\/\/www.thevisitorpanama.info\/esp\/wp-json\/wp\/v2\/media\/15841"}],"wp:attachment":[{"href":"https:\/\/www.thevisitorpanama.info\/esp\/wp-json\/wp\/v2\/media?parent=15840"}],"wp:term":[{"taxonomy":"category","embeddable":true,"href":"https:\/\/www.thevisitorpanama.info\/esp\/wp-json\/wp\/v2\/categories?post=15840"},{"taxonomy":"post_tag","embeddable":true,"href":"https:\/\/www.thevisitorpanama.info\/esp\/wp-json\/wp\/v2\/tags?post=15840"}],"curies":[{"name":"wp","href":"https:\/\/api.w.org\/{rel}","templated":true}]}}