{"id":15836,"date":"2024-05-15T18:55:55","date_gmt":"2024-05-15T23:55:55","guid":{"rendered":"https:\/\/www.thevisitorpanama.info\/esp\/?p=15836"},"modified":"2024-05-15T19:03:34","modified_gmt":"2024-05-16T00:03:34","slug":"el-esperado-festival-de-las-alas-2024-se-realizara-el-25-y-26-de-mayo-en-el-parque-metropolitano","status":"publish","type":"post","link":"https:\/\/www.thevisitorpanama.info\/esp\/2024\/05\/15\/el-esperado-festival-de-las-alas-2024-se-realizara-el-25-y-26-de-mayo-en-el-parque-metropolitano\/","title":{"rendered":"El Esperado &#8220;Festival de las Alas 2024&#8221; se Realizar\u00e1 el 25 y 26 de Mayo en el Parque Metropolitano"},"content":{"rendered":"\n<p>\u00a1El Festival de las Alas, \u201cLa Naturaleza y la Imaginaci\u00f3n\u201d organizado por la Fundaci\u00f3n Alada regresa con una nueva edici\u00f3n!<br>\u00a1Ven y \u00fanete a la celebraci\u00f3n los d\u00edas 25 y 26 de mayo en el Parque Natural Metropolitano de 9:00am a 4:00pm!.<br>El esperado Festival de las Alas promete ser m\u00e1s emocionante que nunca. Durante 2 d\u00edas el Parque Natural Metropolitano ser\u00e1 el escenario de este encuentro l\u00fadico-educativo, donde los protagonistas ser\u00e1n las familias, los ni\u00f1os y j\u00f3venes con grandes sue\u00f1os y una insaciable curiosidad por el mundo que les rodea.<br>Este a\u00f1o se hace posible con el apoyo de la Autoridad de Turismo y la marca &#8220;Vive por m\u00e1s&#8221;, quienes se suman a la misi\u00f3n de promover la observaci\u00f3n de aves y la biodiversidad como impulso al turismo sostenible y la exhaltaci\u00f3n de nuestro patrimonio natural, y se unen a prestigiosas organizaciones sin fines de lucro que colaboran lealmente cada a\u00f1o.<br>Durante dos d\u00edas llenos de diversi\u00f3n, los asistentes disfrutar\u00e1n de una amplia gama con m\u00e1s de 20 espacios que incluyen experiencias de ciencia ciudadana, busito de ciencia, paseo en citroen alado, tours de observaci\u00f3n de aves, realidad aumentada, museo explora, colecci\u00f3n de taxidermia de aves, mariposario, rapaces, colibr\u00edes, exhibici\u00f3n de arte, mercadito, play zone, aula de clases, talleres de manualidades, bordado y quilling y un sinf\u00edn de opciones para aprender y disfrutar al m\u00e1ximo.<br>No te pierdas el simp\u00e1tico Desfile Alado el domingo 26 a partir de las 11:30 am, donde los ni\u00f1os podr\u00e1n lucir sus atuendos de inspiraci\u00f3n alada hechos con materiales reciclados. Premiaremos a los 3 mejores disfraces con la codiciada \u201cMedalla Alada\u201d.<br>El Festival de las Alas es mucho m\u00e1s que un evento de entretenimiento; es una oportunidad \u00fanica para explorar la fascinante conexi\u00f3n entre los seres alados y el progreso humano a trav\u00e9s de la biomimesis en \u00e1reas como la ciencia, el turismo, la tecnolog\u00eda, la econom\u00eda creativa y la cultura. \u00a1\u00danete a nosotros en esta aventura inolvidable y descubre el poder de las respuestas de la naturaleza y la imaginaci\u00f3n!<br>Entrada general por donaci\u00f3n B\/.2.50 y participan de la rifa de un novedoso comedero de aves con c\u00e1mara solar e identificaci\u00f3n de especies . Ni\u00f1os menores de 5 a\u00f1os entran gratis. Estacionamientos disponibles y gratis en la Ciudad de las Artes c\u00f3mo cortes\u00eda del Ministerio de Cultura.<br>Para m\u00e1s informaci\u00f3n sobre el Festival y para programar entrevistas, por favor comun\u00edcate al 66859118 o env\u00eda un correo electr\u00f3nico a Flavia Cozzarelli, Directora Ejecutiva del Festival, a aladafundaci\u00f3n@gmail.com.<br>\u00a1Te esperamos en el Festival de las Alas, La Naturaleza y la Imaginaci\u00f3n!<br>Adjunto: Volante con informaci\u00f3n sobre colaboradores y actividades<\/p>\n\n\n\n<p>M\u00e1s informaci\u00f3n sobre el Festival de las Alas: En el a\u00f1o 2019, un sue\u00f1o de amor por los seres alados cobr\u00f3 vida en forma de un proyecto audaz y ambicioso: el Festival de las Alas. Este evento, nacido literalmente de la pasi\u00f3n por las aves y otros seres que vuelan, es el resultado del incansable trabajo y la dedicaci\u00f3n de Flavia Cozzarelli, una comunicadora y organizadora de eventos con m\u00e1s de 25 a\u00f1os de experiencia en el campo.<br>Flavia, ahora convertida en gestora cultural, tur\u00edstica y ambiental en nuestro pa\u00eds a trav\u00e9s de la Fundaci\u00f3n Alada, decidi\u00f3 convertir su sue\u00f1o en realidad. Con un profundo amor por la naturaleza y una visi\u00f3n clara de la importancia de educar y motivar a las generaciones futuras, se embarc\u00f3 en la misi\u00f3n de crear un espacio donde la curiosidad y la admiraci\u00f3n por los seres alados pudieran florecer para fomentar la observaci\u00f3n de especies y el aviturismo en Panam\u00e1.<br>Desde la infancia hasta la vejez, los seres alados, en especial las aves, han despertado en nosotros una fascinaci\u00f3n profunda y duradera. Son s\u00edmbolos de libertad y superaci\u00f3n, encarnando el deseo humano m\u00e1s profundo de alcanzar nuevas alturas y explorar horizontes desconocidos.<br>Como se\u00f1ala Roger Shanck, psic\u00f3logo cognitivo y cient\u00edfico del aprendizaje, \u201cel verdadero aprendizaje surge no cuando alguien quiere ense\u00f1ar, sino cuando alguien quiere aprender\u201d. Es por eso que el Festival de las Alas se centra en fomentar desde diversas perspectivas, el af\u00e1n humano de proteger, conservar y defender su entorno, el planeta y la vida misma.<br>A trav\u00e9s de la biolog\u00eda de las aves, las abejas, las mariposas y otros seres alados, el festival busca transmitir conocimientos claros y sencillos. Desde la biomim\u00e9tica hasta la frontera del conocimiento cient\u00edfico, se exploran las infinitas posibilidades que ofrece el estudio de la naturaleza para resolver problemas humanos.<br>El festival no solo celebra la belleza y la gracia de los seres alados, sino tambi\u00e9n su incre\u00edble influencia en el progreso humano a lo largo de la historia. Desde los primeros intentos de vuelo de \u00cdcaro y D\u00e9dalo, hasta los avances tecnol\u00f3gicos inspirados en seres alados el legado es innegable con inventos que van desde el tiempo de Da Vinci con el giroscopio que hoy es un helic\u00f3ptero, o el tren bala japon\u00e9s con el Mart\u00edn pescador, los cascos de seguridad con el p\u00e1jaro carpintero o las cajas negras de los aviones, son el legado de hombres y mujeres observadores y curiosos que descubrieron respuestas en la naturaleza.<br>En resumen, el Festival de las Alas es mucho m\u00e1s que un simple evento; es una celebraci\u00f3n de la belleza, la creatividad y el ingenio que nos rodea en el mundo natural. Es un recordatorio de que, al mirar hacia el cielo y so\u00f1ar con volar, tambi\u00e9n miramos hacia el futuro y nos inspiramos a alcanzar nuevas alturas, ascender y poner en valor tanto en el conocimiento como la imaginaci\u00f3n.<\/p>\n","protected":false},"excerpt":{"rendered":"<p>\u00a1El Festival de las Alas, \u201cLa Naturaleza y la Imaginaci\u00f3n\u201d organizado por la Fundaci\u00f3n Alada regresa con una nueva edici\u00f3n!\u00a1Ven y \u00fanete a la celebraci\u00f3n los d\u00edas 25 y 26 de mayo en el Parque Natural Metropolitano de 9:00am a 4:00pm!.El esperado Festival de las Alas promete ser m\u00e1s emocionante que nunca. Durante 2 d\u00edas [&hellip;]<\/p>\n","protected":false},"author":1,"featured_media":15838,"comment_status":"open","ping_status":"open","sticky":false,"template":"","format":"standard","meta":[],"categories":[69],"tags":[],"_links":{"self":[{"href":"https:\/\/www.thevisitorpanama.info\/esp\/wp-json\/wp\/v2\/posts\/15836"}],"collection":[{"href":"https:\/\/www.thevisitorpanama.info\/esp\/wp-json\/wp\/v2\/posts"}],"about":[{"href":"https:\/\/www.thevisitorpanama.info\/esp\/wp-json\/wp\/v2\/types\/post"}],"author":[{"embeddable":true,"href":"https:\/\/www.thevisitorpanama.info\/esp\/wp-json\/wp\/v2\/users\/1"}],"replies":[{"embeddable":true,"href":"https:\/\/www.thevisitorpanama.info\/esp\/wp-json\/wp\/v2\/comments?post=15836"}],"version-history":[{"count":1,"href":"https:\/\/www.thevisitorpanama.info\/esp\/wp-json\/wp\/v2\/posts\/15836\/revisions"}],"predecessor-version":[{"id":15837,"href":"https:\/\/www.thevisitorpanama.info\/esp\/wp-json\/wp\/v2\/posts\/15836\/revisions\/15837"}],"wp:featuredmedia":[{"embeddable":true,"href":"https:\/\/www.thevisitorpanama.info\/esp\/wp-json\/wp\/v2\/media\/15838"}],"wp:attachment":[{"href":"https:\/\/www.thevisitorpanama.info\/esp\/wp-json\/wp\/v2\/media?parent=15836"}],"wp:term":[{"taxonomy":"category","embeddable":true,"href":"https:\/\/www.thevisitorpanama.info\/esp\/wp-json\/wp\/v2\/categories?post=15836"},{"taxonomy":"post_tag","embeddable":true,"href":"https:\/\/www.thevisitorpanama.info\/esp\/wp-json\/wp\/v2\/tags?post=15836"}],"curies":[{"name":"wp","href":"https:\/\/api.w.org\/{rel}","templated":true}]}}