{"id":15796,"date":"2024-04-30T20:59:19","date_gmt":"2024-05-01T01:59:19","guid":{"rendered":"https:\/\/www.thevisitorpanama.info\/esp\/?p=15796"},"modified":"2024-04-30T21:02:07","modified_gmt":"2024-05-01T02:02:07","slug":"atp-entrega-manual-de-uso-de-la-marca-turistica-panama-vive-por-mas-a-la-camara-de-comercio","status":"publish","type":"post","link":"https:\/\/www.thevisitorpanama.info\/esp\/2024\/04\/30\/atp-entrega-manual-de-uso-de-la-marca-turistica-panama-vive-por-mas-a-la-camara-de-comercio\/","title":{"rendered":"ATP Entrega Manual de Uso de la Marca Tur\u00edstica \u201cPanam\u00e1, vive por m\u00e1s\u201d, a la C\u00e1mara de Comercio"},"content":{"rendered":"\n<p> La Autoridad de Turismo de Panam\u00e1 (ATP), entreg\u00f3 a la C\u00e1mara de Comercio, Industrias y Agricultura de Panam\u00e1 (CCIAP), el manual de uso de la marca tur\u00edstica \u201cPanam\u00e1, vive por m\u00e1s\u201d, buscando reforzar la promoci\u00f3n de este sector y el reconocimiento de esta a nivel nacional.<\/p>\n\n\n\n<figure class=\"wp-block-image size-full\"><img decoding=\"async\" loading=\"lazy\" width=\"1500\" height=\"842\" src=\"https:\/\/www.thevisitorpanama.info\/esp\/wp-content\/uploads\/2024\/04\/IMG-20240430-WA0016.jpg\" alt=\"\" class=\"wp-image-15799\" srcset=\"https:\/\/www.thevisitorpanama.info\/esp\/wp-content\/uploads\/2024\/04\/IMG-20240430-WA0016.jpg 1500w, https:\/\/www.thevisitorpanama.info\/esp\/wp-content\/uploads\/2024\/04\/IMG-20240430-WA0016-768x431.jpg 768w\" sizes=\"(max-width: 1500px) 100vw, 1500px\" \/><\/figure>\n\n\n\n<p><br>La administradora general de la ATP, Denise Guill\u00e9n, expres\u00f3 que \u201ccon la adopci\u00f3n de la marca tur\u00edstica por otros sectores comerciales y productivos del pa\u00eds, siendo el turismo una actividad que promueve el crecimiento de estos, la acci\u00f3n en conjunto con la CCIAP nos ayuda a alcanzar objetivos del Plan Maestro de Turismo Sostenible de Panam\u00e1 2020-2025, elevando la calidad de vida de paname\u00f1os y paname\u00f1as.<\/p>\n\n\n\n<figure class=\"wp-block-image size-full\"><img decoding=\"async\" loading=\"lazy\" width=\"1500\" height=\"842\" src=\"https:\/\/www.thevisitorpanama.info\/esp\/wp-content\/uploads\/2024\/04\/IMG-20240430-WA0019.jpg\" alt=\"\" class=\"wp-image-15801\" srcset=\"https:\/\/www.thevisitorpanama.info\/esp\/wp-content\/uploads\/2024\/04\/IMG-20240430-WA0019.jpg 1500w, https:\/\/www.thevisitorpanama.info\/esp\/wp-content\/uploads\/2024\/04\/IMG-20240430-WA0019-768x431.jpg 768w\" sizes=\"(max-width: 1500px) 100vw, 1500px\" \/><\/figure>\n\n\n\n<p><br>\u201cPanam\u00e1, Vive por M\u00e1s\u201d es un referente de orgullo paname\u00f1o, arraigada en la visi\u00f3n del turismo sostenible del pa\u00eds e inspirada en su radiante cultura, rica historia y biodiversidad. Conecta a Panam\u00e1 y su oferta de turismo con un mercado de m\u00e1s de 500 millones de viajeros con prop\u00f3sito, un perfil de turista interesado en destinos aut\u00e9nticos y en dejar un impacto positivo en el destino que visita.<br>\u201cPanam\u00e1 cuenta con una marca tur\u00edstica poderosa, que ha generado resultados importantes en muy poco tiempo, generando visibilidad del destino en nuestros mercados emisores clave y reactivando progresivamente la llegada de turistas al pa\u00eds desde estos mercados. Hoy avanzamos en el proceso para su adopci\u00f3n local, lo que contribuir\u00e1 sin duda a potenciar la conexi\u00f3n con nuestros visitantes y el posicionamiento de Panam\u00e1 como un destino aut\u00e9ntico y vibrante, que Vive por M\u00e1s\u201d, destac\u00f3 Fernando Fondevila, director general de PROMTUR Panam\u00e1.<\/p>\n\n\n\n<figure class=\"wp-block-image size-full\"><img decoding=\"async\" loading=\"lazy\" width=\"1500\" height=\"842\" src=\"https:\/\/www.thevisitorpanama.info\/esp\/wp-content\/uploads\/2024\/04\/IMG-20240430-WA0021.jpg\" alt=\"\" class=\"wp-image-15802\" srcset=\"https:\/\/www.thevisitorpanama.info\/esp\/wp-content\/uploads\/2024\/04\/IMG-20240430-WA0021.jpg 1500w, https:\/\/www.thevisitorpanama.info\/esp\/wp-content\/uploads\/2024\/04\/IMG-20240430-WA0021-768x431.jpg 768w\" sizes=\"(max-width: 1500px) 100vw, 1500px\" \/><\/figure>\n\n\n\n<p><br>La promoci\u00f3n internacional de la marca tur\u00edstica \u201cPanam\u00e1, Vive por M\u00e1s\u201d, ha generado un importante impacto econ\u00f3mico, a trav\u00e9s del mercadeo directo, alianzas estrat\u00e9gicas, Plan de Incentivos y el Programa de Captaci\u00f3n de Eventos Internacionales para Panam\u00e1.<br>Adolfo F\u00e1brega, presidente de la CCIAP, expres\u00f3 que &#8220;con el recibimiento de este manual, la C\u00e1mara de Comercio, Industrias y Agricultura de Panam\u00e1, se compromete a adoptar la marca Tur\u00edstica: \u201cPanam\u00e1, Vive por M\u00e1s\u201d, con el prop\u00f3sito de incentivar a nuestra membres\u00eda, as\u00ed como a las otras empresas y agrupaciones empresariales a nivel nacional sobre el uso correcto de esta en pro del desarrollo econ\u00f3mico del pa\u00eds&#8221;.<br>De igual forma, se\u00f1al\u00f3 que el sector turismo requiere una continuidad en la pol\u00edtica p\u00fablica de Estado a largo plazo, que trascienda gobiernos, d\u00e1ndole la&nbsp;importancia&nbsp;que merece este&nbsp;sector&nbsp;econ\u00f3mico que tiene todo el potencial para convertirse en uno de los principales generadores de empleo.&nbsp;<br>Por&nbsp;\u00faltimo, dijo, que &#8220;junto con PROMTUR y la Autoridad de&nbsp;Turismo&nbsp;de Panam\u00e1, como sector&nbsp;privado tenemos un papel crucial en la implementaci\u00f3n de estrategias audaces y efectivas para promocionar Panam\u00e1 como un destino tur\u00edstico seguro y atractivo. La inversi\u00f3n en campa\u00f1as de mercadeo a nivel nacional e internacional es esencial para transmitir un mensaje claro&#8221;. &#8220;Nos corresponde trabajar incansablemente, sin interrupciones de terceros, para poner en marcha iniciativas que posicionen a nuestro pa\u00eds como un destino atractivo y seguro&#8221;, agreg\u00f3 el presidente de la CCIAP.<br>La integraci\u00f3n del sector privado a la promoci\u00f3n nacional de la marca tur\u00edstica, logra alinear una estrecha colaboraci\u00f3n con el sector p\u00fablico, para afianzar el sentido de pertenencia del paname\u00f1o al reconocimiento de Panam\u00e1 como destino tur\u00edstico de clase mundial, promoviendo la rica historia, cultura, belleza natural y lugares remotos del istmo paname\u00f1o, que se experimentan a trav\u00e9s de las rutas patrimoniales del destino, organizadas a trav\u00e9s de tres pilares &#8211; patrimonio cultural (cultura multifac\u00e9tica), patrimonio verde (extraordinaria biodiversidad) y patrimonio azul (maravillas del oc\u00e9ano).\u202f\u202f<\/p>\n","protected":false},"excerpt":{"rendered":"<p>La Autoridad de Turismo de Panam\u00e1 (ATP), entreg\u00f3 a la C\u00e1mara de Comercio, Industrias y Agricultura de Panam\u00e1 (CCIAP), el manual de uso de la marca tur\u00edstica \u201cPanam\u00e1, vive por m\u00e1s\u201d, buscando reforzar la promoci\u00f3n de este sector y el reconocimiento de esta a nivel nacional. La administradora general de la ATP, Denise Guill\u00e9n, expres\u00f3 [&hellip;]<\/p>\n","protected":false},"author":1,"featured_media":15797,"comment_status":"open","ping_status":"open","sticky":false,"template":"","format":"standard","meta":[],"categories":[44],"tags":[],"_links":{"self":[{"href":"https:\/\/www.thevisitorpanama.info\/esp\/wp-json\/wp\/v2\/posts\/15796"}],"collection":[{"href":"https:\/\/www.thevisitorpanama.info\/esp\/wp-json\/wp\/v2\/posts"}],"about":[{"href":"https:\/\/www.thevisitorpanama.info\/esp\/wp-json\/wp\/v2\/types\/post"}],"author":[{"embeddable":true,"href":"https:\/\/www.thevisitorpanama.info\/esp\/wp-json\/wp\/v2\/users\/1"}],"replies":[{"embeddable":true,"href":"https:\/\/www.thevisitorpanama.info\/esp\/wp-json\/wp\/v2\/comments?post=15796"}],"version-history":[{"count":3,"href":"https:\/\/www.thevisitorpanama.info\/esp\/wp-json\/wp\/v2\/posts\/15796\/revisions"}],"predecessor-version":[{"id":15804,"href":"https:\/\/www.thevisitorpanama.info\/esp\/wp-json\/wp\/v2\/posts\/15796\/revisions\/15804"}],"wp:featuredmedia":[{"embeddable":true,"href":"https:\/\/www.thevisitorpanama.info\/esp\/wp-json\/wp\/v2\/media\/15797"}],"wp:attachment":[{"href":"https:\/\/www.thevisitorpanama.info\/esp\/wp-json\/wp\/v2\/media?parent=15796"}],"wp:term":[{"taxonomy":"category","embeddable":true,"href":"https:\/\/www.thevisitorpanama.info\/esp\/wp-json\/wp\/v2\/categories?post=15796"},{"taxonomy":"post_tag","embeddable":true,"href":"https:\/\/www.thevisitorpanama.info\/esp\/wp-json\/wp\/v2\/tags?post=15796"}],"curies":[{"name":"wp","href":"https:\/\/api.w.org\/{rel}","templated":true}]}}