{"id":1562,"date":"2020-04-12T03:12:49","date_gmt":"2020-04-12T01:12:49","guid":{"rendered":"http:\/\/thevisitorpanama.net\/esp\/?p=1562"},"modified":"2022-03-16T03:18:18","modified_gmt":"2022-03-16T02:18:18","slug":"el-turismo-puede-mejorar-la-calidad-de-vida-de-cada-panameno","status":"publish","type":"post","link":"https:\/\/www.thevisitorpanama.info\/esp\/2020\/04\/12\/el-turismo-puede-mejorar-la-calidad-de-vida-de-cada-panameno\/","title":{"rendered":"El  Turismo Puede Mejorar la Calidad de Vida de Cada Paname\u00f1o.             Tito Orillac"},"content":{"rendered":"\n<p>Son m\u00e1s de 20 a\u00f1os de trayectoria profesional en el sector tur\u00edstico, los que avalan al empresario y operador de turismo Ernesto \u201cTito\u201d Orillac, para ser distinguido como presidente electo de la C\u00e1mara de Turismo de Panam\u00e1 (CAMTUR) periodo 2020 \u2013 2022. <br> Entre sus contribuciones est\u00e1 el involucrarse continuamente con la creaci\u00f3n de empresas tour operadoras, agencias de viajes minoristas y mayoristas. Fungi\u00f3 como presidente de la Asociaci\u00f3n Paname\u00f1a de Agencias de Viajes y Turismo (APAVIT), miembro de la Junta Directiva de la Asociaci\u00f3n de Congresos y Convenciones, en el periodo 2009 \u2013 2014 fue Viceministro de la Autoridad de Turismo Panam\u00e1. En el sector privado, ha estado desempe\u00f1\u00e1ndose como Director General de Margo tours y del grupo de Viajes Modernos Lufthansa City Center. <br> Nuestro invitado especial convers\u00f3 sobre su principal misi\u00f3n: trabajar con todos los actores de la empresa privada como del gobierno, para llevar los lineamientos de este sector en los pr\u00f3ximos a\u00f1os. <\/p>\n\n\n\n<figure class=\"wp-block-image\"><img decoding=\"async\" loading=\"lazy\" width=\"720\" height=\"651\" src=\"http:\/\/www.thevisitorpanama.info\/esp\/wp-content\/uploads\/2020\/04\/Screenshot_20191202_011641-1.jpg\" alt=\"\" class=\"wp-image-9968\"\/><\/figure>\n\n\n\n<p><br> <strong>\u00bfCu\u00e1les son los primeros proyectos a trabajar apenas tome posesi\u00f3n como presidente de CAMTUR?<\/strong><br> \u201cLo principal es lograr la unificaci\u00f3n de la industria, para que trabajemos bajo una misma l\u00ednea y estructura. Otros de nuestros objetivos es traer de vuelta a la Asociaci\u00f3n Paname\u00f1a de Hoteles (APATEL) y llevar adelante los proyectos de la C\u00e1mara. Todos los a\u00f1os realizamos la Convenci\u00f3n Nacional de Turismo (CONATUR) y Expo Turismo Internacional, que esperamos robustecer y unirla con una feria internacional, para que de dos d\u00edas pase a ser un evento de cinco d\u00edas. Que la marca Panam\u00e1 pueda abarcar todos los sectores que conforman la sociedad y el pa\u00eds, y entender que el turismo debe ser una pol\u00edtica de Estado. No solo por lo que representa como ingreso a nivel de industria, sino porque el turismo puede mejorar la calidad de vida de cada paname\u00f1o\u201d. <\/p>\n\n\n\n<figure class=\"wp-block-image\"><img decoding=\"async\" loading=\"lazy\" width=\"474\" height=\"316\" src=\"http:\/\/www.thevisitorpanama.info\/esp\/wp-content\/uploads\/2020\/04\/PHOTO-2019-11-27-14-14-01-1.jpg\" alt=\"\" class=\"wp-image-9969\"\/><\/figure>\n\n\n\n<p><strong><br> \u00bfC\u00f3mo se puede mejorar el turismo en Panam\u00e1 a nivel nacional e internacional?<\/strong><br> \u201cNecesitamos crear campa\u00f1as que sean accesibles para los paname\u00f1os, que nos permita comprar los productos de turismo nacional. As\u00ed podremos entender lo que tenemos, y lo queramos cuidar y vender. Requerimos mejorar nuestra infraestructura, un ejemplo es el proyecto en el que estamos colaboramos con la ATP para que destinos como Taboga, Santa Catalina, Bocas del Toro, Volc\u00e1n, Pedas\u00ed y Boquete reciban inversi\u00f3n directa por parte del BID para el desarrollo integral de cada uno. Igualmente se est\u00e1 haciendo un trabajo de conectividad, tanto a\u00e9reo como terrestre, para as\u00ed poderlo empaquetar, m\u00e1s en temporadas especiales. Hay que mejorar mucho el tema de la informaci\u00f3n, realizar encuestas para saber de d\u00f3nde vienen los turistas, por qu\u00e9 se quedan o por qu\u00e9 regresan\u201d.<\/p>\n\n\n\n<div class=\"wp-block-image\"><figure class=\"alignright is-resized\"><img decoding=\"async\" loading=\"lazy\" src=\"http:\/\/www.thevisitorpanama.info\/esp\/wp-content\/uploads\/2020\/04\/Screenshot_20191202_011728-1.jpg\" alt=\"\" class=\"wp-image-9970\" width=\"266\" height=\"435\"\/><\/figure><\/div>\n\n\n\n<p><strong><br> \u00bfCu\u00e1l cree que ser\u00eda el posicionamiento de Panam\u00e1 en turismo a nivel internacional?<\/strong><br> \u201cPanam\u00e1 tiene ventajas que no tienen otros pa\u00edses, es un \u201cHub\u201d. Un pa\u00eds donde se puede desarrollar la conectividad y multiproductos. Tenemos uno de los mayores activos que es nuestro Canal, que adem\u00e1s es sostenible. Debemos entender la conectividad, no como un lugar donde van a llegar, se conectan y se van. Sino que la gente viene y se conecta con Panam\u00e1. Nosotros tenemos una de las mayores culturas vivas del continente americano y la conectividad para ir de un oc\u00e9ano a otro. Nuestro pa\u00eds es un centro neur\u00e1lgico donde todo pasa. Pero debemos entenderlo primero nosotros, para que los de afuera lo puedan comprender\u201d.<\/p>\n\n\n\n<p>\u00bf<strong>C\u00f3mo va a apoyar a los \u201ctour\u201d operadores?<\/strong><\/p>\n\n\n\n<p>\u201cHay que ordenar la industria, fiscalizar, crear nuevos productos y lograr que la gente se agremie. En CAMTUR  vamos por mejores pr\u00e1cticas. Queremos buscar la certificaci\u00f3n de calidad y mejorar nuestros servicios. Tambi\u00e9n debemos obtener un  \u201cfeedback\u201d a trav\u00e9s de encuestas, donde podamos saber c\u00f3mo se siente el visitante y qu\u00e9 tipo de servicio le estamos dando. Nos volcaremos a hacer m\u00e1s directivas y eventos en el interior, para poder conectar proveedores locales de la ciudad con los de las diferentes provincias, para que este mensaje pueda llegar a los autores que toman decisiones como el Fondo de Promoci\u00f3n, la Autoridad de Turismo y el pa\u00eds en general\u201d.  <\/p>\n","protected":false},"excerpt":{"rendered":"<p>Son m\u00e1s de 20 a\u00f1os de trayectoria profesional en el sector tur\u00edstico, los que avalan al empresario y operador de turismo Ernesto \u201cTito\u201d Orillac, para ser distinguido como presidente electo de la C\u00e1mara de Turismo de Panam\u00e1 (CAMTUR) periodo 2020 \u2013 2022. Entre sus contribuciones est\u00e1 el involucrarse continuamente con la creaci\u00f3n de empresas tour [&hellip;]<\/p>\n","protected":false},"author":1,"featured_media":9967,"comment_status":"open","ping_status":"open","sticky":false,"template":"","format":"standard","meta":[],"categories":[1],"tags":[],"_links":{"self":[{"href":"https:\/\/www.thevisitorpanama.info\/esp\/wp-json\/wp\/v2\/posts\/1562"}],"collection":[{"href":"https:\/\/www.thevisitorpanama.info\/esp\/wp-json\/wp\/v2\/posts"}],"about":[{"href":"https:\/\/www.thevisitorpanama.info\/esp\/wp-json\/wp\/v2\/types\/post"}],"author":[{"embeddable":true,"href":"https:\/\/www.thevisitorpanama.info\/esp\/wp-json\/wp\/v2\/users\/1"}],"replies":[{"embeddable":true,"href":"https:\/\/www.thevisitorpanama.info\/esp\/wp-json\/wp\/v2\/comments?post=1562"}],"version-history":[{"count":4,"href":"https:\/\/www.thevisitorpanama.info\/esp\/wp-json\/wp\/v2\/posts\/1562\/revisions"}],"predecessor-version":[{"id":9971,"href":"https:\/\/www.thevisitorpanama.info\/esp\/wp-json\/wp\/v2\/posts\/1562\/revisions\/9971"}],"wp:featuredmedia":[{"embeddable":true,"href":"https:\/\/www.thevisitorpanama.info\/esp\/wp-json\/wp\/v2\/media\/9967"}],"wp:attachment":[{"href":"https:\/\/www.thevisitorpanama.info\/esp\/wp-json\/wp\/v2\/media?parent=1562"}],"wp:term":[{"taxonomy":"category","embeddable":true,"href":"https:\/\/www.thevisitorpanama.info\/esp\/wp-json\/wp\/v2\/categories?post=1562"},{"taxonomy":"post_tag","embeddable":true,"href":"https:\/\/www.thevisitorpanama.info\/esp\/wp-json\/wp\/v2\/tags?post=1562"}],"curies":[{"name":"wp","href":"https:\/\/api.w.org\/{rel}","templated":true}]}}