{"id":15419,"date":"2024-03-21T20:44:24","date_gmt":"2024-03-22T01:44:24","guid":{"rendered":"https:\/\/www.thevisitorpanama.info\/esp\/?p=15419"},"modified":"2024-03-21T20:49:26","modified_gmt":"2024-03-22T01:49:26","slug":"hoy-se-celebra-el-dia-internacional-de-los-bosques-parte-fundamental-de-nuestro-eco-turismo","status":"publish","type":"post","link":"https:\/\/www.thevisitorpanama.info\/esp\/2024\/03\/21\/hoy-se-celebra-el-dia-internacional-de-los-bosques-parte-fundamental-de-nuestro-eco-turismo\/","title":{"rendered":"Hoy se Celebra el D\u00eda Internacional de los Bosques, Parte Fundamental de Nuestro Eco Turismo"},"content":{"rendered":"\n<p>El D\u00eda Internacional de los Bosques se celebra el 21 de marzo y su principal objetivo, es crear conciencia de la importancia de cuidar y preservar todas las \u00e1reas forestales del planeta y con ello la supervivencia de todas las especies. La fecha se eligi\u00f3 porque el 21 de marzo coincide con la entrada de la primavera en el hemisferio boreal y con la del oto\u00f1o en el austral.<\/p>\n\n\n\n<p>La gesti\u00f3n forestal sostenible en los pa\u00edses debe&nbsp; asegurar que los bosques proporcionen bienes y servicios para satisfacer las necesidades actuales y futuras, y contribuyan al desarrollo sostenible de las comunidades.&nbsp;<\/p>\n\n\n\n<p>Cada vez que se conmemora el D\u00eda Internacional de los Bosques, se alienta a los pa\u00edses a adoptar iniciativas en el plano local, nacional e internacional para la organizaci\u00f3n de actividades relacionadas con los bosques y los \u00e1rboles. Este a\u00f1o el lema es Bosques e innovaci\u00f3n, porque gracias a la innovaci\u00f3n y la tecnolog\u00eda, los pa\u00edses tienen ahora mayor capacidad para vigilar sus bosques e informar sobre ellos.<\/p>\n\n\n\n<p>En Panam\u00e1 recientemente se realiz\u00f3 un taller para validar el proyecto sobre los biomas de bosques cr\u00edticos en Dari\u00e9n y comarcas, para presentar al Fondo Mundial para el Medio Ambiente (GEF, por sus siglas en ingl\u00e9s), con la presencia de t\u00e9cnicos y miembros de la sociedad civil, organizado por el Ministerio de Ambiente (MiAMBIENTE) con el apoyo t\u00e9cnico de la Organizaci\u00f3n de las Naciones Unidas para la Alimentaci\u00f3n y la Agricultura (FAO).<\/p>\n\n\n\n<p>De acuerdo con MiAmbiente, el proyecto se implementar\u00e1 en la regi\u00f3n forestal de Dari\u00e9n y Comarcas, uno de los Paisajes Forestales Intactos (PFI) m\u00e1s grande de Mesoam\u00e9rica, con altos niveles de biodiversidad de importancia mundial y reservas de carbono sustanciales. La regi\u00f3n administrativa del Dari\u00e9n consta de aproximadamente un mill\u00f3n de hect\u00e1reas de bosques y otras tierras boscosas, 7 mil hect\u00e1reas de pastizales y 1 hect\u00e1reas de tierras de cultivo.<\/p>\n\n\n\n<p>La iniciativa se enfocar\u00e1 en cuatro tareas fundamentales, como lo son la conservaci\u00f3n y restauraci\u00f3n para fortalecer la gobernanza, gesti\u00f3n y la aplicaci\u00f3n de las \u00e1reas protegidas; establecimiento de marcos legales y regulatorios; generaci\u00f3n de mecanismos y capacidades de mercado\/finanzas y finalmente, aprendizaje coordinado y mejorado incluyendo la cooperaci\u00f3n regional para incrementar las capacidades, el conocimiento y el acceso a la informaci\u00f3n.<\/p>\n","protected":false},"excerpt":{"rendered":"<p>El D\u00eda Internacional de los Bosques se celebra el 21 de marzo y su principal objetivo, es crear conciencia de la importancia de cuidar y preservar todas las \u00e1reas forestales del planeta y con ello la supervivencia de todas las especies. La fecha se eligi\u00f3 porque el 21 de marzo coincide con la entrada de [&hellip;]<\/p>\n","protected":false},"author":1,"featured_media":15421,"comment_status":"open","ping_status":"open","sticky":false,"template":"","format":"standard","meta":[],"categories":[44],"tags":[],"_links":{"self":[{"href":"https:\/\/www.thevisitorpanama.info\/esp\/wp-json\/wp\/v2\/posts\/15419"}],"collection":[{"href":"https:\/\/www.thevisitorpanama.info\/esp\/wp-json\/wp\/v2\/posts"}],"about":[{"href":"https:\/\/www.thevisitorpanama.info\/esp\/wp-json\/wp\/v2\/types\/post"}],"author":[{"embeddable":true,"href":"https:\/\/www.thevisitorpanama.info\/esp\/wp-json\/wp\/v2\/users\/1"}],"replies":[{"embeddable":true,"href":"https:\/\/www.thevisitorpanama.info\/esp\/wp-json\/wp\/v2\/comments?post=15419"}],"version-history":[{"count":1,"href":"https:\/\/www.thevisitorpanama.info\/esp\/wp-json\/wp\/v2\/posts\/15419\/revisions"}],"predecessor-version":[{"id":15420,"href":"https:\/\/www.thevisitorpanama.info\/esp\/wp-json\/wp\/v2\/posts\/15419\/revisions\/15420"}],"wp:featuredmedia":[{"embeddable":true,"href":"https:\/\/www.thevisitorpanama.info\/esp\/wp-json\/wp\/v2\/media\/15421"}],"wp:attachment":[{"href":"https:\/\/www.thevisitorpanama.info\/esp\/wp-json\/wp\/v2\/media?parent=15419"}],"wp:term":[{"taxonomy":"category","embeddable":true,"href":"https:\/\/www.thevisitorpanama.info\/esp\/wp-json\/wp\/v2\/categories?post=15419"},{"taxonomy":"post_tag","embeddable":true,"href":"https:\/\/www.thevisitorpanama.info\/esp\/wp-json\/wp\/v2\/tags?post=15419"}],"curies":[{"name":"wp","href":"https:\/\/api.w.org\/{rel}","templated":true}]}}