{"id":15377,"date":"2024-03-15T21:08:27","date_gmt":"2024-03-16T02:08:27","guid":{"rendered":"https:\/\/www.thevisitorpanama.info\/esp\/?p=15377"},"modified":"2024-03-15T21:59:07","modified_gmt":"2024-03-16T02:59:07","slug":"nata-de-los-caballeros-sera-sede-de-feria-de-la-cebolla-y-el-tomate-del-17-al-21-de-abril","status":"publish","type":"post","link":"https:\/\/www.thevisitorpanama.info\/esp\/2024\/03\/15\/nata-de-los-caballeros-sera-sede-de-feria-de-la-cebolla-y-el-tomate-del-17-al-21-de-abril\/","title":{"rendered":"En Nat\u00e1 de los Caballeros se Realizar\u00e1 la Primera Feria de la Cebolla y el Tomate"},"content":{"rendered":"\n<p>Esta feria de la cebolla y el tomate se desarrollar\u00e1 del 17 al 21 de abril del 2024. El pueblo y los organizadores esperan que esta actividad redunde en beneficios no solamente para Cocl\u00e9 sino para todas las provincias centrales.<\/p>\n\n\n\n<p>Nata de los Caballeros abrir\u00e1 sus puertas al p\u00fablico para ofrecer lo mejor de su cultura y tradiciones, ambas arraigadas a la relaci\u00f3n del hombre y l naturaleza. <\/p>\n\n\n\n<p>Las provincias centrales se han caracterizado por ser un corredor agroalimentario que junto al turismo han dinamizado a la regi\u00f3n. <\/p>\n\n\n\n<p>Esta \u00e1rea es una zona rica en actividad cultural como cosecha de algunos rubros como la cebolla y el tomate. Desde hace algunos a\u00f1os en la regi\u00f3n natariega los productores se han unido voluntariamente tratando siempre de dar la mejor cara de la zona.<\/p>\n\n\n\n<p>En este marco y en una de las estaciones donde se incentiva la visita a estos sitios como el turismo local se organiza por parte de las fuerzas vivas de nata de los caballeros la feria de la cebolla y el tomate. Esta actividad busca acrecentar la yapujante relaci\u00f3n entre el productor y la tierra.<\/p>\n","protected":false},"excerpt":{"rendered":"<p>Esta feria de la cebolla y el tomate se desarrollar\u00e1 del 17 al 21 de abril del 2024. El pueblo y los organizadores esperan que esta actividad redunde en beneficios no solamente para Cocl\u00e9 sino para todas las provincias centrales. Nata de los Caballeros abrir\u00e1 sus puertas al p\u00fablico para ofrecer lo mejor de su [&hellip;]<\/p>\n","protected":false},"author":1,"featured_media":15380,"comment_status":"open","ping_status":"open","sticky":false,"template":"","format":"standard","meta":[],"categories":[69],"tags":[],"_links":{"self":[{"href":"https:\/\/www.thevisitorpanama.info\/esp\/wp-json\/wp\/v2\/posts\/15377"}],"collection":[{"href":"https:\/\/www.thevisitorpanama.info\/esp\/wp-json\/wp\/v2\/posts"}],"about":[{"href":"https:\/\/www.thevisitorpanama.info\/esp\/wp-json\/wp\/v2\/types\/post"}],"author":[{"embeddable":true,"href":"https:\/\/www.thevisitorpanama.info\/esp\/wp-json\/wp\/v2\/users\/1"}],"replies":[{"embeddable":true,"href":"https:\/\/www.thevisitorpanama.info\/esp\/wp-json\/wp\/v2\/comments?post=15377"}],"version-history":[{"count":3,"href":"https:\/\/www.thevisitorpanama.info\/esp\/wp-json\/wp\/v2\/posts\/15377\/revisions"}],"predecessor-version":[{"id":15381,"href":"https:\/\/www.thevisitorpanama.info\/esp\/wp-json\/wp\/v2\/posts\/15377\/revisions\/15381"}],"wp:featuredmedia":[{"embeddable":true,"href":"https:\/\/www.thevisitorpanama.info\/esp\/wp-json\/wp\/v2\/media\/15380"}],"wp:attachment":[{"href":"https:\/\/www.thevisitorpanama.info\/esp\/wp-json\/wp\/v2\/media?parent=15377"}],"wp:term":[{"taxonomy":"category","embeddable":true,"href":"https:\/\/www.thevisitorpanama.info\/esp\/wp-json\/wp\/v2\/categories?post=15377"},{"taxonomy":"post_tag","embeddable":true,"href":"https:\/\/www.thevisitorpanama.info\/esp\/wp-json\/wp\/v2\/tags?post=15377"}],"curies":[{"name":"wp","href":"https:\/\/api.w.org\/{rel}","templated":true}]}}