{"id":15323,"date":"2024-03-05T19:53:28","date_gmt":"2024-03-06T00:53:28","guid":{"rendered":"https:\/\/www.thevisitorpanama.info\/esp\/?p=15323"},"modified":"2024-03-05T20:05:56","modified_gmt":"2024-03-06T01:05:56","slug":"inauguran-expocomer-expo-logistica-panama-expo-turismo-y-expofranquicia","status":"publish","type":"post","link":"https:\/\/www.thevisitorpanama.info\/esp\/2024\/03\/05\/inauguran-expocomer-expo-logistica-panama-expo-turismo-y-expofranquicia\/","title":{"rendered":"Inauguran EXPOCOMER, EXPO LOG\u00cdSTICA PANAM\u00c1, EXPO TURISMO y EXPOFRANQUICIA"},"content":{"rendered":"\n<p>Con la inauguraci\u00f3n de estos importantes eventos se consolidan como la plataforma y punto de encuentro y conexi\u00f3n para promover oportunidades de negocios e inversi\u00f3n de Panam\u00e1 con el resto del mundo y viceversa.<\/p>\n\n\n\n<p>Teniendo como meta para este a\u00f1o, recibir cerca de 15 mil visitantes entre las cuatro exposiciones comerciales, la C\u00e1mara de Comercio, Industrias y Agricultura de Panam\u00e1 (CCIAP) principal gremio del sector privado que cuenta con una trayectoria de 40 a\u00f1os en organizar este evento de tal magnitud, espera que los m\u00e1s de mil empresarios que representan a las casi 700 empresas de los cinco continentes en el Panam\u00e1 Convention Center, Amador, puedan generar negocios y el intercambio comercial para sus distintas econom\u00edas.<\/p>\n\n\n\n<p>El acto de inauguraci\u00f3n de estas exhibiciones comercial, log\u00edstica, turismo y franquicia cont\u00f3 con la participaci\u00f3n de Laurentino Cortizo, presidente de la Rep\u00fablica de Panam\u00e1; Andr\u00e9s L\u00f3pez Valderrama, presidente ejecutivo de Corferias (principal entidad ferial de la Regi\u00f3n Andina, el Caribe y el Arco del Pac\u00edfico Latinoamericano) con m\u00e1s de 18 a\u00f1os de experiencia en el campo ferial, quien fue el orador de fondo; Jorge Rivera Staff, ministro de Comercio e Industrias; Adolfo F\u00e1brega, presidente de la CCIAP; Jose Ram\u00f3n Icaza, presidente de la Comisi\u00f3n Organizadora de Exposiciones y Eventos del gremio empresarial.<\/p>\n\n\n\n<figure class=\"wp-block-image size-full\"><img decoding=\"async\" loading=\"lazy\" width=\"1500\" height=\"842\" src=\"https:\/\/www.thevisitorpanama.info\/esp\/wp-content\/uploads\/2024\/03\/Compress_20240305_195526_6983.jpg\" alt=\"\" class=\"wp-image-15329\" srcset=\"https:\/\/www.thevisitorpanama.info\/esp\/wp-content\/uploads\/2024\/03\/Compress_20240305_195526_6983.jpg 1500w, https:\/\/www.thevisitorpanama.info\/esp\/wp-content\/uploads\/2024\/03\/Compress_20240305_195526_6983-768x431.jpg 768w\" sizes=\"(max-width: 1500px) 100vw, 1500px\" \/><\/figure>\n\n\n\n<p>Tambi\u00e9n se le sumaron en la mesa principal Manuel Jos\u00e9 Paredes, presidente de EXPO LOG\u00cdSTICA PANAM\u00c1; Eduardo Ortega-Barr\u00eda, Secretario Nacional de Ciencia, Tecnolog\u00eda e Innovaci\u00f3n y Karol Fallas, directora ejecutiva del Centro Nacional de Franquicias de Costa Rica. As\u00ed como, autoridades del Gobierno Nacional, cuerpo diplom\u00e1tico acreditado en Panam\u00e1, ministros de Estados, empresas expositoras e invitados especiales.<\/p>\n\n\n\n<p>Adolfo F\u00e1brega, presidente de la CCIAP expres\u00f3 \u201cPanam\u00e1 se encuentra en momentos de cambios, la ejecuci\u00f3n de estrategias que nos permitan evolucionar y diversificar nuestra econom\u00eda hacia un desarrollo equitativo y sostenible son claves para el futuro, por lo que una vez m\u00e1s la C\u00e1mara de Comercio, Industrias y Agricultura de Panam\u00e1 presenta su compromiso de seguir contribuyendo y construyendo en esa direcci\u00f3n\u201d.<\/p>\n\n\n\n<p>De igual forma dijo \u201ccomo gremio comprometido en promover las relaciones de Panam\u00e1 con el mundo, hoy presentamos ante la cerca de 30 pa\u00edses que nos acompa\u00f1an en estos d\u00edas, una naci\u00f3n abierta y dispuesta a trabajar de la mano de naciones amigas, sumando esfuerzos con todos aquellos con los que compartimos los valores democr\u00e1ticos y de libre mercado para salir adelante de los retos que nos presenta la actualidad y construir un futuro com\u00fan de cooperaci\u00f3n y colaboraci\u00f3n\u201d.<\/p>\n\n\n\n<figure class=\"wp-block-image size-full\"><img decoding=\"async\" loading=\"lazy\" width=\"1500\" height=\"842\" src=\"https:\/\/www.thevisitorpanama.info\/esp\/wp-content\/uploads\/2024\/03\/Compress_20240305_195526_6753.jpg\" alt=\"\" class=\"wp-image-15331\" srcset=\"https:\/\/www.thevisitorpanama.info\/esp\/wp-content\/uploads\/2024\/03\/Compress_20240305_195526_6753.jpg 1500w, https:\/\/www.thevisitorpanama.info\/esp\/wp-content\/uploads\/2024\/03\/Compress_20240305_195526_6753-768x431.jpg 768w\" sizes=\"(max-width: 1500px) 100vw, 1500px\" \/><\/figure>\n\n\n\n<p>El presidente de la CCIAP indic\u00f3 \u201cdesde hoy hasta el 7 de marzo, estoy seguro tendremos m\u00faltiples momentos para identificar sinergias y oportunidades de colaboraci\u00f3n que esperamos se concreten y traduzcan en esas realidades que generan prosperidad. Por 40 a\u00f1os, as\u00ed lo hemos promovido desde Expocomer y en este acto inaugural queremos reiterar nuestra disposici\u00f3n de continuar trabajando en esa direcci\u00f3n con todos los pa\u00edses aqu\u00ed representados y aquellos que durante estas cuatro d\u00e9cadas nos han acompa\u00f1ado\u201d, agreg\u00f3.<\/p>\n\n\n\n<p>En tanto, Jose Ram\u00f3n Icaza, presidente de la Comisi\u00f3n Organizadora de Exposiciones y eventos de la CCIAP, se\u00f1al\u00f3 \u201choy es un d\u00eda especial porque el evento insignia nuestro gremio, EXPOCOMER celebra su aniversario rub\u00ed, un hito important\u00edsimo al cumplir cuatro d\u00e9cadas de promover Panam\u00e1 como el punto de encuentro obligatorio anual para empresarios de m\u00faltiples de pa\u00edses de todos los continentes\u201d.<\/p>\n\n\n\n<p>Entendiendo la evoluci\u00f3n de los tiempos y en el marco de este aniversario, hoy les presentamos las Expos de la C\u00e1mara en su versi\u00f3n 2024 desde otra \u00f3ptica, vistos con unos nuevos lentes. Por ello, Icaza destac\u00f3 que por tres d\u00edas se presentar\u00e1 una experiencia totalmente distinta. Es decir, todo aquel que llegue al Panama Convention Center en estos d\u00edas podr\u00e1 vivir ese Panam\u00e1 que est\u00e1 listo para recibir al turista, ofrecerle una experiencia para todos los gustos, gracias a la extraordinaria riqueza y diversidad de su patrimonio natural y cultural, y a la calidad de sus servicios. En otras palabras, el recibimiento ser\u00e1 que \u00a1Panam\u00e1, Vive por M\u00e1s!, agreg\u00f3 Icaza.<\/p>\n\n\n\n<p>Mientras tanto, Andr\u00e9s L\u00f3pez Valderrama, presidente ejecutivo de Corferias, ilustro sobre la experiencia que tienen en este Centro Internacional de Negocios y Exposiciones con el prop\u00f3sito de promover el desarrollo, la econom\u00eda y el conocimiento para las diversas industrias de su pa\u00eds.<\/p>\n\n\n\n<figure class=\"wp-block-image size-full\"><img decoding=\"async\" loading=\"lazy\" width=\"2000\" height=\"1500\" src=\"https:\/\/www.thevisitorpanama.info\/esp\/wp-content\/uploads\/2024\/03\/Compress_20240305_195528_8487.jpg\" alt=\"\" class=\"wp-image-15333\" srcset=\"https:\/\/www.thevisitorpanama.info\/esp\/wp-content\/uploads\/2024\/03\/Compress_20240305_195528_8487.jpg 2000w, https:\/\/www.thevisitorpanama.info\/esp\/wp-content\/uploads\/2024\/03\/Compress_20240305_195528_8487-768x576.jpg 768w, https:\/\/www.thevisitorpanama.info\/esp\/wp-content\/uploads\/2024\/03\/Compress_20240305_195528_8487-1536x1152.jpg 1536w, https:\/\/www.thevisitorpanama.info\/esp\/wp-content\/uploads\/2024\/03\/Compress_20240305_195528_8487-80x60.jpg 80w, https:\/\/www.thevisitorpanama.info\/esp\/wp-content\/uploads\/2024\/03\/Compress_20240305_195528_8487-100x75.jpg 100w, https:\/\/www.thevisitorpanama.info\/esp\/wp-content\/uploads\/2024\/03\/Compress_20240305_195528_8487-180x135.jpg 180w, https:\/\/www.thevisitorpanama.info\/esp\/wp-content\/uploads\/2024\/03\/Compress_20240305_195528_8487-238x178.jpg 238w\" sizes=\"(max-width: 2000px) 100vw, 2000px\" \/><\/figure>\n\n\n\n<p>En el marco del acto de inauguraci\u00f3n, se reconoci\u00f3 a los presidentes de Expocomer durante estos \u00faltimos a\u00f1os. Adem\u00e1s, se hizo un homenaje p\u00f3stumo a alguno de estos, tales como: expresidentes Juan Jos\u00e9 Garc\u00eda, primer presidente de Expocomer en 1983 -1984, Dominador Kayser Baz\u00e1n, hombre de negocios visionario quien junto al Se\u00f1or Garc\u00eda dieron forma a la Vitrina del Comercio Mundial y presidi\u00f3 la exposici\u00f3n en 1985, Jos\u00e9 Reyes, presidi\u00f3 la comisi\u00f3n organizadora de Expocomer entre 1986 y 1987.<\/p>\n\n\n\n<p>EXPOCOMER, EXPO LOG\u00cdSTICA PANAM\u00c1, EXPO TURISMO Internacional y EXPOFRANQUICIA tendr\u00e1n como escenario el Panama Convention Center, ubicado estrat\u00e9gicamente en la ribera del Canal de Panam\u00e1, en la Calzada de Amador.<\/p>\n\n\n\n<p>EXPOCOMER<\/p>\n\n\n\n<p>\u201cLa Vitrina del Comercio Mundial\u201d, como se le conoce a EXPOCOMER, es la principal feria comercial de Panam\u00e1 y la regi\u00f3n, la cual busca fortalecer los negocios y promover el intercambio comercial entre los sectores empresariales de m\u00e1s de 25 pa\u00edses.<\/p>\n\n\n\n<p>EXPOCOMER, la principal feria multisectorial de Am\u00e9rica Latina, m\u00e1s que un evento pa\u00eds, ha sido gran generador de aportes a la econom\u00eda local, directa e indirecta en muchas direcciones. A pesar de la dif\u00edcil situaci\u00f3n econ\u00f3mica por la que est\u00e1n pasando muchos pa\u00edses, esta exhibici\u00f3n sigue siendo una herramienta valiosa para generar un escenario para promover las oportunidades de negocios e intercambio comercial entre sus participantes.<\/p>\n\n\n\n<figure class=\"wp-block-image size-full\"><img decoding=\"async\" loading=\"lazy\" width=\"1500\" height=\"842\" src=\"https:\/\/www.thevisitorpanama.info\/esp\/wp-content\/uploads\/2024\/03\/Compress_20240305_195527_7112-1.jpg\" alt=\"\" class=\"wp-image-15334\" srcset=\"https:\/\/www.thevisitorpanama.info\/esp\/wp-content\/uploads\/2024\/03\/Compress_20240305_195527_7112-1.jpg 1500w, https:\/\/www.thevisitorpanama.info\/esp\/wp-content\/uploads\/2024\/03\/Compress_20240305_195527_7112-1-768x431.jpg 768w\" sizes=\"(max-width: 1500px) 100vw, 1500px\" \/><\/figure>\n\n\n\n<p>En su edici\u00f3n n\u00famero cuarenta, se espera la participaci\u00f3n de 600 empresas de m\u00e1s de 25 pa\u00edses de Am\u00e9rica, el Caribe, Europa y Asia, que acuden a este evento para aprovechar las oportunidades de presentar sus productos en las categor\u00edas de alimentos, bebidas y productos agropecuarios; textiles, ropa y accesorios; tecnolog\u00eda y electr\u00f3nicos; que representan a sus pa\u00edses.<\/p>\n\n\n\n<p>Pa\u00edses confirmados<\/p>\n\n\n\n<p>EXPOCOMER 2024 cuenta con 600 m\u00f3dulos que concentrar\u00e1n a empresarios de 25 pa\u00edses de los 5 continentes como: Antillas Holandesas, Argentina, Barbados, Brasil, Canad\u00e1, Chile, Colombia, Corea, Costa Rica, Cuba, Ecuador, El Salvador, Emiratos \u00c1rabes, Estados Unidos, Francia, Guatemala, Hait\u00ed, Holanda, Indonesia, Irlanda, Indonesia, Isla Caim\u00e1n, Jamaica, M\u00e9xico, Panam\u00e1, Paraguay, Per\u00fa, Rep\u00fablica Dominicana, Rep\u00fablica Popular China, Taiw\u00e1n, Trinidad y Tobago, Turqu\u00eda, Uruguay y Venezuela.<\/p>\n\n\n\n<p>Al mismo tiempo, se espera la participaci\u00f3n de delegaciones conformadas por centenares de compradores internacionales que formar\u00e1n parte de las Ruedas de Negocios, Argentina, Bolivia, Brasil, Canad\u00e1, Chile, Colombia, Costa Rica, Rep\u00fablica Dominicana, Ecuador, El Salvador, Espa\u00f1a, Estados Unidos, Guatemala, Honduras, Jamaica, M\u00e9xico, Nicaragua, Panam\u00e1, Paraguay, Per\u00fa, Puerto Rico, Rep\u00fablica Dominicana, Rusia y Uruguay. Tambi\u00e9n participan otros pa\u00edses que normalmente visitan el \u00e1rea de exhibici\u00f3n.<\/p>\n\n\n\n<p>Por otro lado, las misiones comerciales est\u00e1n integradas por las siguientes agrupaciones: C\u00e1mara de Comercio de Guatemala, C\u00e1mara Peruano Paname\u00f1o, C\u00e1mara de Comercio Exterior de Costa Rica (CRECEX), PROCOMER El Salvador, C\u00e1mara del Pacifico de Colombia, y C\u00e1maras de Comercio de M\u00e9xico entre otras.<\/p>\n\n\n\n<figure class=\"wp-block-image size-full\"><img decoding=\"async\" loading=\"lazy\" width=\"1500\" height=\"2000\" src=\"https:\/\/www.thevisitorpanama.info\/esp\/wp-content\/uploads\/2024\/03\/Compress_20240305_195528_8232-1.jpg\" alt=\"\" class=\"wp-image-15335\" srcset=\"https:\/\/www.thevisitorpanama.info\/esp\/wp-content\/uploads\/2024\/03\/Compress_20240305_195528_8232-1.jpg 1500w, https:\/\/www.thevisitorpanama.info\/esp\/wp-content\/uploads\/2024\/03\/Compress_20240305_195528_8232-1-768x1024.jpg 768w, https:\/\/www.thevisitorpanama.info\/esp\/wp-content\/uploads\/2024\/03\/Compress_20240305_195528_8232-1-1152x1536.jpg 1152w\" sizes=\"(max-width: 1500px) 100vw, 1500px\" \/><\/figure>\n\n\n\n<p>EXPO LOG\u00cdSTICA PANAM\u00c1<\/p>\n\n\n\n<p>Esta exhibici\u00f3n de log\u00edstica, organizada desde hace 16 a\u00f1os en alianza estrat\u00e9gica entre la CCIAP y la Secretar\u00eda Nacional de Ciencia, Tecnolog\u00eda e Innovaci\u00f3n (SENACYT), promueve al pa\u00eds como uno de los facilitadores log\u00edsticos m\u00e1s importantes de la regi\u00f3n, dando lugar a nuevas oportunidades para presentar las \u00faltimas tendencias en el desarrollo de la industria.<br>EXPO LOG\u00cdSTICA PANAM\u00c1 es un ejemplar esfuerzo conjunto del sector privado y gubernamental, creada para promocionar a Panam\u00e1 como una importante ruta log\u00edstica por su privilegiada posici\u00f3n geogr\u00e1fica, a fin de que esta industria contin\u00fae creciendo de manera din\u00e1mica e innovadora, se\u00f1al\u00f3 Manuel Jos\u00e9 Paredes, presidente de esta feria.<\/p>\n\n\n\n<p>En esta feria, empresas nacionales e internacionales presentar\u00e1n su amplia gama de productos y servicios, en el \u00e1rea tecnol\u00f3gica, desarrolladores de software y aplicaciones, agentes transitarios y de aerol\u00edneas, adem\u00e1s de representantes de agencias de cargas y almacenaje, fabricantes de equipos y maquinaria, entre otros.<\/p>\n\n\n\n<p>Adem\u00e1s, con el prop\u00f3sito de potenciar la conexi\u00f3n del pa\u00eds como \u201ccentro de operaciones\u201d log\u00edstico mediante la exposici\u00f3n de las tendencias tecnol\u00f3gicas del mercado y facilitar la actualizaci\u00f3n profesional sobre el desarrollo de la industria. Por ello, se desarrollar\u00e1 el Congreso Especializado \u201cLa Re-globalizaci\u00f3n y su impacto en el movimiento transfronterizo de mercanc\u00edas\u201d.<br>En su edici\u00f3n n\u00famero 16, se espera la participaci\u00f3n de 100 empresas y expositores nacionales e internacionales relacionada a las categor\u00edas de servicios de transporte, operadores log\u00edsticos, infraestructura y tecnolog\u00eda.<\/p>\n\n\n\n<p>Sumado a la exhibici\u00f3n donde las empresas presentan las \u00faltimas tendencias tecnol\u00f3gicas y de innovaci\u00f3n, se contempla desarrollar conferencias, Networking y paneles de discusi\u00f3n sobre el sector.<\/p>\n\n\n\n<p>La exhibici\u00f3n va dirigida a los usuarios de log\u00edstica, como por ejemplo las empresas importadoras, supermercados y tiendas por departamento, que manejan un alto volumen de mercanc\u00eda.<\/p>\n\n\n\n<figure class=\"wp-block-image size-full\"><img decoding=\"async\" loading=\"lazy\" width=\"2000\" height=\"1500\" src=\"https:\/\/www.thevisitorpanama.info\/esp\/wp-content\/uploads\/2024\/03\/Compress_20240305_195528_8487-1.jpg\" alt=\"\" class=\"wp-image-15336\" srcset=\"https:\/\/www.thevisitorpanama.info\/esp\/wp-content\/uploads\/2024\/03\/Compress_20240305_195528_8487-1.jpg 2000w, https:\/\/www.thevisitorpanama.info\/esp\/wp-content\/uploads\/2024\/03\/Compress_20240305_195528_8487-1-768x576.jpg 768w, https:\/\/www.thevisitorpanama.info\/esp\/wp-content\/uploads\/2024\/03\/Compress_20240305_195528_8487-1-1536x1152.jpg 1536w, https:\/\/www.thevisitorpanama.info\/esp\/wp-content\/uploads\/2024\/03\/Compress_20240305_195528_8487-1-80x60.jpg 80w, https:\/\/www.thevisitorpanama.info\/esp\/wp-content\/uploads\/2024\/03\/Compress_20240305_195528_8487-1-100x75.jpg 100w, https:\/\/www.thevisitorpanama.info\/esp\/wp-content\/uploads\/2024\/03\/Compress_20240305_195528_8487-1-180x135.jpg 180w, https:\/\/www.thevisitorpanama.info\/esp\/wp-content\/uploads\/2024\/03\/Compress_20240305_195528_8487-1-238x178.jpg 238w\" sizes=\"(max-width: 2000px) 100vw, 2000px\" \/><\/figure>\n\n\n\n<p>EXPO TURISMO INTERNACIONAL<\/p>\n\n\n\n<p>Una de las exhibiciones feriales que la CCIAP desarrolla es EXPO TURISMO Internacional. En su d\u00e9cima tercera edici\u00f3n, busca impulsar la reactivaci\u00f3n y promover el crecimiento de la industria tur\u00edstica tanto de Panam\u00e1 como de la regi\u00f3n, explic\u00f3 Gabriel Barletta, presidente de esta exhibici\u00f3n tur\u00edstica.<\/p>\n\n\n\n<p>Adem\u00e1s, esta feria genera el escenario para que expositores se contacten con compradores, turoperadores y potenciales viajeros interesados en la oferta tur\u00edstica latinoamericana. A su vez, constituye una oportunidad para que organizadores de congresos tengan acceso a la oferta de servicios para el desarrollo de futuros eventos.<\/p>\n\n\n\n<p>Para esta versi\u00f3n, en el \u00e1rea de exhibici\u00f3n estaremos impulsando los destinos tur\u00edsticos prioritarios, que fueron incluidos en el Plan Maestro de Turismo Sostenible promovido por la Autoridad de Turismo de Panam\u00e1 (ATP).<\/p>\n\n\n\n<p>Adicionalmente, se gestiona la participaci\u00f3n de empresas compradoras extranjeras enfocadas en \u201cMICE\u201d (Meeting, Incentives, Conferences and Exhibitions\/Events) y en experiencias tur\u00edsticas (aventuras, salud, compras) siendo para esta versi\u00f3n el \u00e9nfasis en compradores del segmento de \u201cLEISURE\u201d (ocio y esparcimiento), as\u00ed como empresas nacionales e internacionales de l\u00edneas a\u00e9reas, ministerios de Turismo, operadores tur\u00edsticos, hoteles y otros establecimientos de hospedajes (resorts de playa, deporte, selva y monta\u00f1as), bureau de convenciones, agencias de viaje y centros comerciales, entre otros ser\u00e1n los expositores en esta versi\u00f3n n\u00famero 13.<\/p>\n\n\n\n<p>Cerca de 75 empresas formar\u00e1n parte de la sala de exhibici\u00f3n, que recibir\u00e1n a compradores internacionales con el prop\u00f3sito de presentar la oferta tur\u00edstica nacional, principalmente.<\/p>\n\n\n\n<p>Sumado a lo anterior, el Fondo de Promoci\u00f3n Tur\u00edstica de Panam\u00e1 (PROMTUR) promover\u00e1 las experiencias tur\u00edsticas innovadoras de Panam\u00e1, enfocadas en la sostenibilidad, destacando la rica historia, cultura, belleza natural y lugares remotos del istmo paname\u00f1o, que se experimentan a trav\u00e9s de las rutas patrimoniales del destino, organizadas a trav\u00e9s de tres pilares \u2013 patrimonio cultural (cultura multifac\u00e9tica), patrimonio verde (extraordinaria biodiversidad) y patrimonio azul (maravillas del oc\u00e9ano).<\/p>\n\n\n\n<p>As\u00ed como se aprovechar\u00e1 la plataforma de esta exhibici\u00f3n para llevar a cabo conferencias magistrales sobre c\u00f3mo promocionar el destino a trav\u00e9s de su marca tur\u00edstica \u201cPanam\u00e1, Vive por M\u00e1s\u201d.<\/p>\n\n\n\n<p>Tambi\u00e9n se les organizar\u00e1 a los compradores internacionales post-tours en diversos sitios tur\u00edsticos de Panam\u00e1, para que conozcan de primera mano las experiencias, productos y servicios que ofrece Panam\u00e1.<\/p>\n\n\n\n<figure class=\"wp-block-image size-full\"><img decoding=\"async\" loading=\"lazy\" width=\"2000\" height=\"1500\" src=\"https:\/\/www.thevisitorpanama.info\/esp\/wp-content\/uploads\/2024\/03\/Compress_20240305_195527_7869-1.jpg\" alt=\"\" class=\"wp-image-15337\" srcset=\"https:\/\/www.thevisitorpanama.info\/esp\/wp-content\/uploads\/2024\/03\/Compress_20240305_195527_7869-1.jpg 2000w, https:\/\/www.thevisitorpanama.info\/esp\/wp-content\/uploads\/2024\/03\/Compress_20240305_195527_7869-1-768x576.jpg 768w, https:\/\/www.thevisitorpanama.info\/esp\/wp-content\/uploads\/2024\/03\/Compress_20240305_195527_7869-1-1536x1152.jpg 1536w, https:\/\/www.thevisitorpanama.info\/esp\/wp-content\/uploads\/2024\/03\/Compress_20240305_195527_7869-1-80x60.jpg 80w, https:\/\/www.thevisitorpanama.info\/esp\/wp-content\/uploads\/2024\/03\/Compress_20240305_195527_7869-1-100x75.jpg 100w, https:\/\/www.thevisitorpanama.info\/esp\/wp-content\/uploads\/2024\/03\/Compress_20240305_195527_7869-1-180x135.jpg 180w, https:\/\/www.thevisitorpanama.info\/esp\/wp-content\/uploads\/2024\/03\/Compress_20240305_195527_7869-1-238x178.jpg 238w\" sizes=\"(max-width: 2000px) 100vw, 2000px\" \/><\/figure>\n\n\n\n<p>EXPOFRANQUICIA<\/p>\n\n\n\n<p>Esta feria oficial de franquicias es organizada por la C\u00e1mara de Comercio de Costa Ric8a, el Centro Nacional de Franquicias (CENAF) y la C\u00e1mara de Comercio, Industrias y Agricultura de Panam\u00e1 (CCIAP), con el objetivo de promover las opciones de franquicias nacionales e internacionales que est\u00e1n disponibles como oportunidades de negocio para invertir en la regi\u00f3n.<\/p>\n\n\n\n<p>En su edici\u00f3n n\u00famero 15, esta exhibici\u00f3n regional especializada en el sector de franquicias con car\u00e1cter internacional contar\u00e1 con visitantes de diferentes partes del mundo que desarrollan negocios en este perfil de inter\u00e9s.<\/p>\n\n\n\n<p>M\u00e1s de 30 marcas participantes con expositores de pa\u00edses Centroamericanos, entre otros, forman parte de esa feria que contempla, adem\u00e1s, charlas especializadas e innovadoras en el sector.<\/p>\n\n\n\n<p>Eventos paralelos<\/p>\n\n\n\n<p>Como valor agregado, durante esta exhibici\u00f3n se desarrollar\u00e1n diversas actividades paralelas como foros, premiaciones, Networking, congresos sobre temas de inter\u00e9s y actualidad para los empresarios con temas econ\u00f3micos, log\u00edsticos, mercadeo, as\u00ed como de oportunidades de negocios, entre otros, en donde se espera la participaci\u00f3n de m\u00e1s de 50 especialistas nacionales e internacionales, de gran inter\u00e9s para el sector empresarial. Entre estas destacan:<br>Novena Rueda Internacional de Negocios de Expocomer<br>En el \u00e1rea de log\u00edstica se llevar\u00e1 a cabo el Congreso La \u201cRe-globalizaci\u00f3n y su impacto en el movimiento transfronterizo de mercanc\u00edas\u201d.<br>Entrega del Premio Nacional a la Innovaci\u00f3n Empresarial 2023<br>1er CMO Summit para Latinoam\u00e9rica \u2013 Consumer Centric: transport\u00e1ndonos al futuro del conocimiento. &#8211; Marketing Trends<br>III Foro de Salud: Panam\u00e1 como centro de innovaci\u00f3n en salud: oportunidades para el desarrollo sostenible y econ\u00f3mico<br>2da edici\u00f3n Panama Fashion Forum 2024, pa\u00eds invitado Argentina. Organizado por la Autoridad para la Atracci\u00f3n de Inversiones y la Promoci\u00f3n de Exportaciones de Panam\u00e1 (PROPANAMA)<br>Con la The Latin Chamber of Commerce of the United States (CAMACOL) se llevar\u00e1 a cabo el Encuentro: \u201cOportunidades de Negocios desde Panam\u00e1 hacia la regi\u00f3n Iberoamericana\u201d.<\/p>\n\n\n\n<figure class=\"wp-block-image size-full is-resized\"><img decoding=\"async\" loading=\"lazy\" src=\"https:\/\/www.thevisitorpanama.info\/esp\/wp-content\/uploads\/2024\/03\/Compress_20240305_195528_8751-1.jpg\" alt=\"\" class=\"wp-image-15338\" width=\"334\" height=\"250\" srcset=\"https:\/\/www.thevisitorpanama.info\/esp\/wp-content\/uploads\/2024\/03\/Compress_20240305_195528_8751-1.jpg 2000w, https:\/\/www.thevisitorpanama.info\/esp\/wp-content\/uploads\/2024\/03\/Compress_20240305_195528_8751-1-768x576.jpg 768w, https:\/\/www.thevisitorpanama.info\/esp\/wp-content\/uploads\/2024\/03\/Compress_20240305_195528_8751-1-1536x1152.jpg 1536w, https:\/\/www.thevisitorpanama.info\/esp\/wp-content\/uploads\/2024\/03\/Compress_20240305_195528_8751-1-80x60.jpg 80w, https:\/\/www.thevisitorpanama.info\/esp\/wp-content\/uploads\/2024\/03\/Compress_20240305_195528_8751-1-100x75.jpg 100w, https:\/\/www.thevisitorpanama.info\/esp\/wp-content\/uploads\/2024\/03\/Compress_20240305_195528_8751-1-180x135.jpg 180w, https:\/\/www.thevisitorpanama.info\/esp\/wp-content\/uploads\/2024\/03\/Compress_20240305_195528_8751-1-238x178.jpg 238w\" sizes=\"(max-width: 334px) 100vw, 334px\" \/><\/figure>\n\n\n\n<p><br>Conferencias sobre Turismo organizada con el apoyo de PROMTUR<br>Foro &#8220;C\u00f3mo aprovechar las oportunidades del TPC Estados Unidos \u2013 Panam\u00e1<br>Junto con el Ministerio de Cultura se desarrollar\u00e1n conferencias sobre Industrias Creativas.<br>Networking CCIAP\/Reconocimiento a empresa por su trayectoria en el gremio<\/p>\n\n\n\n<p>Concurso de prensa y contenidos expos 2024<\/p>\n\n\n\n<p>Tambi\u00e9n los organizadores anunciaron el Concurso de Prensa y contenidos sobre las Expos CCIAP 2024: Panam\u00e1 epicentro de encuentros internacionales\u201d.<\/p>\n\n\n\n<p>El concurso convoca a todos los medios de comunicaci\u00f3n de prensa, audiovisual y electr\u00f3nica; as\u00ed como creadores de contenido en redes sociales y podcast (X, Facebook, Instagram, YouTube y\/o TikTok. Al igual que plataformas que permitan la publicaci\u00f3n de podcasts) en la Rep\u00fablica de Panam\u00e1 a participar con reportajes y videos que hayan hecho sobre las Expos 2024.<\/p>\n\n\n\n<figure class=\"wp-block-image size-full\"><img decoding=\"async\" loading=\"lazy\" width=\"1200\" height=\"1600\" src=\"https:\/\/www.thevisitorpanama.info\/esp\/wp-content\/uploads\/2024\/03\/IMG-20240305-WA0016.jpg\" alt=\"\" class=\"wp-image-15340\" srcset=\"https:\/\/www.thevisitorpanama.info\/esp\/wp-content\/uploads\/2024\/03\/IMG-20240305-WA0016.jpg 1200w, https:\/\/www.thevisitorpanama.info\/esp\/wp-content\/uploads\/2024\/03\/IMG-20240305-WA0016-768x1024.jpg 768w, https:\/\/www.thevisitorpanama.info\/esp\/wp-content\/uploads\/2024\/03\/IMG-20240305-WA0016-1152x1536.jpg 1152w\" sizes=\"(max-width: 1200px) 100vw, 1200px\" \/><\/figure>\n\n\n\n<p>Horario de las ferias<br>Del 5 al 7 de marzo, el horario de entrada para las cuatro exposiciones es de 9:00 a.m. a 7:00 p.m.<br>Costo de entrada<br>El costo de entrada tiene un valor de US$15.00 por 1 d\u00eda y US$ 25.00 por 3 d\u00edas, los cuales se pueden adquirir en panatickets o la taquilla del centro de convenciones. Esto permitir\u00e1 al visitante tener acceso a recorrer EXPOCOMER y EXPO LOG\u00cdSTICA PANAM\u00c1; as\u00ed como, EXPO TURISMO Internacional y EXPOFRANQUICIA. Estos cuatro eventos feriales se llevar\u00e1n de manera paralela con el fin de apalancarse y posicionarse como verdaderas vitrinas del comercio mundial, log\u00edstico, turismo y de franquicia.<br>Sobre la C\u00e1mara de Comercio, Industrias y Agricultura de Panam\u00e1<\/p>\n\n\n\n<p>La C\u00e1mara de Comercio, Industrias y Agricultura de Panam\u00e1 (CCIAP), principal gremio del sector privado fue fundada el 17 de mayo de 1915 con el prop\u00f3sito de \u201cpromover, conectar y defender a la empresa privada\u201d. Actualmente est\u00e1 conformada por m\u00e1s de 1,500 empresas, clasificadas en 15 sectores de la econom\u00eda nacional y trabaja activamente para procurar el crecimiento de la actividad comercial, industrial, agr\u00edcola y de servicios, adem\u00e1s, de cooperar en el estudio de los problemas econ\u00f3micos y sociales que afecten la econom\u00eda del pa\u00eds.<\/p>\n","protected":false},"excerpt":{"rendered":"<p>Con la inauguraci\u00f3n de estos importantes eventos se consolidan como la plataforma y punto de encuentro y conexi\u00f3n para promover oportunidades de negocios e inversi\u00f3n de Panam\u00e1 con el resto del mundo y viceversa. Teniendo como meta para este a\u00f1o, recibir cerca de 15 mil visitantes entre las cuatro exposiciones comerciales, la C\u00e1mara de Comercio, [&hellip;]<\/p>\n","protected":false},"author":1,"featured_media":15325,"comment_status":"open","ping_status":"open","sticky":false,"template":"","format":"standard","meta":[],"categories":[44],"tags":[],"_links":{"self":[{"href":"https:\/\/www.thevisitorpanama.info\/esp\/wp-json\/wp\/v2\/posts\/15323"}],"collection":[{"href":"https:\/\/www.thevisitorpanama.info\/esp\/wp-json\/wp\/v2\/posts"}],"about":[{"href":"https:\/\/www.thevisitorpanama.info\/esp\/wp-json\/wp\/v2\/types\/post"}],"author":[{"embeddable":true,"href":"https:\/\/www.thevisitorpanama.info\/esp\/wp-json\/wp\/v2\/users\/1"}],"replies":[{"embeddable":true,"href":"https:\/\/www.thevisitorpanama.info\/esp\/wp-json\/wp\/v2\/comments?post=15323"}],"version-history":[{"count":3,"href":"https:\/\/www.thevisitorpanama.info\/esp\/wp-json\/wp\/v2\/posts\/15323\/revisions"}],"predecessor-version":[{"id":15341,"href":"https:\/\/www.thevisitorpanama.info\/esp\/wp-json\/wp\/v2\/posts\/15323\/revisions\/15341"}],"wp:featuredmedia":[{"embeddable":true,"href":"https:\/\/www.thevisitorpanama.info\/esp\/wp-json\/wp\/v2\/media\/15325"}],"wp:attachment":[{"href":"https:\/\/www.thevisitorpanama.info\/esp\/wp-json\/wp\/v2\/media?parent=15323"}],"wp:term":[{"taxonomy":"category","embeddable":true,"href":"https:\/\/www.thevisitorpanama.info\/esp\/wp-json\/wp\/v2\/categories?post=15323"},{"taxonomy":"post_tag","embeddable":true,"href":"https:\/\/www.thevisitorpanama.info\/esp\/wp-json\/wp\/v2\/tags?post=15323"}],"curies":[{"name":"wp","href":"https:\/\/api.w.org\/{rel}","templated":true}]}}