{"id":14957,"date":"2024-01-24T20:43:50","date_gmt":"2024-01-25T01:43:50","guid":{"rendered":"https:\/\/www.thevisitorpanama.info\/esp\/?p=14957"},"modified":"2024-01-24T20:46:34","modified_gmt":"2024-01-25T01:46:34","slug":"festival-de-la-primavera-y-el-ano-nuevo-chino-de-celebraran-del-26-de-enero-al-25-de-febrero","status":"publish","type":"post","link":"https:\/\/www.thevisitorpanama.info\/esp\/2024\/01\/24\/festival-de-la-primavera-y-el-ano-nuevo-chino-de-celebraran-del-26-de-enero-al-25-de-febrero\/","title":{"rendered":"Festival de la Primavera y el A\u00f1o Nuevo Chino se Celebrar\u00e1n del 26 de Enero al 25 de Febrero"},"content":{"rendered":"\n<p>Del 26 de enero al 25 de febrero en Panam\u00e1 se festejar\u00e1 el Festival de la Primavera y el A\u00f1o Nuevo Chino, el cual es el a\u00f1o lunar 4722 o del drag\u00f3n de madera.<\/p>\n\n\n\n<p>La actividad es organizada por el Ministerio de Cultura, la Autoridad de Turismo de Panam\u00e1, conjuntamente con el Consejo Nacional de la Etnia China en Panam\u00e1 y con el apoyo de la Embajada de la Rep\u00fablica Popular.<\/p>\n\n\n\n<p>En esta celebraci\u00f3n participar\u00e1n las ciudades de David, Santiago, Aguadulce, Penonom\u00e9 y Nat\u00e1, adem\u00e1s de Bocas del Toro y la pen\u00ednsula de Azuero.<\/p>\n\n\n\n<figure class=\"wp-block-image size-full\"><img decoding=\"async\" loading=\"lazy\" width=\"1028\" height=\"1072\" src=\"https:\/\/www.thevisitorpanama.info\/esp\/wp-content\/uploads\/2024\/01\/Compress_20240124_204531_1035.jpg\" alt=\"\" class=\"wp-image-14961\" srcset=\"https:\/\/www.thevisitorpanama.info\/esp\/wp-content\/uploads\/2024\/01\/Compress_20240124_204531_1035.jpg 1028w, https:\/\/www.thevisitorpanama.info\/esp\/wp-content\/uploads\/2024\/01\/Compress_20240124_204531_1035-768x801.jpg 768w\" sizes=\"(max-width: 1028px) 100vw, 1028px\" \/><\/figure>\n\n\n\n<p>A lo largo del pa\u00eds se estar\u00e1n realizando esas actividades, que contribuir\u00e1n a la reactivaci\u00f3n econ\u00f3mica, al turismo y enriquecer\u00e1 la cultura chino-paname\u00f1a, destac\u00f3 el comunicado del Ministerio de Cultura.<\/p>\n\n\n\n<p>El evento principal del festival se llevar\u00e1 a cabo por tercera vez en el Parque V Centenario del 23 al 25 de febrero, en un horario de 3:00 p.m. a 9:30 p.m. y de entrada gratuita.<\/p>\n\n\n\n<p>Habr\u00e1 una feria de artesan\u00edas y recuerdos tradicionales chinos y paname\u00f1os. Adem\u00e1s, se contar\u00e1 con un \u00e1rea culinaria para el deguste de platos, espacio para ni\u00f1os y mascotas, shows culturales y musicales en escenarios con la participaci\u00f3n especial de los artistas Wilson Ching, Los Rabanes y Osvaldo Ayala.<\/p>\n\n\n\n<p>Por primera vez el p\u00fablico asistente podr\u00e1 disfrutar de la ceremonia del \u201cDespertar del Drag\u00f3n y se mantendr\u00e1 el muy esperado show de fuegos artificiales\u201d.<\/p>\n","protected":false},"excerpt":{"rendered":"<p>Del 26 de enero al 25 de febrero en Panam\u00e1 se festejar\u00e1 el Festival de la Primavera y el A\u00f1o Nuevo Chino, el cual es el a\u00f1o lunar 4722 o del drag\u00f3n de madera. La actividad es organizada por el Ministerio de Cultura, la Autoridad de Turismo de Panam\u00e1, conjuntamente con el Consejo Nacional de [&hellip;]<\/p>\n","protected":false},"author":1,"featured_media":14959,"comment_status":"open","ping_status":"open","sticky":false,"template":"","format":"standard","meta":[],"categories":[44],"tags":[],"_links":{"self":[{"href":"https:\/\/www.thevisitorpanama.info\/esp\/wp-json\/wp\/v2\/posts\/14957"}],"collection":[{"href":"https:\/\/www.thevisitorpanama.info\/esp\/wp-json\/wp\/v2\/posts"}],"about":[{"href":"https:\/\/www.thevisitorpanama.info\/esp\/wp-json\/wp\/v2\/types\/post"}],"author":[{"embeddable":true,"href":"https:\/\/www.thevisitorpanama.info\/esp\/wp-json\/wp\/v2\/users\/1"}],"replies":[{"embeddable":true,"href":"https:\/\/www.thevisitorpanama.info\/esp\/wp-json\/wp\/v2\/comments?post=14957"}],"version-history":[{"count":3,"href":"https:\/\/www.thevisitorpanama.info\/esp\/wp-json\/wp\/v2\/posts\/14957\/revisions"}],"predecessor-version":[{"id":14963,"href":"https:\/\/www.thevisitorpanama.info\/esp\/wp-json\/wp\/v2\/posts\/14957\/revisions\/14963"}],"wp:featuredmedia":[{"embeddable":true,"href":"https:\/\/www.thevisitorpanama.info\/esp\/wp-json\/wp\/v2\/media\/14959"}],"wp:attachment":[{"href":"https:\/\/www.thevisitorpanama.info\/esp\/wp-json\/wp\/v2\/media?parent=14957"}],"wp:term":[{"taxonomy":"category","embeddable":true,"href":"https:\/\/www.thevisitorpanama.info\/esp\/wp-json\/wp\/v2\/categories?post=14957"},{"taxonomy":"post_tag","embeddable":true,"href":"https:\/\/www.thevisitorpanama.info\/esp\/wp-json\/wp\/v2\/tags?post=14957"}],"curies":[{"name":"wp","href":"https:\/\/api.w.org\/{rel}","templated":true}]}}