{"id":1491,"date":"2020-04-11T21:37:27","date_gmt":"2020-04-11T19:37:27","guid":{"rendered":"http:\/\/thevisitorpanama.net\/esp\/?p=1491"},"modified":"2022-03-16T03:47:32","modified_gmt":"2022-03-16T02:47:32","slug":"el-turista-quiere-llevarse-disenos-de-un-artista-nacional-federico-visuetti","status":"publish","type":"post","link":"https:\/\/www.thevisitorpanama.info\/esp\/2020\/04\/11\/el-turista-quiere-llevarse-disenos-de-un-artista-nacional-federico-visuetti\/","title":{"rendered":"El Turista Quiere Llevarse Dise\u00f1os de un Artista Nacional.  Federico Visuetti"},"content":{"rendered":"\n<p>Con m\u00e1s de treinta a\u00f1os de trayectoria, Federico Visuetti es un gran referente como dise\u00f1ador de Alta Costura y Pr\u00eat &#8211; \u00e0 \u2013 Porter femenina y masculina paname\u00f1a, donde plasma su estilo vanguardista, con estampas folcl\u00f3ricas y culturales. <br> Nuestro invitado especial Federico Visuetti, es un financista que incursion\u00f3 en la moda a ra\u00edz del consejo de una ex edirectora de una revista prestigiosa de moda, el apoyo de una clienta para representarnos en el extranjero, y por la aceptaci\u00f3n y los aplausos del p\u00fablico. Su formaci\u00f3n est\u00e1 ligada con Academias de Moda en Miami, Nueva York y Panam\u00e1, adem\u00e1s de la constancia y el amor por su pa\u00eds, para seguir abriendo trocha en esta carrera. <\/p>\n\n\n\n<figure class=\"wp-block-image\"><img decoding=\"async\" loading=\"lazy\" width=\"536\" height=\"709\" src=\"http:\/\/www.thevisitorpanama.info\/esp\/wp-content\/uploads\/2020\/04\/IMG_20191011_224429-1.png\" alt=\"\" class=\"wp-image-10008\"\/><\/figure>\n\n\n\n<p>\u201cCultura es todo, danza, teatro\u2026 Tienen que ver la moda como parte de nuestra cultura. Es el momento oportuno para impulsar m\u00e1s la moda\u201d, coment\u00f3 Visuetti, quien forma parte de la C\u00e1mara de Arte Moda e Industria Latinoamericana (CAMIL) iniciativa que nace en Argentina, donde Visuetti como vicepresidente desea integrar a dise\u00f1adores locales para que ganen exposici\u00f3n internacional y puedan ser respaldados econ\u00f3micamente por empresarios y el aporte de esta c\u00e1mara como auspiciador. Entre sus proyectos con la CAMIL, est\u00e1 el organizar un desfile en Panam\u00e1 pr\u00f3ximamente, con dise\u00f1adores nacionales e internacionales.  <\/p>\n\n\n\n<p><strong>\u00bfC\u00f3mo surge la idea de inspirarse en la cultura paname\u00f1a?<\/strong><\/p>\n\n\n\n<p> \u201cPresent\u00e9 dos dise\u00f1os inspirados en la pollera con estilo m\u00e1s vanguardista para la Pasarela Internacional por la Paz\u00b4 en M\u00e9xico. Mi colega Cristina Pineda de la marca Pineda Covalin, expres\u00f3 lo rico que es nuestro folclore, y me pregunt\u00f3 si dise\u00f1ar\u00eda una colecci\u00f3n inspirada en mi cultura. Estaba entre mis planes, y al regresar al pa\u00eds quise inspirarme en todo lo que conoc\u00eda del folclore y las labores de la pollera. Convers\u00e9 con el Profesor Edgardo De Le\u00f3n Maradiaga para que me asesorara, porque uno tiene que investigar. Pint\u00e9 trazos parecidos a los zurcidos, calados y otros marcados. Es la tendencia con la que m\u00e1s me identifican cuando me presento\u201d.<\/p>\n\n\n\n<p><strong>  \u00bfQu\u00e9 ven en sus creaciones en el exterior que impacta como moda paname\u00f1a?  <\/strong><\/p>\n\n\n\n<p>\u201cVen un estilo vanguardista, por eso he sido nominado como dise\u00f1ador Avan Garde\u00b4 en Miami. El p\u00fablico sabe que vengo del tr\u00f3pico, pero observan mis habilidades al fusionar la cultura hind\u00fa, \u00e1rabe o china y moda folclore de alta costura, creando tendencias de avanzada. He fusionado las colecciones como Panam\u00e1 Chic\u00b4, donde presento algo de la pollera, dise\u00f1os Guna, Ng\u00e4be hasta una parte del Zaracund\u00e9. Pero siempre asesor\u00e1ndome con artesanos y folcloristas. Es una marca con que la gente se identifica f\u00e1cilmente y a la vez promociono a Panam\u00e1\u201d.<\/p>\n\n\n\n<p><strong> \u00bfC\u00f3mo se puede promover y proyectar m\u00e1s la moda nacional para contribuir con el turismo y la econom\u00eda nacional? <\/strong><\/p>\n\n\n\n<p>\u201cEs importante que el gobierno nos apoye para crear nuevas plataformas y podamos exponer de la mejor forma: con desfiles. Tambi\u00e9n con marketing, para promover &#8211; a trav\u00e9s de la moda &#8211; una marca pa\u00eds, que nos conecte con clientes potenciales extranjeros. Que ellos vengan a comprar moda nacional como pasa en Colombia, M\u00e9xico o Brasil. Crear &#8220;Show Rooms&#8221;, vitrinas con nuestras creaciones y contactos. Eso ayudar\u00eda mucho, en especial si se retoma la iniciativa de abrir un espacio en el aeropuerto, nuestro primer puerto de entrada. La moda contribuye a la econom\u00eda local, porque es una cadena donde hay muchas personas detr\u00e1s, como vendedores de telas, confeccionistas, artesanos\u2026 Tiene que haber una red donde participen cultura, canciller\u00eda, turismo, comercio e industria y AMPYME, que ven la econom\u00eda naranja\u201d.<\/p>\n\n\n\n<p><strong><br> \u00bfC\u00f3mo los dise\u00f1adores contribuyen creando una marca pa\u00eds?<\/strong><\/p>\n\n\n\n<p><br> \u201cMuchos dise\u00f1adores hemos estado trabajando en hacer de la moda paname\u00f1a una marca pa\u00eds.  En mi caso he recibido pedidos desde el extranjero porque me vieron en su pa\u00eds o en las redes, y me piden un dise\u00f1o con labores paname\u00f1as. Por eso \u00faltimamente he creado m\u00e1s dise\u00f1os con folclore de alta costura, porque el turista no quiere comprar lo que hay en su pa\u00eds. Quiere llevarse algo diferente, una pieza con un dise\u00f1o de un artista nacional\u201d. <br><\/p>\n\n\n\n<ul class=\"is-layout-flex wp-block-gallery-1 wp-block-gallery columns-2 is-cropped\"><li class=\"blocks-gallery-item\"><figure><img decoding=\"async\" loading=\"lazy\" width=\"378\" height=\"567\" src=\"http:\/\/www.thevisitorpanama.info\/esp\/wp-content\/uploads\/2020\/04\/RCPH7945-1-1.jpg\" alt=\"\" data-id=\"10009\" data-link=\"http:\/\/www.thevisitorpanama.info\/esp\/2020\/04\/11\/el-turista-quiere-llevarse-disenos-de-un-artista-nacional-federico-visuetti\/rcph7945-1-2\/\" class=\"wp-image-10009\"\/><\/figure><\/li><li class=\"blocks-gallery-item\"><figure><img decoding=\"async\" loading=\"lazy\" width=\"345\" height=\"518\" src=\"http:\/\/www.thevisitorpanama.info\/esp\/wp-content\/uploads\/2020\/04\/RCPH0096-1-1.jpg\" alt=\"\" data-id=\"10010\" data-link=\"http:\/\/www.thevisitorpanama.info\/esp\/2020\/04\/11\/el-turista-quiere-llevarse-disenos-de-un-artista-nacional-federico-visuetti\/rcph0096-1-2\/\" class=\"wp-image-10010\"\/><\/figure><\/li><\/ul>\n","protected":false},"excerpt":{"rendered":"<p>Con m\u00e1s de treinta a\u00f1os de trayectoria, Federico Visuetti es un gran referente como dise\u00f1ador de Alta Costura y Pr\u00eat &#8211; \u00e0 \u2013 Porter femenina y masculina paname\u00f1a, donde plasma su estilo vanguardista, con estampas folcl\u00f3ricas y culturales. Nuestro invitado especial Federico Visuetti, es un financista que incursion\u00f3 en la moda a ra\u00edz del consejo [&hellip;]<\/p>\n","protected":false},"author":1,"featured_media":10007,"comment_status":"open","ping_status":"open","sticky":false,"template":"","format":"standard","meta":[],"categories":[1],"tags":[],"_links":{"self":[{"href":"https:\/\/www.thevisitorpanama.info\/esp\/wp-json\/wp\/v2\/posts\/1491"}],"collection":[{"href":"https:\/\/www.thevisitorpanama.info\/esp\/wp-json\/wp\/v2\/posts"}],"about":[{"href":"https:\/\/www.thevisitorpanama.info\/esp\/wp-json\/wp\/v2\/types\/post"}],"author":[{"embeddable":true,"href":"https:\/\/www.thevisitorpanama.info\/esp\/wp-json\/wp\/v2\/users\/1"}],"replies":[{"embeddable":true,"href":"https:\/\/www.thevisitorpanama.info\/esp\/wp-json\/wp\/v2\/comments?post=1491"}],"version-history":[{"count":5,"href":"https:\/\/www.thevisitorpanama.info\/esp\/wp-json\/wp\/v2\/posts\/1491\/revisions"}],"predecessor-version":[{"id":10011,"href":"https:\/\/www.thevisitorpanama.info\/esp\/wp-json\/wp\/v2\/posts\/1491\/revisions\/10011"}],"wp:featuredmedia":[{"embeddable":true,"href":"https:\/\/www.thevisitorpanama.info\/esp\/wp-json\/wp\/v2\/media\/10007"}],"wp:attachment":[{"href":"https:\/\/www.thevisitorpanama.info\/esp\/wp-json\/wp\/v2\/media?parent=1491"}],"wp:term":[{"taxonomy":"category","embeddable":true,"href":"https:\/\/www.thevisitorpanama.info\/esp\/wp-json\/wp\/v2\/categories?post=1491"},{"taxonomy":"post_tag","embeddable":true,"href":"https:\/\/www.thevisitorpanama.info\/esp\/wp-json\/wp\/v2\/tags?post=1491"}],"curies":[{"name":"wp","href":"https:\/\/api.w.org\/{rel}","templated":true}]}}