{"id":14891,"date":"2024-01-18T14:57:32","date_gmt":"2024-01-18T19:57:32","guid":{"rendered":"https:\/\/www.thevisitorpanama.info\/esp\/?p=14891"},"modified":"2024-01-28T13:00:30","modified_gmt":"2024-01-28T18:00:30","slug":"jorge-tovar-vargas-proyectos-como-el-centro-de-convenciones-verde-infraestructura-basica-y-carreteras-en-buen-estado-aumentarian-la-capacidad-turistica-de-chiriqui","status":"publish","type":"post","link":"https:\/\/www.thevisitorpanama.info\/esp\/2024\/01\/18\/jorge-tovar-vargas-proyectos-como-el-centro-de-convenciones-verde-infraestructura-basica-y-carreteras-en-buen-estado-aumentarian-la-capacidad-turistica-de-chiriqui\/","title":{"rendered":"Jorge Tovar Vargas: \u201cProyectos como el Centro de Convenciones Verde, infraestructura b\u00e1sica y carreteras en buen estado aumentar\u00edan la capacidad tur\u00edstica de Chiriqu\u00ed\u201c"},"content":{"rendered":"\n<p>La provincia de Chiriqu\u00ed es una regi\u00f3n llena de riquezas naturales, gente trabajadora y mucho potencial en todos los secitores econ\u00f3micos, incluido el turismo. Por esta raz\u00f3n nuestro Invitado Especial para esta edici\u00f3n enfocada exclusivamente en Chiriqu\u00ed es el actual presidente\u00a0\u00a0de la C\u00e1mara de Comercio, Industrias, Agricultura y Turismo de Chiriqu\u00ed y miembro de la \u00a0Junta Directiva del Fondo de Promoci\u00f3n Tur\u00edstica PROMTUR.<\/p>\n\n\n\n<p>Jorge Tovar es un profesional de alto perfil con m\u00e1s de 10 a\u00f1os en el sector financiero, as\u00ed c\u00f3mo m\u00e1s de 16 a\u00f1os en la industria tur\u00edstica. En esta ocasi\u00f3n nos comparte su valioso tiempo en exclusiva para hablar con The Visitor- El Visitante acerca de los desaf\u00edos que esta pujante provincia tiene por delante para elevar su industria tur\u00edstica.<\/p>\n\n\n\n<figure class=\"wp-block-image size-full\"><img decoding=\"async\" loading=\"lazy\" width=\"1500\" height=\"1000\" src=\"https:\/\/www.thevisitorpanama.info\/esp\/wp-content\/uploads\/2024\/01\/Compress_20240118_150107_7088.jpg\" alt=\"\" class=\"wp-image-14895\" srcset=\"https:\/\/www.thevisitorpanama.info\/esp\/wp-content\/uploads\/2024\/01\/Compress_20240118_150107_7088.jpg 1500w, https:\/\/www.thevisitorpanama.info\/esp\/wp-content\/uploads\/2024\/01\/Compress_20240118_150107_7088-768x512.jpg 768w\" sizes=\"(max-width: 1500px) 100vw, 1500px\" \/><figcaption class=\"wp-element-caption\">Jorge Tovar Vargas,  Presidente de la C\u00e1mara de Comercio,  Industrias,  Agricultura y Turismo de Chiriqu\u00ed <\/figcaption><\/figure>\n\n\n\n<p><br><strong>Despu\u00e9s de los cierres del a\u00f1o pasado hay un antes y despu\u00e9s en la provincia. \u00bfCu\u00e1nto afect\u00f3 y qu\u00e9 se debe hacer en Chiriqu\u00ed para evitar ser afectada nuevamente de manera tan contundente?<\/strong><br>&#8220;En efecto hay un antes y despu\u00e9s, luego de la jornada de cierres que tuvimos durante los meses finales de octubre y todo el mes de noviembre. Pues, esto dej\u00f3 al descubierto much\u00edsimas debilidades, y principalmente en materia de abastecimiento y log\u00edstico. Por un lado y por el otro lado, en funci\u00f3n de las herramientas para aprovechar la producci\u00f3n que tiene la provincia de Chiriqu\u00ed. Son afectaciones que van m\u00e1s all\u00e1 del tema comercial, tur\u00edstico y econ\u00f3mico. Han habido afectaciones por el orden psicol\u00f3gico emocional en la poblaci\u00f3n. Toda vez que las experiencias que se vivieron fueron extremas en materia de desabastecimiento de insumos b\u00e1sicos como el combustible y el gas para las familias por un lado, y por el otro lado el da\u00f1o laboral que se le hizo a la provincia de Chiriqu\u00ed, incrementando el desempleo y terminando con la posibilidad de negocios de un n\u00famero importante de peque\u00f1as y micro empresas en la provincia de Chiriqu\u00ed.<br>Por supuesto que las afectaciones econ\u00f3micas fueron exponenciales. Tenemos que recordar que la v\u00eda Panamericana que es la arteria principal que comunica Centroam\u00e9rica con Panam\u00e1 fue bloqueada, teniendo all\u00ed n\u00fameros importantes en mercanc\u00edas, alguna perecederas otras no. Unas que no llegaron a su destino, unas que eran de temporada que ya perdieron sentido porque eran para ciertas temporadas en Centroam\u00e9rica por ejemplo, y defin\u00ed la p\u00e9rdida super\u00f3 los 500 millones de d\u00f3lares en t\u00e9rminos generales. Esto, nos deja como lecci\u00f3n que hay que tomar decisiones important\u00edsimas en muchos sectores, principalmente en el sector log\u00edstico para aprovechar las ventajas que tiene el pa\u00eds, con dos mares que conectan perfectamente a todo el territorio a trav\u00e9s del mar, y que adolecen de infraestructuras para poder cumplir con esa funci\u00f3n de conectividad y log\u00edstica, a lo largo y ancho del pa\u00eds.<br>Las pocas estructuras existentes no cuentan con las herramientas, para poder hacer una conectividad eficiente y lo vivimos todos esos d\u00edas, por ejemplo la conectividad a\u00e9rea en otro tema, no cuenta con infraestructuras y herramientas para el embarque y desembarque de mercanc\u00eda por ejemplo. De forma mar\u00edtima, los puertos que tenemos son puertos muy artesanales y que no est\u00e1n adecuados con las herramientas para poder conectarnos. Esa ser\u00eda un \u00e1rea de fortalecimiento important\u00edsimo, de hecho ya estamos trabajando de la mano de las autoridades y por otro lado nos deja una lecci\u00f3n muy importante que la agroindustria tiene que desarrollarse con mayor fuerza y velocidad. El hecho de no transformar productos primarios dentro de la regi\u00f3n, nos pas\u00f3 una factura muy importante.&nbsp; Es muy necesario a la velocidad posible poder incursionar en el procesamiento de productos primarios para generar productos terminados en el sector alimentario. Un ejemplo espec\u00edfico fue la ventaja que se tuvo de tener una planta procesador de leche que le dio soporte a otras compa\u00f1\u00edas que no ten\u00edan la capacidad de sacar el producto de la regi\u00f3n y que guarda un rol importante. De la misma forma necesitar\u00edamos incrementar, no solo el proceso en el sector l\u00e1cteo, sino tambi\u00e9n en las legumbres y verduras, en otros muchos productos que tienen la capacidad de producirse en gran cantidad, pero a falta de un procesamiento al interrumpirse la cadena de abastecimiento o de log\u00edstica autom\u00e1ticamente se tienden a perder&#8221;.<br><br><strong>En ese mismo sentido la provincia de Chiriqu\u00ed hace mucho tiempo es la regi\u00f3n tur\u00edstica por excelencia \u00bfQu\u00e9 proyectos considera usted requiere la provincia para elevarla al nivel de otros pa\u00edses?<\/strong><br>&#8220;Hay un n\u00famero importante de proyectos, b\u00e1sicamente enfocados en infraestructuras y algunos otros en desarrollos e iniciativas importantes como por ejemplo El Centro de Convenciones Verde que se pospuso y que todav\u00eda no hemos retomado ese proyecto, un proyecto que qued\u00f3 de la administraci\u00f3n del gobierno anterior a este, y que no ha podido materializarse, y que definitivamente le agregar\u00eda un ingrediente de internacionalizaci\u00f3n al destino en su conjunto, tomando en cuenta la gran cantidad de habitaciones que tenemos en la ciudad de David, y que una infraestructura de desarrollo como esta pudiera alimentar de forma importante.<br>Por otro lado el tema de la red vial y el reordenamiento del Centro de Distribuci\u00f3n, del Centro Log\u00edstico de la provincia de Chiriqu\u00ed es la ciudad de David, necesita una atenci\u00f3n importante en materia de desarrollo de infraestructuras para el desarrollo del flujo vehicular ligado a una mejora importante del aeropuerto Enrique Malek, del cual depende la conectividad a\u00e9rea de la regi\u00f3n, y cuando menciono a la regi\u00f3n, menciono no solo a la provincia de Chiriqu\u00ed, sino Chiriqu\u00ed y Bocas del Toro, la regi\u00f3n occidental. Este aeropuerto alimenta de igual forma la limitada capacidad que tiene el aeropuerto de Bocas del Toro, y eso es important\u00edsimo tomarlo en cuenta. Adicional a ello \u00e1reas por ejemplo como las playas de Las Lajas, el Golfo de Chiriqu\u00ed, necesitan mayor infraestructura p\u00fablica de servicio, para poder que el desarrollo a la mano del sector privado en materia de servicios y productos tur\u00edsticos se conviertan en una realidad. \u00c1reas como Puerto Armuelles por ejemplo en materia de infraestructura para el desarrollo tur\u00edstico necesita mucha atenci\u00f3n, ya hay un proyecto aprobado y con \u00f3rdenes de proceder de una primera etapa de un muelle fiscal, sin embargo la capacidad de poder tener infraestructura para servicio tur\u00edstico dentro de la costa es vital. Por all\u00ed creo que son temas b\u00e1sicos, el tema por ejemplo Volc\u00e1n Bar\u00fa, en cuanto a su desarrollo hay proyectos que se han escrito, que se han tratado de impulsar y no veo forma de concretizar. El hecho de no tener facilidades b\u00e1sicas en la cima del volc\u00e1n y en las dos bases de subida; se han hecho t\u00edmidamente unos adelantos en cuanto a infraestructura para senderismos por el lado de Tierras Altas, sin embargo por Boquete, el camino sigue siendo deficiente, el hecho de no tener infraestructuras b\u00e1sicas como un ba\u00f1o en la cima de este \u00edcono del pa\u00eds, es algo imperdonable a estas alturas de la historia. Y ni hablar de la conectividad entre la regi\u00f3n de Chiriqu\u00ed y Bocas del Toro, una v\u00eda terrestre que el 50% es un desastre desde Chiriqu\u00ed Grande hasta Almirantes, esto limita el flujo de un circuito que naturalmente y de forma org\u00e1nica se ha formado entre Costa Rica y Panam\u00e1, generando inter\u00e9s en el \u00e1rea occidental de Bocas del Toro y Chiriqu\u00ed. As\u00ed que dir\u00eda que puntualmente, estos tres temas son urgentes de atender, y generar\u00edan una diferencia abismal en cuanto a la capacidad que tenemos de atender a la visita y en funci\u00f3n del inter\u00e9s que podamos transmitir para que tengamos muchos m\u00e1s visitantes en la regi\u00f3n&#8221;.<\/p>\n\n\n\n<figure class=\"wp-block-image size-full\"><img decoding=\"async\" loading=\"lazy\" width=\"1992\" height=\"1328\" src=\"https:\/\/www.thevisitorpanama.info\/esp\/wp-content\/uploads\/2024\/01\/Compress_20240118_150107_7378.jpg\" alt=\"\" class=\"wp-image-14896\" srcset=\"https:\/\/www.thevisitorpanama.info\/esp\/wp-content\/uploads\/2024\/01\/Compress_20240118_150107_7378.jpg 1992w, https:\/\/www.thevisitorpanama.info\/esp\/wp-content\/uploads\/2024\/01\/Compress_20240118_150107_7378-768x512.jpg 768w, https:\/\/www.thevisitorpanama.info\/esp\/wp-content\/uploads\/2024\/01\/Compress_20240118_150107_7378-1536x1024.jpg 1536w\" sizes=\"(max-width: 1992px) 100vw, 1992px\" \/><figcaption class=\"wp-element-caption\">Jorge Tovar Vargas, Presidente de la C\u00e1mara de Comercio, Industrias, Agricultura y Turismo de Chiriqu<\/figcaption><\/figure>\n\n\n\n<p><br><br><strong>Mencionaba usted entre ellos a la playa de Las Lajas \u00bfExiste un proyecto a desarrollar en esa \u00e1rea?<\/strong><br>&#8220;Hay intentos por parte de gobiernos locales para tratar de mejorar las infraestructuras, sin embargo la necesidad&nbsp; es mucho mayor en alcance del presupuesto que maneja un gobierno local, estos deben ser proyectos de desarrollo a nivel nacional, en funci\u00f3n de generar realmente condiciones que puedan motivar como dije anteriormente, a la inversi\u00f3n privada. Hay ya inversiones privadas establecidas all\u00ed, pero son muy peque\u00f1as, un recurso natural como lo es la playa de Las Lajas, que en cuanto a su conjunto de condiciones tiene el pa\u00eds,&nbsp; es una l\u00e1stima que no cuente con al menos, unos 3 kil\u00f3metros de un Boulevard en donde se puedan instalar servicios de talla internacional para atender la visita de nacionales y extranjeros que esta playa pudiera recibir. As\u00ed que creo important\u00edsimo que se defina el tema de propiedad frente a playa, y que existan ah\u00ed infraestructuras que puedan atender un ambiente realmente tur\u00edstico en este pa\u00eds&#8221;.<br><br><strong>Siguiendo con el tema de agroturismo, hoy se encuentra una gran cantidad opciones \u00bfHay alg\u00fan plan para hacer m\u00e1s accesible y completa la informaci\u00f3n para los visitantes?<\/strong><br>&#8220;Los accesos que tienen para exponer las bondades del destino, son netamente privados. Salvo un caso espec\u00edfico como el Circuito del Caf\u00e9, para tema de promoci\u00f3n tienen un grado de apoyo gubernamental. Sin embargo como tal, un plan espec\u00edfico para la regi\u00f3n, solamente lo tenemos a trav\u00e9s de las estrategias de promoci\u00f3n internacional que lleva adelante PROMTUR con los destinos prioritarios. Creemos que es necesario dado el valor que tiene la provincia de Chiriqu\u00ed y Bocas del Toro digamos que la regi\u00f3n occidental, como producto tur\u00edstico,&nbsp;elaborar detalladamente y con mucho m\u00e1s alcance, un plan de exposici\u00f3n de estos atractivos productos tur\u00edsticos, mucho m\u00e1s enfocados a los mercados a los cuales estos productos le es m\u00e1s relevantes. Los esfuerzos que se han hecho a trav\u00e9s de la marca destino Chiriqu\u00ed &#8220;Discover Chiriqui&#8221; y que ha hecho Bocas del Toro, han sido important\u00edsimos y han tenido un alcance pero no suficiente para establecerse de manera permanente en el turismo internacional. Hemos trabajado dur\u00edsimo para que el turismo nacional se incremente se formalice y se convierta en una fuente permanente de flujo de visitantes, pero no hemos podido romper con la estacionalidad y es parte de los objetivos. Para ello la inversi\u00f3n que hay que hacer y la consistencia que tendr\u00eda que tener una campa\u00f1a multianual es clave, y en funci\u00f3n de ello para el 2024, luego de tantas calamidades, cierres y pandemia, finalmente creemos poder establecer ese plan de promoci\u00f3n multianual consistente y con un mayor alcance del que hemos tenido&#8221;.<br><br><strong>La cultura Ng\u00e4be tiene una gran influencia en la econom\u00eda y en la experiencia tur\u00edstica. \u00bfHay planes o proyectos para promover su cultura dentro del circuito tur\u00edstico de la regi\u00f3n?<\/strong><br>&#8220;Por supuesto que s\u00ed, el producto \u00e9tnico dentro del Plan Maestro tiene una gran relevancia. Para la provincia de Chiriqu\u00ed,&nbsp; la ventaja de la provincia de contar con una \u00e1rea comarcal que adem\u00e1s de extensa, es muy rica en recursos naturales, ha sido clave y seguir\u00e1 si\u00e9ndolo. Existe ya, productos tur\u00edsticos basados en la comunidad Ng\u00e4be. En sus recurso naturales por ejemplo la &#8216;Cascada Kiki&#8217;, todo lo que se ha desarrollado en su entorno, son testigos de eso. Sin embargo hace falta hacer crecer esa oferta tur\u00edstica relacionada a la Comarca Ng\u00e4be Bugl\u00e9, en materia cultural. Creemos que por su cercan\u00eda al Golfo de Chiriqu\u00ed, y esa conexi\u00f3n que hay entre el mar y las monta\u00f1as que ellos ocupan, tiene un potencial tremendo, y est\u00e1 siendo t\u00edmidamente explotado. Por supuesto que el tema social que fue evidente en gran medida en la jornada pasada del mes de noviembre de 2023, es un tema a atender. Entendemos que ya hay avances por parte de organismos internacionales, del gobierno nacional y del sector privado, para que estos temas sociales sean atendidos y que no sean un factor limitantes en el desarrollo y la integraci\u00f3n del producto \u00e9tnico y cultural que representa la Comarca Ng\u00e4be Bugl\u00e9, dentro de toda la oferta tur\u00edstica de la regi\u00f3n occidental, porque la Comarca se extiende hasta Bocas del Toro e inclusive hasta Veraguas&#8221;.<br><\/p>\n\n\n\n<figure class=\"wp-block-image size-full\"><img decoding=\"async\" loading=\"lazy\" width=\"1500\" height=\"1000\" src=\"https:\/\/www.thevisitorpanama.info\/esp\/wp-content\/uploads\/2024\/01\/Compress_20240118_150108_8094.jpg\" alt=\"\" class=\"wp-image-14897\" srcset=\"https:\/\/www.thevisitorpanama.info\/esp\/wp-content\/uploads\/2024\/01\/Compress_20240118_150108_8094.jpg 1500w, https:\/\/www.thevisitorpanama.info\/esp\/wp-content\/uploads\/2024\/01\/Compress_20240118_150108_8094-768x512.jpg 768w\" sizes=\"(max-width: 1500px) 100vw, 1500px\" \/><figcaption class=\"wp-element-caption\">Jorge Tovar Vargas, Presidente de la C\u00e1mara de Comercio, Industrias, Agricultura y Turismo de Chiriqu<\/figcaption><\/figure>\n\n\n\n<p><br><strong>Fuera de Boquete y Tierras Altas \u00bfCu\u00e1les son las \u00e1reas que usted cree tienen potencial para desarrollarlas por su historia, cultura y proyecci\u00f3n?<\/strong><br>&#8220;En t\u00e9rminos generales y hablando geogr\u00e1ficamente, nosotros tenemos que hablar del \u00e1rea occidental por lo que fortalece un producto tur\u00edstico internacional. Acabamos de mencionar el tema de la Comarca, ese es un tema clave. Por ejemplo El Golfo de Chiriqu\u00ed en toda su extensi\u00f3n desde la frontera con Costa Rica hasta Veraguas, el gran Golfo de Chiriqu\u00ed con todas las islas que est\u00e1n contenidas dentro de este gran cuerpo de agua, y con todo el desarrollo que ha venido avanzando, espec\u00edficamente con las \u00e1reas de Boca Chica y las \u00e1reas que la rodean, son ya un producto marino costero en crecimiento. O sea que yo ya ir\u00eda sumando \u00e9stas \u00e1reas: Las Lajas, Boca Chica, Playa Hermosa, Punta Bejuco, el archipi\u00e9lago de Paridas, isla Paridas, el \u00e1rea de las Barquetas, Puerto Armuelles y todas las playas que componen ese litoral, definitivamente tendr\u00edan que ser incorporadas poco a poco en ese Plan Maestro de turismo, que es din\u00e1mico y revisable cada cinco a\u00f1os, y que definitivamente acepta en su proceso de esos cinco a\u00f1os, cambios en funci\u00f3n de la realidad que se presente. Y por supuesto el sector agro tur\u00edstico del centro de la provincia de Chiriqu\u00ed particularmente, igualmente con Bocas del Toro con el tema del cacao, que de hecho ya existen algunos productos tur\u00edsticos que ya existen en cuanto a este rubro. Por supuesto con el caf\u00e9 que va a seguir creciendo y no hay forma que no vaya a ser as\u00ed. El tema de la ca\u00f1a de az\u00facar, que es otro tema que no se ha desarrollado plenamente, sin embargo tiene un concepto cultural ligado a la cultura de las familias del sector productor de panela y de sus productos. La industria de la ca\u00f1a de az\u00facar y del az\u00facar, por supuesto que est\u00e1 ligada, y la producci\u00f3n de Ron. Son temas que ya originados en el agroturismo est\u00e1n siendo atractivos, y productos desarrollados para experiencias de visitantes nacionales y extranjeros.&nbsp;<br>Mencion\u00e9 al principio que hab\u00eda que ponerle atenci\u00f3n a la ciudad de David, y no lo coment\u00e9 y es el Centro Hist\u00f3rico de David. Much\u00edsima cultura e historia y muchas infraestructuras que tienen el valor suficiente para ser rescatadas y puestas en valor, y replicar en gran medida y proporcionalmente, el trabajo que se viene desarrollando en el Casco Antiguo de la ciudad de Panam\u00e1&#8221;.&nbsp;<\/p>\n","protected":false},"excerpt":{"rendered":"<p>La provincia de Chiriqu\u00ed es una regi\u00f3n llena de riquezas naturales, gente trabajadora y mucho potencial en todos los secitores econ\u00f3micos, incluido el turismo. Por esta raz\u00f3n nuestro Invitado Especial para esta edici\u00f3n enfocada exclusivamente en Chiriqu\u00ed es el actual presidente\u00a0\u00a0de la C\u00e1mara de Comercio, Industrias, Agricultura y Turismo de Chiriqu\u00ed y miembro de la [&hellip;]<\/p>\n","protected":false},"author":1,"featured_media":14893,"comment_status":"open","ping_status":"open","sticky":false,"template":"","format":"standard","meta":[],"categories":[1],"tags":[],"_links":{"self":[{"href":"https:\/\/www.thevisitorpanama.info\/esp\/wp-json\/wp\/v2\/posts\/14891"}],"collection":[{"href":"https:\/\/www.thevisitorpanama.info\/esp\/wp-json\/wp\/v2\/posts"}],"about":[{"href":"https:\/\/www.thevisitorpanama.info\/esp\/wp-json\/wp\/v2\/types\/post"}],"author":[{"embeddable":true,"href":"https:\/\/www.thevisitorpanama.info\/esp\/wp-json\/wp\/v2\/users\/1"}],"replies":[{"embeddable":true,"href":"https:\/\/www.thevisitorpanama.info\/esp\/wp-json\/wp\/v2\/comments?post=14891"}],"version-history":[{"count":6,"href":"https:\/\/www.thevisitorpanama.info\/esp\/wp-json\/wp\/v2\/posts\/14891\/revisions"}],"predecessor-version":[{"id":15032,"href":"https:\/\/www.thevisitorpanama.info\/esp\/wp-json\/wp\/v2\/posts\/14891\/revisions\/15032"}],"wp:featuredmedia":[{"embeddable":true,"href":"https:\/\/www.thevisitorpanama.info\/esp\/wp-json\/wp\/v2\/media\/14893"}],"wp:attachment":[{"href":"https:\/\/www.thevisitorpanama.info\/esp\/wp-json\/wp\/v2\/media?parent=14891"}],"wp:term":[{"taxonomy":"category","embeddable":true,"href":"https:\/\/www.thevisitorpanama.info\/esp\/wp-json\/wp\/v2\/categories?post=14891"},{"taxonomy":"post_tag","embeddable":true,"href":"https:\/\/www.thevisitorpanama.info\/esp\/wp-json\/wp\/v2\/tags?post=14891"}],"curies":[{"name":"wp","href":"https:\/\/api.w.org\/{rel}","templated":true}]}}