{"id":14874,"date":"2024-01-16T22:13:53","date_gmt":"2024-01-17T03:13:53","guid":{"rendered":"https:\/\/www.thevisitorpanama.info\/esp\/?p=14874"},"modified":"2024-01-16T22:24:50","modified_gmt":"2024-01-17T03:24:50","slug":"mas-de-20000-empolleradas-se-apoderaron-de-las-tablas-durante-el-desfile-de-las-mil-polleras","status":"publish","type":"post","link":"https:\/\/www.thevisitorpanama.info\/esp\/2024\/01\/16\/mas-de-20000-empolleradas-se-apoderaron-de-las-tablas-durante-el-desfile-de-las-mil-polleras\/","title":{"rendered":"M\u00e1s de 20,000 Empolleradas se Apoderaron de Las Tablas Durante el Desfile de las Mil Polleras"},"content":{"rendered":"\n<p>El Desfile de las Mil Polleras 2024, se llev\u00f3 a cabo el pasado s\u00e1bado 13 de enero y cont\u00f3 con la gran participaci\u00f3n de m\u00e1s de 20 mil empolleradas.<\/p>\n\n\n\n<p>En est\u00e1 ocasi\u00f3n se cont\u00f3 con la participaci\u00f3n de 91 delegaciones, las cuales iban acompa\u00f1adas de murgas, m\u00fasica t\u00edpica en vivo, tamboritos y estaban cargados de mucha alegr\u00eda y tradici\u00f3n, lo que contagiaba a todos de emoci\u00f3n.<\/p>\n\n\n\n<figure class=\"wp-block-embed is-type-video is-provider-youtube wp-block-embed-youtube wp-embed-aspect-16-9 wp-has-aspect-ratio\"><div class=\"wp-block-embed__wrapper\">\n<iframe loading=\"lazy\" title=\"Desfile de las Mil Polleras 2024\" width=\"640\" height=\"360\" src=\"https:\/\/www.youtube.com\/embed\/ESk95RjHSWs?feature=oembed\" frameborder=\"0\" allow=\"accelerometer; autoplay; clipboard-write; encrypted-media; gyroscope; picture-in-picture; web-share\" allowfullscreen><\/iframe>\n<\/div><figcaption class=\"wp-element-caption\">Cr\u00e9dito: Nery Moscoso<\/figcaption><\/figure>\n\n\n\n<p>El abanderado de este a\u00f1o fue el Hospital Santo Tom\u00e1s, este reconocimiento se le dio por el cumplimiento de 100 a\u00f1os de servicio al pueblo paname\u00f1o.<\/p>\n\n\n\n<p>Desde la semana previa al Desfile de las Mil Polleras 2024, se realiz\u00f3 una serie de actividades para que las personas conocieran acerca de las costumbres y tradiciones paname\u00f1os. Durante estos d\u00edas hubo de todo un poco, una feria de artesan\u00edas, un simposio Nacional de La Pollera y una noche de violines en el Parque de la Villa de Los Santos en honor a Don Ceferino Nieto.<\/p>\n\n\n\n<figure class=\"wp-block-embed is-type-video is-provider-youtube wp-block-embed-youtube wp-embed-aspect-16-9 wp-has-aspect-ratio\"><div class=\"wp-block-embed__wrapper\">\n<iframe loading=\"lazy\" title=\"Desfile de las Mil Polleras 2024\" width=\"640\" height=\"360\" src=\"https:\/\/www.youtube.com\/embed\/-qHAc_Uddys?feature=oembed\" frameborder=\"0\" allow=\"accelerometer; autoplay; clipboard-write; encrypted-media; gyroscope; picture-in-picture; web-share\" allowfullscreen><\/iframe>\n<\/div><figcaption class=\"wp-element-caption\">Cr\u00e9dito: Nery Moscoso<\/figcaption><\/figure>\n\n\n\n<p>El esperado desfile, inici\u00f3 su recorrido por las principales calles de la ciudad de Las Tablas desde la 1:00pm, el Hospital Santo Tom\u00e1s, el abanderado de ese a\u00f1o encabez\u00f3 en compa\u00f1\u00eda de las Autoridades de la Autoridad de Turismo.<\/p>\n\n\n\n<p>Este a\u00f1o, como en a\u00f1os anteriores se pudo ver una gran variedad de polleras de diferentes partes del territorio nacional.<\/p>\n\n\n\n<p>Este a\u00f1o por primera vez, no hubo carros aleg\u00f3ricos, solamente veh\u00edculos para transportar a los m\u00fasicos.<\/p>\n\n\n\n<figure class=\"wp-block-embed is-type-video is-provider-youtube wp-block-embed-youtube wp-embed-aspect-16-9 wp-has-aspect-ratio\"><div class=\"wp-block-embed__wrapper\">\n<iframe loading=\"lazy\" title=\"Desfile de las Mil Polleras 2024\" width=\"640\" height=\"360\" src=\"https:\/\/www.youtube.com\/embed\/HpepPXmnCoc?feature=oembed\" frameborder=\"0\" allow=\"accelerometer; autoplay; clipboard-write; encrypted-media; gyroscope; picture-in-picture; web-share\" allowfullscreen><\/iframe>\n<\/div><figcaption class=\"wp-element-caption\">Credito Nery Moscoso <\/figcaption><\/figure>\n\n\n\n<p>Tal como lo hab\u00edan mencionado, a las 5 en punto las personas de las diferentes delegaciones y el p\u00fablico pudieron ser parte de este momento tan hist\u00f3rico y especial al interpretar &#8220;El Punto&#8221; uno de los bailes m\u00e1s hermoso y tradicionales del folklore paname\u00f1o.<\/p>\n","protected":false},"excerpt":{"rendered":"<p>El Desfile de las Mil Polleras 2024, se llev\u00f3 a cabo el pasado s\u00e1bado 13 de enero y cont\u00f3 con la gran participaci\u00f3n de m\u00e1s de 20 mil empolleradas. En est\u00e1 ocasi\u00f3n se cont\u00f3 con la participaci\u00f3n de 91 delegaciones, las cuales iban acompa\u00f1adas de murgas, m\u00fasica t\u00edpica en vivo, tamboritos y estaban cargados de [&hellip;]<\/p>\n","protected":false},"author":1,"featured_media":14875,"comment_status":"open","ping_status":"open","sticky":false,"template":"","format":"standard","meta":[],"categories":[44],"tags":[],"_links":{"self":[{"href":"https:\/\/www.thevisitorpanama.info\/esp\/wp-json\/wp\/v2\/posts\/14874"}],"collection":[{"href":"https:\/\/www.thevisitorpanama.info\/esp\/wp-json\/wp\/v2\/posts"}],"about":[{"href":"https:\/\/www.thevisitorpanama.info\/esp\/wp-json\/wp\/v2\/types\/post"}],"author":[{"embeddable":true,"href":"https:\/\/www.thevisitorpanama.info\/esp\/wp-json\/wp\/v2\/users\/1"}],"replies":[{"embeddable":true,"href":"https:\/\/www.thevisitorpanama.info\/esp\/wp-json\/wp\/v2\/comments?post=14874"}],"version-history":[{"count":4,"href":"https:\/\/www.thevisitorpanama.info\/esp\/wp-json\/wp\/v2\/posts\/14874\/revisions"}],"predecessor-version":[{"id":14881,"href":"https:\/\/www.thevisitorpanama.info\/esp\/wp-json\/wp\/v2\/posts\/14874\/revisions\/14881"}],"wp:featuredmedia":[{"embeddable":true,"href":"https:\/\/www.thevisitorpanama.info\/esp\/wp-json\/wp\/v2\/media\/14875"}],"wp:attachment":[{"href":"https:\/\/www.thevisitorpanama.info\/esp\/wp-json\/wp\/v2\/media?parent=14874"}],"wp:term":[{"taxonomy":"category","embeddable":true,"href":"https:\/\/www.thevisitorpanama.info\/esp\/wp-json\/wp\/v2\/categories?post=14874"},{"taxonomy":"post_tag","embeddable":true,"href":"https:\/\/www.thevisitorpanama.info\/esp\/wp-json\/wp\/v2\/tags?post=14874"}],"curies":[{"name":"wp","href":"https:\/\/api.w.org\/{rel}","templated":true}]}}