{"id":14712,"date":"2023-12-13T22:39:47","date_gmt":"2023-12-14T03:39:47","guid":{"rendered":"https:\/\/www.thevisitorpanama.info\/esp\/?p=14712"},"modified":"2023-12-13T22:44:33","modified_gmt":"2023-12-14T03:44:33","slug":"autoridad-de-turismo-panama-realizo-el-lanzamiento-oficial-del-desfile-de-las-mil-polleras-2024","status":"publish","type":"post","link":"https:\/\/www.thevisitorpanama.info\/esp\/2023\/12\/13\/autoridad-de-turismo-panama-realizo-el-lanzamiento-oficial-del-desfile-de-las-mil-polleras-2024\/","title":{"rendered":"Autoridad de Turismo Panam\u00e1 Realiz\u00f3 el Lanzamiento Oficial del Desfile de las Mil Polleras 2024"},"content":{"rendered":"\n<p>La Autoridad de Turismo de Panam\u00e1 (ATP) celebr\u00f3  ayer martes 12 de diciembre el lanzamiento del Desfile de las Mil Polleras, evento anual que busca exaltar la riqueza cultural paname\u00f1a haciendo gala de nuestro vestido t\u00edpico nacional, la pollera.<\/p>\n\n\n\n<figure class=\"wp-block-image size-full\"><img decoding=\"async\" loading=\"lazy\" width=\"1600\" height=\"1066\" src=\"https:\/\/www.thevisitorpanama.info\/esp\/wp-content\/uploads\/2023\/12\/IMG-20231212-WA0065.jpg\" alt=\"\" class=\"wp-image-14717\" srcset=\"https:\/\/www.thevisitorpanama.info\/esp\/wp-content\/uploads\/2023\/12\/IMG-20231212-WA0065.jpg 1600w, https:\/\/www.thevisitorpanama.info\/esp\/wp-content\/uploads\/2023\/12\/IMG-20231212-WA0065-768x512.jpg 768w, https:\/\/www.thevisitorpanama.info\/esp\/wp-content\/uploads\/2023\/12\/IMG-20231212-WA0065-1536x1023.jpg 1536w\" sizes=\"(max-width: 1600px) 100vw, 1600px\" \/><\/figure>\n\n\n\n<p><br>Esta actividad nacional, ya convertida en tradici\u00f3n, se celebrar\u00e1 el 13 de enero de 2024 en la ciudad de Las Tablas, oportunidad de dinamizar la econom\u00eda de la regi\u00f3n de Azuero a trav\u00e9s de toda la cadena de valor de la industria tur\u00edstica e industrias complementarias, superando el n\u00famero de visitantes y el impacto econ\u00f3mico de su \u00faltima versi\u00f3n, que se estima fue de 250 mil y m\u00e1s de 25 millones de d\u00f3lares, respectivamente.<\/p>\n\n\n\n<figure class=\"wp-block-image size-full\"><img decoding=\"async\" loading=\"lazy\" width=\"1600\" height=\"1066\" src=\"https:\/\/www.thevisitorpanama.info\/esp\/wp-content\/uploads\/2023\/12\/IMG-20231212-WA0063.jpg\" alt=\"\" class=\"wp-image-14718\" srcset=\"https:\/\/www.thevisitorpanama.info\/esp\/wp-content\/uploads\/2023\/12\/IMG-20231212-WA0063.jpg 1600w, https:\/\/www.thevisitorpanama.info\/esp\/wp-content\/uploads\/2023\/12\/IMG-20231212-WA0063-768x512.jpg 768w, https:\/\/www.thevisitorpanama.info\/esp\/wp-content\/uploads\/2023\/12\/IMG-20231212-WA0063-1536x1023.jpg 1536w\" sizes=\"(max-width: 1600px) 100vw, 1600px\" \/><\/figure>\n\n\n\n<p><br>Como un \u201cesfuerzo interinstitucional\u201d, as\u00ed ha calificado esta nueva versi\u00f3n la administradora general de la ATP, Denise Guill\u00e9n, al destacar la esmerada participaci\u00f3n de instituciones como el Ministerio de Cultura (MiCultura), Ministerio de Comercio e Industrias (MICI), gobiernos locales y estamentos de seguridad, en cada parte del proceso de planificaci\u00f3n y posterior ejecuci\u00f3n de este evento.<br>\u201cEste es un producto tur\u00edstico al que queremos atraer un mayor n\u00famero de visitantes, para que conozcan de primera mano por qu\u00e9 somos un pa\u00eds que vive por m\u00e1s. Con experiencias de este tipo queremos ampliar el inter\u00e9s de nacionales y extranjeros para conocer todos los atractivos de nuestro pa\u00eds, por eso hemos incluido el pasaporte tur\u00edstico, una herramienta que nos permitir\u00e1 conocer el recorrido de los visitantes a los eventos y destinos que se encontrar\u00e1n habilitados en el marco de las mil polleras, haciendo que no solo se queden en Las Tablas, sino que disfruten de las olas en Pedas\u00ed, interact\u00faen con la naturaleza y conozcan de la actividad agr\u00edcola de la regi\u00f3n en las fincas agrotur\u00edsticas, disfruten del desfile, y se conecten con la esencia de la comunidad que los recibe\u201d, se\u00f1al\u00f3 la administradora.<\/p>\n\n\n\n<figure class=\"wp-block-image size-full\"><img decoding=\"async\" loading=\"lazy\" width=\"1600\" height=\"1066\" src=\"https:\/\/www.thevisitorpanama.info\/esp\/wp-content\/uploads\/2023\/12\/IMG-20231212-WA0064.jpg\" alt=\"\" class=\"wp-image-14719\" srcset=\"https:\/\/www.thevisitorpanama.info\/esp\/wp-content\/uploads\/2023\/12\/IMG-20231212-WA0064.jpg 1600w, https:\/\/www.thevisitorpanama.info\/esp\/wp-content\/uploads\/2023\/12\/IMG-20231212-WA0064-768x512.jpg 768w, https:\/\/www.thevisitorpanama.info\/esp\/wp-content\/uploads\/2023\/12\/IMG-20231212-WA0064-1536x1023.jpg 1536w\" sizes=\"(max-width: 1600px) 100vw, 1600px\" \/><\/figure>\n\n\n\n<p><br>Las delegaciones interesadas en participar del desfile deben inscribirse virtualmente en la web www.milpolleras.gob.pa, donde se podr\u00e1 encontrar el formulario que debe ser completado con los datos solicitados, una vez se haya hecho lectura del reglamento de participaci\u00f3n.<br>La inscripci\u00f3n para las delegaciones estar\u00e1 disponible del 12 al 29 de diciembre de 2023.<\/p>\n","protected":false},"excerpt":{"rendered":"<p>La Autoridad de Turismo de Panam\u00e1 (ATP) celebr\u00f3 ayer martes 12 de diciembre el lanzamiento del Desfile de las Mil Polleras, evento anual que busca exaltar la riqueza cultural paname\u00f1a haciendo gala de nuestro vestido t\u00edpico nacional, la pollera. Esta actividad nacional, ya convertida en tradici\u00f3n, se celebrar\u00e1 el 13 de enero de 2024 en [&hellip;]<\/p>\n","protected":false},"author":1,"featured_media":14716,"comment_status":"open","ping_status":"open","sticky":false,"template":"","format":"standard","meta":[],"categories":[69],"tags":[],"_links":{"self":[{"href":"https:\/\/www.thevisitorpanama.info\/esp\/wp-json\/wp\/v2\/posts\/14712"}],"collection":[{"href":"https:\/\/www.thevisitorpanama.info\/esp\/wp-json\/wp\/v2\/posts"}],"about":[{"href":"https:\/\/www.thevisitorpanama.info\/esp\/wp-json\/wp\/v2\/types\/post"}],"author":[{"embeddable":true,"href":"https:\/\/www.thevisitorpanama.info\/esp\/wp-json\/wp\/v2\/users\/1"}],"replies":[{"embeddable":true,"href":"https:\/\/www.thevisitorpanama.info\/esp\/wp-json\/wp\/v2\/comments?post=14712"}],"version-history":[{"count":2,"href":"https:\/\/www.thevisitorpanama.info\/esp\/wp-json\/wp\/v2\/posts\/14712\/revisions"}],"predecessor-version":[{"id":14720,"href":"https:\/\/www.thevisitorpanama.info\/esp\/wp-json\/wp\/v2\/posts\/14712\/revisions\/14720"}],"wp:featuredmedia":[{"embeddable":true,"href":"https:\/\/www.thevisitorpanama.info\/esp\/wp-json\/wp\/v2\/media\/14716"}],"wp:attachment":[{"href":"https:\/\/www.thevisitorpanama.info\/esp\/wp-json\/wp\/v2\/media?parent=14712"}],"wp:term":[{"taxonomy":"category","embeddable":true,"href":"https:\/\/www.thevisitorpanama.info\/esp\/wp-json\/wp\/v2\/categories?post=14712"},{"taxonomy":"post_tag","embeddable":true,"href":"https:\/\/www.thevisitorpanama.info\/esp\/wp-json\/wp\/v2\/tags?post=14712"}],"curies":[{"name":"wp","href":"https:\/\/api.w.org\/{rel}","templated":true}]}}