{"id":14681,"date":"2023-12-10T18:39:17","date_gmt":"2023-12-10T23:39:17","guid":{"rendered":"https:\/\/www.thevisitorpanama.info\/esp\/?p=14681"},"modified":"2023-12-11T20:27:10","modified_gmt":"2023-12-12T01:27:10","slug":"el-topon-de-la-pintada-celebracion-navidena-100-campesina-con-mas-de-250-anos-de-historia","status":"publish","type":"post","link":"https:\/\/www.thevisitorpanama.info\/esp\/2023\/12\/10\/el-topon-de-la-pintada-celebracion-navidena-100-campesina-con-mas-de-250-anos-de-historia\/","title":{"rendered":"<strong>El Top\u00f3n de La Pintada, Celebraci\u00f3n Navide\u00f1a 100% Campesina con M\u00e1s de 250 A\u00f1os de Historia<\/strong>"},"content":{"rendered":"\n<p>La Pintada, es un Distrito muy rico y variado culturalmente. Esta regi\u00f3n de la provincia de Cocl\u00e9 realiza una de las tradiciones sociales y religiosas m\u00e1s aut\u00f3ctona del pa\u00eds. Un evento Navide\u00f1o que tiene m\u00e1s de 250 a\u00f1os de estar realiz\u00e1ndose y es llamado El Top\u00f3n.<\/p>\n\n\n\n<figure class=\"wp-block-embed is-type-video is-provider-youtube wp-block-embed-youtube wp-embed-aspect-16-9 wp-has-aspect-ratio\"><div class=\"wp-block-embed__wrapper\">\n<iframe loading=\"lazy\" title=\"Top\u00f3n de La Pintada, Celebraci\u00f3n Navide\u00f1a con 250 A\u00f1os de Historia\" width=\"640\" height=\"360\" src=\"https:\/\/www.youtube.com\/embed\/BDeXWWCDhDo?feature=oembed\" frameborder=\"0\" allow=\"accelerometer; autoplay; clipboard-write; encrypted-media; gyroscope; picture-in-picture; web-share\" allowfullscreen><\/iframe>\n<\/div><figcaption class=\"wp-element-caption\">Video: Alfonso Mart\u00ednez Soto<\/figcaption><\/figure>\n\n\n\n<p><strong>Celebraci\u00f3n Navide\u00f1a Netamente Campesina<\/strong><\/p>\n\n\n\n<p>Es la \u00fanica fiesta religiosa en todo el pa\u00eds netamente campesina que se celebra el 25 de diciembre en plena Navidad.&nbsp; Esta tradici\u00f3n herencia del periodo colonial cuenta la historia del peregrinaje de dos im\u00e1genes religiosas: La Virgen Mar\u00eda llamada La Pascualita, y el Ni\u00f1o Dios. Ambos personajes recorren la campi\u00f1a por rutas diferentes hasta toparse en la plaza del pueblo la noche del 25 ante la presencia de cientos de Visitantes que se congregan para presenciar tan emocionante encuentro.<\/p>\n\n\n\n<figure class=\"wp-block-image size-full\"><img decoding=\"async\" loading=\"lazy\" width=\"2048\" height=\"1536\" src=\"https:\/\/www.thevisitorpanama.info\/esp\/wp-content\/uploads\/2023\/12\/EY5LFZZXgAEFKBt.jpg_large.jpg\" alt=\"\" class=\"wp-image-14689\" srcset=\"https:\/\/www.thevisitorpanama.info\/esp\/wp-content\/uploads\/2023\/12\/EY5LFZZXgAEFKBt.jpg_large.jpg 2048w, https:\/\/www.thevisitorpanama.info\/esp\/wp-content\/uploads\/2023\/12\/EY5LFZZXgAEFKBt.jpg_large-768x576.jpg 768w, https:\/\/www.thevisitorpanama.info\/esp\/wp-content\/uploads\/2023\/12\/EY5LFZZXgAEFKBt.jpg_large-1536x1152.jpg 1536w, https:\/\/www.thevisitorpanama.info\/esp\/wp-content\/uploads\/2023\/12\/EY5LFZZXgAEFKBt.jpg_large-80x60.jpg 80w, https:\/\/www.thevisitorpanama.info\/esp\/wp-content\/uploads\/2023\/12\/EY5LFZZXgAEFKBt.jpg_large-100x75.jpg 100w, https:\/\/www.thevisitorpanama.info\/esp\/wp-content\/uploads\/2023\/12\/EY5LFZZXgAEFKBt.jpg_large-180x135.jpg 180w, https:\/\/www.thevisitorpanama.info\/esp\/wp-content\/uploads\/2023\/12\/EY5LFZZXgAEFKBt.jpg_large-238x178.jpg 238w\" sizes=\"(max-width: 2048px) 100vw, 2048px\" \/><\/figure>\n\n\n\n<p>Para quienes asisten a este evento tradicional de Navidad El Top\u00f3n es la b\u00fasqueda permanente de un encuentro de Dios y el hombre, pues la vida de los seres vivos es interrelacionarse en lo bueno y malo del d\u00eda a d\u00eda, as\u00ed como el trato espiritual por el bien.<\/p>\n\n\n\n<figure class=\"wp-block-image size-full\"><img decoding=\"async\" loading=\"lazy\" width=\"1080\" height=\"1080\" src=\"https:\/\/www.thevisitorpanama.info\/esp\/wp-content\/uploads\/2023\/12\/Snapinsta.app_317550221_468398055472698_717159638952433810_n_1080-1.jpg\" alt=\"\" class=\"wp-image-14684\" srcset=\"https:\/\/www.thevisitorpanama.info\/esp\/wp-content\/uploads\/2023\/12\/Snapinsta.app_317550221_468398055472698_717159638952433810_n_1080-1.jpg 1080w, https:\/\/www.thevisitorpanama.info\/esp\/wp-content\/uploads\/2023\/12\/Snapinsta.app_317550221_468398055472698_717159638952433810_n_1080-1-150x150.jpg 150w, https:\/\/www.thevisitorpanama.info\/esp\/wp-content\/uploads\/2023\/12\/Snapinsta.app_317550221_468398055472698_717159638952433810_n_1080-1-768x768.jpg 768w\" sizes=\"(max-width: 1080px) 100vw, 1080px\" \/><\/figure>\n\n\n\n<p>En el pueblo interiorano de La Pintada, este evento es uno de los m\u00e1s importantes en el calendario. La espera por la llegada a la plaza de La Cruz de las dos im\u00e1genes, una virgencita que representa sobre sillitas de madera adornadas de flores del campo a la Virgen Mar\u00eda, y otra, la del Ni\u00f1o Jes\u00fas, ambos ataviados con un sombrero t\u00edpico de la regi\u00f3n. Un encuentro que ha mantenido emocionados a ni\u00f1os y adultos por generaciones.<\/p>\n\n\n\n<p><strong>Dos Procesiones y un Encuentro en la Plaza<\/strong><\/p>\n\n\n\n<p>En esta tradici\u00f3n un grupo de feligreses recorre Llano Grande de La Pintada con la imagen de la Virgen y otro grupo realiza lo mismo, pero en el \u00e1rea de Piedras Gordas con el Ni\u00f1o Jes\u00fas. Despu\u00e9s ambos protagonizan el tradicional &#8220;Top\u00f3n&#8221; en la plaza del pueblo de La Pintada, que es donde ambas im\u00e1genes se encuentran como lo hac\u00edan los antepasados.<\/p>\n\n\n\n<figure class=\"wp-block-image size-full\"><img decoding=\"async\" loading=\"lazy\" width=\"1080\" height=\"1080\" src=\"https:\/\/www.thevisitorpanama.info\/esp\/wp-content\/uploads\/2023\/12\/Snapinsta.app_321697270_131666252856602_606342314790850699_n_1080.jpg\" alt=\"\" class=\"wp-image-14685\" srcset=\"https:\/\/www.thevisitorpanama.info\/esp\/wp-content\/uploads\/2023\/12\/Snapinsta.app_321697270_131666252856602_606342314790850699_n_1080.jpg 1080w, https:\/\/www.thevisitorpanama.info\/esp\/wp-content\/uploads\/2023\/12\/Snapinsta.app_321697270_131666252856602_606342314790850699_n_1080-150x150.jpg 150w, https:\/\/www.thevisitorpanama.info\/esp\/wp-content\/uploads\/2023\/12\/Snapinsta.app_321697270_131666252856602_606342314790850699_n_1080-768x768.jpg 768w\" sizes=\"(max-width: 1080px) 100vw, 1080px\" \/><\/figure>\n\n\n\n<p><strong>Un Peregrinaje que Empieza con Meses de Antelaci\u00f3n<\/strong><\/p>\n\n\n\n<p>En el pueblo la plaza es adornada con luces, flores para preparar la llegada de Pascualita y el Ni\u00f1o Jes\u00fas sobre los hombros de los mayordomos encargados de hacer el peregrinaje por las comunidades campesinas meses antes ofreciendo las bendiciones o recibiendo promesas de Fe y de agradecimiento por los favores recibidos. Todos acompa\u00f1ados con m\u00fasica de violines, y c\u00e1nticos navide\u00f1os para celebrar la misa al aire libre, oficiada por el obispo de Cocl\u00e9 y los sacerdotes de la provincia invitados.<\/p>\n\n\n\n<p>Terminada la eucarist\u00eda, se realiza un recorrido masivo hasta la parroquia Nuestra Se\u00f1ora de La Candelaria para acompa\u00f1ar a las im\u00e1genes que se dejan en el templo hasta el pr\u00f3ximo a\u00f1o.<\/p>\n\n\n\n<figure class=\"wp-block-image size-full is-resized\"><img decoding=\"async\" loading=\"lazy\" src=\"https:\/\/www.thevisitorpanama.info\/esp\/wp-content\/uploads\/2023\/12\/Compress_20231209_215734_4464.jpg\" alt=\"\" class=\"wp-image-14686\" width=\"759\" height=\"1014\"\/><figcaption class=\"wp-element-caption\">Foto Alfonso Mart\u00ednez Soto<\/figcaption><\/figure>\n\n\n\n<figure class=\"wp-block-image size-full is-resized\"><img decoding=\"async\" loading=\"lazy\" src=\"https:\/\/www.thevisitorpanama.info\/esp\/wp-content\/uploads\/2023\/12\/Compress_20231209_215734_4036.jpg\" alt=\"\" class=\"wp-image-14687\" width=\"757\" height=\"1010\" srcset=\"https:\/\/www.thevisitorpanama.info\/esp\/wp-content\/uploads\/2023\/12\/Compress_20231209_215734_4036.jpg 1560w, https:\/\/www.thevisitorpanama.info\/esp\/wp-content\/uploads\/2023\/12\/Compress_20231209_215734_4036-768x1024.jpg 768w, https:\/\/www.thevisitorpanama.info\/esp\/wp-content\/uploads\/2023\/12\/Compress_20231209_215734_4036-1152x1536.jpg 1152w, https:\/\/www.thevisitorpanama.info\/esp\/wp-content\/uploads\/2023\/12\/Compress_20231209_215734_4036-1536x2048.jpg 1536w\" sizes=\"(max-width: 757px) 100vw, 757px\" \/><figcaption class=\"wp-element-caption\">Foto: Alfonso Mart\u00ednez Soto <\/figcaption><\/figure>\n","protected":false},"excerpt":{"rendered":"<p>La Pintada, es un Distrito muy rico y variado culturalmente. Esta regi\u00f3n de la provincia de Cocl\u00e9 realiza una de las tradiciones sociales y religiosas m\u00e1s aut\u00f3ctona del pa\u00eds. Un evento Navide\u00f1o que tiene m\u00e1s de 250 a\u00f1os de estar realiz\u00e1ndose y es llamado El Top\u00f3n. Celebraci\u00f3n Navide\u00f1a Netamente Campesina Es la \u00fanica fiesta religiosa [&hellip;]<\/p>\n","protected":false},"author":1,"featured_media":14691,"comment_status":"open","ping_status":"open","sticky":false,"template":"","format":"standard","meta":[],"categories":[30],"tags":[],"_links":{"self":[{"href":"https:\/\/www.thevisitorpanama.info\/esp\/wp-json\/wp\/v2\/posts\/14681"}],"collection":[{"href":"https:\/\/www.thevisitorpanama.info\/esp\/wp-json\/wp\/v2\/posts"}],"about":[{"href":"https:\/\/www.thevisitorpanama.info\/esp\/wp-json\/wp\/v2\/types\/post"}],"author":[{"embeddable":true,"href":"https:\/\/www.thevisitorpanama.info\/esp\/wp-json\/wp\/v2\/users\/1"}],"replies":[{"embeddable":true,"href":"https:\/\/www.thevisitorpanama.info\/esp\/wp-json\/wp\/v2\/comments?post=14681"}],"version-history":[{"count":4,"href":"https:\/\/www.thevisitorpanama.info\/esp\/wp-json\/wp\/v2\/posts\/14681\/revisions"}],"predecessor-version":[{"id":14710,"href":"https:\/\/www.thevisitorpanama.info\/esp\/wp-json\/wp\/v2\/posts\/14681\/revisions\/14710"}],"wp:featuredmedia":[{"embeddable":true,"href":"https:\/\/www.thevisitorpanama.info\/esp\/wp-json\/wp\/v2\/media\/14691"}],"wp:attachment":[{"href":"https:\/\/www.thevisitorpanama.info\/esp\/wp-json\/wp\/v2\/media?parent=14681"}],"wp:term":[{"taxonomy":"category","embeddable":true,"href":"https:\/\/www.thevisitorpanama.info\/esp\/wp-json\/wp\/v2\/categories?post=14681"},{"taxonomy":"post_tag","embeddable":true,"href":"https:\/\/www.thevisitorpanama.info\/esp\/wp-json\/wp\/v2\/tags?post=14681"}],"curies":[{"name":"wp","href":"https:\/\/api.w.org\/{rel}","templated":true}]}}