{"id":14672,"date":"2023-12-10T18:03:27","date_gmt":"2023-12-10T23:03:27","guid":{"rendered":"https:\/\/www.thevisitorpanama.info\/esp\/?p=14672"},"modified":"2023-12-10T18:03:42","modified_gmt":"2023-12-10T23:03:42","slug":"elmis-castillo-la-industria-cinematografica-panamena-hay-que-desarrollarla-y-hacerla-crecerporque-traera-mas-turismo","status":"publish","type":"post","link":"https:\/\/www.thevisitorpanama.info\/esp\/2023\/12\/10\/elmis-castillo-la-industria-cinematografica-panamena-hay-que-desarrollarla-y-hacerla-crecerporque-traera-mas-turismo\/","title":{"rendered":"Elmis Castillo: \u201cLa industria cinematogr\u00e1fica paname\u00f1a hay que desarrollarla y hacerla crecer\u2026porque traer\u00e1 m\u00e1s turismo\u201d."},"content":{"rendered":"\n<p>Panam\u00e1 vive un resurgimiento de la juventud que ha demostrado estar consciente de los desaf\u00edos que afronta el pa\u00eds y lo que se necesita para resolverlos. Esta es la raz\u00f3n por la que nuestro Invitado Especial es un joven actor y productor paname\u00f1o que ha producido y protagonizado pel\u00edculas como \u201cSancocho Presidencial\u201d donde el foco principal es mostrar de forma jocosa los problemas pol\u00edticos y sociales del pa\u00eds. Con participaciones en pel\u00edculas como \u201cParadise Lost&#8221; (2014), \u201cSalsipuedes\u201d (2016) y \u201cCongelados en Rusia&#8221; (2018) Elmis Castillo este joven oriundo de la ciudad de David en la Provincia de Chiriqu\u00ed dedica un tiempo con The Visitor &#8211; El Visitante para hablar acerca de como el cine puede ayudar al turismo y lo que siente al ser parte de una juventud que est\u00e1 cambiando a Panam\u00e1.<\/p>\n\n\n\n<figure class=\"wp-block-image size-full\"><img decoding=\"async\" loading=\"lazy\" width=\"1512\" height=\"2016\" src=\"https:\/\/www.thevisitorpanama.info\/esp\/wp-content\/uploads\/2023\/12\/Compress_20231209_215037_7900.jpg\" alt=\"\" class=\"wp-image-14674\" srcset=\"https:\/\/www.thevisitorpanama.info\/esp\/wp-content\/uploads\/2023\/12\/Compress_20231209_215037_7900.jpg 1512w, https:\/\/www.thevisitorpanama.info\/esp\/wp-content\/uploads\/2023\/12\/Compress_20231209_215037_7900-768x1024.jpg 768w, https:\/\/www.thevisitorpanama.info\/esp\/wp-content\/uploads\/2023\/12\/Compress_20231209_215037_7900-1152x1536.jpg 1152w\" sizes=\"(max-width: 1512px) 100vw, 1512px\" \/><figcaption class=\"wp-element-caption\">Elmis Castillo- Actor y Productor<\/figcaption><\/figure>\n\n\n\n<p><strong>\u00bfSe puede aplicar la jerga paname\u00f1a que aplicas en tus pel\u00edculas en la comunicaci\u00f3n tur\u00edstica local e internacional?<\/strong><\/p>\n\n\n\n<p>\u201cPor supuesto que s\u00ed, para mi es important\u00edsimo, yo pienso y s\u00e9 que la jerga paname\u00f1a debe estar tanto en lo tur\u00edstico como en nuestras pel\u00edculas y en nuestras historias. Hoy en d\u00eda vemos la cultura como un accesorio, un objeto decorativo en el cual nosotros trabajamos en pro de eso \u00a0para sacarle alg\u00fan beneficio, sin embargo, las pel\u00edculas son fotograf\u00edas de la realidad actual para las pr\u00f3ximas generaciones, es la manera en la que el mundo nos puede ver. El cine Argentino, Espa\u00f1ol, Chileno \u00a0el Mexicano durante su \u00e9poca dorada son excelentes ejemplos de lo que hablo, ya que cada pel\u00edcula ten\u00eda su jerga, y si no la entendias la relacionabas. Por eso veo muy importante rescatar nuestra cultura y exaltarla, y eso es lo que viene a buscar el turista, es lo que busca una persona que va a ver una pel\u00edcula de otro lado. En Hollywood se ha contado todo, por eso hay muchas personas que todos los d\u00edas buscan pel\u00edculas de Centroam\u00e9rica, Francia, del Caribe, entre otros, para entender otro tipo de historias que no han sido contadas. Si hacemos una pel\u00edcula y tratamos de emular lo que se hizo en otro pa\u00eds vamos a fracasar porque ya se hizo y con mucho m\u00e1s presupuesto. Nuestro deber es exaltar nuestra cultura, contar nuestras historias a nuestro modo y que el mundo mire hacia ac\u00e1, as\u00ed mismo como busca hacer el turismo.\u201d<\/p>\n\n\n\n<figure class=\"wp-block-image size-full\"><img decoding=\"async\" loading=\"lazy\" width=\"1512\" height=\"2016\" src=\"https:\/\/www.thevisitorpanama.info\/esp\/wp-content\/uploads\/2023\/12\/Compress_20231209_215038_8345.jpg\" alt=\"\" class=\"wp-image-14675\" srcset=\"https:\/\/www.thevisitorpanama.info\/esp\/wp-content\/uploads\/2023\/12\/Compress_20231209_215038_8345.jpg 1512w, https:\/\/www.thevisitorpanama.info\/esp\/wp-content\/uploads\/2023\/12\/Compress_20231209_215038_8345-768x1024.jpg 768w, https:\/\/www.thevisitorpanama.info\/esp\/wp-content\/uploads\/2023\/12\/Compress_20231209_215038_8345-1152x1536.jpg 1152w\" sizes=\"(max-width: 1512px) 100vw, 1512px\" \/><figcaption class=\"wp-element-caption\">Elmis Castillo- Actor y Productor<\/figcaption><\/figure>\n\n\n\n<p><strong>\u00bfCu\u00e1l es la imagen que has visto tienen los extranjeros de Panam\u00e1 y su gente?<\/strong><\/p>\n\n\n\n<p>\u201cHay dos fen\u00f3menos que he visto a nivel internacional, en el cine y la gente. El paname\u00f1o emigra muy poco hay personas que no tienen conceptos de lo que es un paname\u00f1o, m\u00e1s que nada lo ven como centroamericano.\u00a0 La gente escucha de Panam\u00e1 por el canal, Roberto Dur\u00e1n, Rub\u00e9n Blades, pero en general para el anglosaj\u00f3n el paname\u00f1o es del Caribe y Centroam\u00e9rica.\u00a0 En la pa\u00edses que he visitado o que los cautiva a ellos de Panam\u00e1 es que somos un pa\u00eds peque\u00f1o pero enorme en cultura y coraz\u00f3n, con gente guerrera que ha alcanzado grandes logros, desde alcanzar grandes logros deportivos a contar con grandes exponentes de la m\u00fasica. Esto es lo que debemos lograr en el cine, con nuestras historias\u00a0 y estilo que las personas en otros pa\u00edses puedan observar el retrato de Panam\u00e1 a trav\u00e9s de la pantalla.\u201d<\/p>\n\n\n\n<figure class=\"wp-block-image size-full\"><img decoding=\"async\" loading=\"lazy\" width=\"1158\" height=\"1544\" src=\"https:\/\/www.thevisitorpanama.info\/esp\/wp-content\/uploads\/2023\/12\/Compress_20231209_215038_8988.jpg\" alt=\"\" class=\"wp-image-14676\" srcset=\"https:\/\/www.thevisitorpanama.info\/esp\/wp-content\/uploads\/2023\/12\/Compress_20231209_215038_8988.jpg 1158w, https:\/\/www.thevisitorpanama.info\/esp\/wp-content\/uploads\/2023\/12\/Compress_20231209_215038_8988-768x1024.jpg 768w, https:\/\/www.thevisitorpanama.info\/esp\/wp-content\/uploads\/2023\/12\/Compress_20231209_215038_8988-1152x1536.jpg 1152w\" sizes=\"(max-width: 1158px) 100vw, 1158px\" \/><figcaption class=\"wp-element-caption\">Elmis Castillo- Actor y Productor<\/figcaption><\/figure>\n\n\n\n<p><strong>Tenemos entendido que fuiste a Hollywood. \u00bfQu\u00e9 tiene Panam\u00e1 que puede interesarle a los grandes estudios de cine?<\/strong><\/p>\n\n\n\n<p>\u201cActualmente estoy viviendo entre Los \u00c1ngeles y Panam\u00e1,\u00a0 la tecnolog\u00eda te permite trabajar a distancia, en especial porque trabajo mucho con redes sociales. Sin embargo a Hollywood le puede interesar mucho de Panam\u00e1 sus hermosas locaciones que tenemos a poca distancia una de otra, un buen ejemplo es poder estar en el Pac\u00edfico y en menos de una hora esta en el Atl\u00e1ntico. Lo que yo creo que podr\u00eda hacer es traer proyectos con los presupuestos de all\u00e1 y grabarlo con el talento, las locaciones y la ejecuci\u00f3n de producci\u00f3n de ac\u00e1. Eso ser\u00eda una apuesta ganadora ya que los precios de ac\u00e1 no son los de all\u00e1 y aunque sea algo de bajo presupuesto de Hollywood estamos hablando de millones de d\u00f3lares.\u00a0 Es una de las metas que tengo y de las cosas que me encantar\u00eda hacer, traer proyectos y exportar nuestras historias, nuestro sabor, nuestra imagen, y llevarlo a esas grandes ciudades.\u201d<\/p>\n\n\n\n<figure class=\"wp-block-image size-full\"><img decoding=\"async\" loading=\"lazy\" width=\"1512\" height=\"2016\" src=\"https:\/\/www.thevisitorpanama.info\/esp\/wp-content\/uploads\/2023\/12\/Compress_20231209_215036_6860.jpg\" alt=\"\" class=\"wp-image-14677\" srcset=\"https:\/\/www.thevisitorpanama.info\/esp\/wp-content\/uploads\/2023\/12\/Compress_20231209_215036_6860.jpg 1512w, https:\/\/www.thevisitorpanama.info\/esp\/wp-content\/uploads\/2023\/12\/Compress_20231209_215036_6860-768x1024.jpg 768w, https:\/\/www.thevisitorpanama.info\/esp\/wp-content\/uploads\/2023\/12\/Compress_20231209_215036_6860-1152x1536.jpg 1152w\" sizes=\"(max-width: 1512px) 100vw, 1512px\" \/><\/figure>\n\n\n\n<p><strong>Los j\u00f3venes protagonizaron el mayor movimiento de consciencia nacional durante los \u00faltimos acontecimientos.&nbsp; Si fuera una pel\u00edcula, como describir\u00edas la sinopsis de esa historia?<\/strong><\/p>\n\n\n\n<p>\u201cDurante los \u00faltimos acontecimientos vemos a muchos j\u00f3venes y no veo a un pa\u00eds victimiz\u00e1ndose. Hay dolor pero tambi\u00e9n luz, y creo que esa luz son la gran cantidad de j\u00f3venes interesados en la pol\u00edtica nacional. Hay un dicho que nos representa en estos momentos que dice \u201chay siglos que parece que no pasa nada y hay semanas que parece que sucede todo\u201d. Yo creo que ese despertar de los j\u00f3venes, de ir a las calles que se dio a trav\u00e9s de las redes sociales y que ayud\u00f3 a que la gente se contagiara de ese patriotismo, de esa gota que derram\u00f3 el vaso. Hay muchos temas que ver en este despertar de Panam\u00e1.\u00a0 Casualmente me preguntas qu\u00e9 sinopsis har\u00eda para una pel\u00edcula de Panam\u00e1? Yo casualmente estoy haciendo una pel\u00edcula que se llama \u201cErase una vez en Panam\u00e1\u201d que aunque no trate del tema de la mina directamente, trata de los problemas que hizo que la gente saliera a la calle, porque no es solo por la miner\u00eda, somos el pa\u00eds n\u00famero 12 m\u00e1s desigual del mundo, tenemos la danza de millones la riqueza en este pa\u00eds y tenemos la desigualdad enorme. Hay 500 escuelas rancho en el pa\u00eds sin erradicar seg\u00fan el Ministerio de Educaci\u00f3n.\u00a0 Somos de los pa\u00edses m\u00e1s corruptos de la regi\u00f3n, son temas que toc\u00f3 en la pel\u00edcula que estoy haciendo. Tenemos personas en el poder hace 35 a\u00f1os pr\u00e1cticamente sin hace nada, y no veo un avance espec\u00edfico 3n las \u00e1reas donde ellos est\u00e1n.\u00a0 Hablamos mucho de democracia pero lo veo m\u00e1s en decisiones est\u00e9ticas como arreglar un parque, comprar unas lucecitas, no lo veo en temas importantes. Se toman decisiones a puertas cerradas con un plumazo sin preguntarle a nadie. Erase una vez en Panam\u00e1 habla de todos esos temas, la desapariciones, la gente que ha estado en el pasado y que todav\u00eda sigue en el poder, el sistema de salud colapsando. No es un tema s\u00f3lo de Panam\u00e1,\u00a0 sino de Latinoam\u00e9rica que da tristeza como le quitan el dinero a un problema tan grande como el oncol\u00f3gico, y dan auxilios econ\u00f3micos a personas que tienen dinero.\u201d<\/p>\n\n\n\n<figure class=\"wp-block-image size-full\"><img decoding=\"async\" loading=\"lazy\" width=\"1512\" height=\"2016\" src=\"https:\/\/www.thevisitorpanama.info\/esp\/wp-content\/uploads\/2023\/12\/Compress_20231209_215039_9648.jpg\" alt=\"\" class=\"wp-image-14678\" srcset=\"https:\/\/www.thevisitorpanama.info\/esp\/wp-content\/uploads\/2023\/12\/Compress_20231209_215039_9648.jpg 1512w, https:\/\/www.thevisitorpanama.info\/esp\/wp-content\/uploads\/2023\/12\/Compress_20231209_215039_9648-768x1024.jpg 768w, https:\/\/www.thevisitorpanama.info\/esp\/wp-content\/uploads\/2023\/12\/Compress_20231209_215039_9648-1152x1536.jpg 1152w\" sizes=\"(max-width: 1512px) 100vw, 1512px\" \/><\/figure>\n\n\n\n<p><strong>De todos los lugares que has filmado en Panam\u00e1 cu\u00e1les son tus favoritos y por qu\u00e9?<\/strong><\/p>\n\n\n\n<p>\u201cLlevo 11 pel\u00edculas como actor y varias series, no he tenido la oportunidad de grabar en el Interior, porque como sabr\u00e1s es un costo grande llevarse a toda la gente a estos lugares. Si he podido hacer peque\u00f1as tomas y secuencias en varios destinos del pa\u00eds. Forme parte de una pel\u00edcula que se llam\u00f3 \u201cDonaire y Esplendor&#8221;, que trataba acerca de los carnavales y fuimos a una playa llamada El Uverito en Los Santos, una playa hermosa que no conoc\u00eda y la energ\u00eda del lugar fue incre\u00edble. Tambi\u00e9n grab\u00e9 la pel\u00edcula \u201cLocos al Poder&#8221; que fui mi primera experiencia como actor y productor y donde tuve la oportunidad de grabar en la ciudad de David donde nac\u00ed y crec\u00ed, igualmente en partes de Dolega que es donde fui a la escuela. Grabamos en esos caminos y quebradas que para mi significan mucho y que deseo volver, sin embargo, Panam\u00e1 tiene muchos otros lugares que me encantar\u00eda tenerlos para mostrar en la pantalla grande.\u201d<\/p>\n\n\n\n<p><strong>\u00bfC\u00f3mo describir\u00edas una Navidad a lo Paname\u00f1a?<\/strong><\/p>\n\n\n\n<p>\u201cUna Navidad al estilo paname\u00f1o, vern\u00e1cular, cutri\u00f1uado y muy pritty primero ser\u00eda con la brisa de verano soplando en Navidad, pas\u00e1ndolo con la familia, disfrutando de la salsa Navide\u00f1a, la comida, los tamales (sin pasita en mi caso). Para mi diciembre es un mes hermoso como que voy llenando las energ\u00edas para el a\u00f1o que viene, la verdad que Navidad en Panam\u00e1 en pocas palabras creo que es emocionante, vibrante, colorida, es hermosa. He tenido oportunidad de vivir varios diciembre en otros pa\u00edses, uno fue Rusia, un pa\u00eds que a pesar de que todo estaba lleno de foquitos \u00a0el ballet Nacional se estaba presentando en las plazas a mi me hacia falta el calor, porque eso de pasar Navidad con fr\u00edo hermano, no se si soy un animal tropical o que, pero igual me pas\u00f3 en Los \u00c1ngeles, era invierno, inocencia a las cinco de la tarde y aunque si la pase hermoso pues estuve compartiendo con gente paname\u00f1a all\u00e1, siempre me hace falta esa paname\u00f1idad, ese arroz con pollo qu3 somos nosotros.\u201d<\/p>\n\n\n\n<figure class=\"wp-block-image size-full\"><img decoding=\"async\" loading=\"lazy\" width=\"2000\" height=\"1126\" src=\"https:\/\/www.thevisitorpanama.info\/esp\/wp-content\/uploads\/2023\/12\/Compress_20231209_215038_8686.jpg\" alt=\"\" class=\"wp-image-14679\" srcset=\"https:\/\/www.thevisitorpanama.info\/esp\/wp-content\/uploads\/2023\/12\/Compress_20231209_215038_8686.jpg 2000w, https:\/\/www.thevisitorpanama.info\/esp\/wp-content\/uploads\/2023\/12\/Compress_20231209_215038_8686-768x432.jpg 768w, https:\/\/www.thevisitorpanama.info\/esp\/wp-content\/uploads\/2023\/12\/Compress_20231209_215038_8686-1536x865.jpg 1536w\" sizes=\"(max-width: 2000px) 100vw, 2000px\" \/><figcaption class=\"wp-element-caption\">Elmis Castillo- Actor y Productor<\/figcaption><\/figure>\n\n\n\n<p><strong>\u00bfC\u00f3mo el cine puede ayudar a elevar el \u201cawareness&#8221; de las personas en el extranjero acerca de nuestro pa\u00eds?<\/strong><\/p>\n\n\n\n<p>\u201cYo creo que a nivel tur\u00edstico conviene mucho que Panam\u00e1 haga pel\u00edculas, sabes donde inicia la pel\u00edcula, pero nunca sabes donde va a terminar, a qu\u00e9 festival va a llegar, que premios ganar\u00e1, quien la va a ver, y yo creo pueblos pa\u00edses m\u00e1s visitados del mundo se han vendido a trav\u00e9s de pel\u00edculas famosas. Y puedo ir a Nueva York y saber donde grabaron escenas de la pelicula \u201cEl Joker&#8221; con Joaqu\u00edn Phoenix, incluso la casa donde se grab\u00f3 la famosa pel\u00edcula \u201cMi Pobre Angelito&#8221;, la gente visita esa casa para tomarse la foto. Es algo que ayudar\u00eda mucho a Panam\u00e1 y que nos hace vender el pa\u00eds tanto tur\u00edsticamente como comercialmente,&nbsp; porqu3 s nosotros logramos que la gente en verano venga, grab\u00e9 su pel\u00edcula aqu\u00ed,&nbsp; se puede llevar parte de su inversi\u00f3n y genere empleo en Panam\u00e1,&nbsp; estar\u00edamos logrando tanto tur\u00edstica como cinematogr\u00e1ficamente a nivel de producci\u00f3n much\u00edsimo. Por esta raz\u00f3n est\u00e1 industria debe ser alimentada y debe crecer\u2026porque nos va a traer turismo.\u201d<\/p>\n","protected":false},"excerpt":{"rendered":"<p>Panam\u00e1 vive un resurgimiento de la juventud que ha demostrado estar consciente de los desaf\u00edos que afronta el pa\u00eds y lo que se necesita para resolverlos. Esta es la raz\u00f3n por la que nuestro Invitado Especial es un joven actor y productor paname\u00f1o que ha producido y protagonizado pel\u00edculas como \u201cSancocho Presidencial\u201d donde el foco [&hellip;]<\/p>\n","protected":false},"author":1,"featured_media":14673,"comment_status":"open","ping_status":"open","sticky":false,"template":"","format":"standard","meta":[],"categories":[1],"tags":[],"_links":{"self":[{"href":"https:\/\/www.thevisitorpanama.info\/esp\/wp-json\/wp\/v2\/posts\/14672"}],"collection":[{"href":"https:\/\/www.thevisitorpanama.info\/esp\/wp-json\/wp\/v2\/posts"}],"about":[{"href":"https:\/\/www.thevisitorpanama.info\/esp\/wp-json\/wp\/v2\/types\/post"}],"author":[{"embeddable":true,"href":"https:\/\/www.thevisitorpanama.info\/esp\/wp-json\/wp\/v2\/users\/1"}],"replies":[{"embeddable":true,"href":"https:\/\/www.thevisitorpanama.info\/esp\/wp-json\/wp\/v2\/comments?post=14672"}],"version-history":[{"count":1,"href":"https:\/\/www.thevisitorpanama.info\/esp\/wp-json\/wp\/v2\/posts\/14672\/revisions"}],"predecessor-version":[{"id":14680,"href":"https:\/\/www.thevisitorpanama.info\/esp\/wp-json\/wp\/v2\/posts\/14672\/revisions\/14680"}],"wp:featuredmedia":[{"embeddable":true,"href":"https:\/\/www.thevisitorpanama.info\/esp\/wp-json\/wp\/v2\/media\/14673"}],"wp:attachment":[{"href":"https:\/\/www.thevisitorpanama.info\/esp\/wp-json\/wp\/v2\/media?parent=14672"}],"wp:term":[{"taxonomy":"category","embeddable":true,"href":"https:\/\/www.thevisitorpanama.info\/esp\/wp-json\/wp\/v2\/categories?post=14672"},{"taxonomy":"post_tag","embeddable":true,"href":"https:\/\/www.thevisitorpanama.info\/esp\/wp-json\/wp\/v2\/tags?post=14672"}],"curies":[{"name":"wp","href":"https:\/\/api.w.org\/{rel}","templated":true}]}}