{"id":14633,"date":"2023-12-09T20:24:36","date_gmt":"2023-12-10T01:24:36","guid":{"rendered":"https:\/\/www.thevisitorpanama.info\/esp\/?p=14633"},"modified":"2023-12-09T20:25:16","modified_gmt":"2023-12-10T01:25:16","slug":"construiran-nueva-escuela-de-bellas-artes-y-centro-cultural-en-penonome","status":"publish","type":"post","link":"https:\/\/www.thevisitorpanama.info\/esp\/2023\/12\/09\/construiran-nueva-escuela-de-bellas-artes-y-centro-cultural-en-penonome\/","title":{"rendered":"Construiran Nueva Escuela de Bellas Artes y Centro Cultural en Penonom\u00e9"},"content":{"rendered":"\n<p>Con una inversi\u00f3n de m\u00e1s de 10 millones de balboas, el Ministerio de Cultura (MiCultura) tiene contemplado dotar a la provincia de Cocl\u00e9 con el Proyecto Centro de Bellas Artes y Centro Cultural Estelina Tejeira que beneficiar\u00e1, no solo a los 200 estudiantes y docentes de la Escuela de Bellas Artes, sino que adem\u00e1s resultar\u00e1 un gran atractivo dentro del distrito de Penonom\u00e9 y del \u00e1rea central del pa\u00eds.<\/p>\n\n\n\n<p>Estudiantes, docentes, padres de familia del actual Centro de Bellas Artes y Folklore Estelina Tejeira de Penonom\u00e9, autoridades locales de la gobernaci\u00f3n y del Ministerio de Educaci\u00f3n (Meduca), as\u00ed como tambi\u00e9n de la sociedad civil representada en Unidos por Penonom\u00e9, tuvieron la oportunidad de conocer el proyecto del novedoso centro, su impacto y cu\u00e1les son los componentes y valores del mismo de la voz de Carlos Him, director de infraestructura y Jaime Z\u00e1rate, arquitecto encargado de la conceptualizaci\u00f3n del proyecto, ambos funcionarios de MiCultura.<\/p>\n\n\n\n<figure class=\"wp-block-image size-full\"><img decoding=\"async\" loading=\"lazy\" width=\"768\" height=\"623\" src=\"https:\/\/www.thevisitorpanama.info\/esp\/wp-content\/uploads\/2023\/12\/WhatsApp-Image-2023-04-18-at-6.47.17-PM-768x623-1.jpeg\" alt=\"\" class=\"wp-image-14635\"\/><\/figure>\n\n\n\n<p>Los participantes recibieron con benepl\u00e1cito la propuesta y se mostraron complacidos con la explicaci\u00f3n realizada por los funcionarios y agradecieron este primer acercamiento que les proporciona una visi\u00f3n de lo que significar\u00e1 este proyecto que se enfocar\u00e1 en la formaci\u00f3n y el realce de las disciplinas art\u00edsticas y culturales en Cocl\u00e9 y hacia otras provincias, significando un potente intercambio cultural entre profesionales del arte y estudiantes.<\/p>\n\n\n\n<p>La obra que estar\u00e1 a cargo de las empresas Centro Equipo y Constructora De Le\u00f3n abarcar\u00e1 un \u00e1rea de intervenci\u00f3n de 6,817 metros cuadrados el cual contar\u00e1 con ocho pisos, incluyendo un \u00e1rea de estacionamientos, auditorio, anfiteatro, salones de clases, cafeter\u00eda, \u00e1reas de estar, biblioteca, salas para talleres y conferencias, sanitarios, rampas y elevadores entre otras adecuaciones.<\/p>\n\n\n\n<p>Los funcionarios explicaron que los dos primeros niveles del edificio albergar\u00e1n la Escuela de Bellas Artes y el resto ser\u00e1 un centro cultural que ser\u00e1 una gran oportunidad para el desarrollo de las industrias culturales y creativas, todas las iniciativas art\u00edsticas, la promoci\u00f3n de nuestro folklore y de otras iniciativas que promuevan los derechos culturales, ampliando el alcance de la oferta cultural.<\/p>\n\n\n\n<p>En este primer acercamiento con la comunidad educativa del CESBAF Estelina Tejeira, se trataron temas como las alternativas del traslado de los estudiantes y personal docente y administrativo mientras duren los trabajos, as\u00ed como la participaci\u00f3n activa de los involucrados en el proceso de intervenci\u00f3n arquitect\u00f3nica y art\u00edstica del nuevo edificio.<\/p>\n\n\n\n<p>Sobre las fases en que estar\u00e1 dividido en proyecto, Carlos Him explic\u00f3 que este proyecto contar\u00e1 con dos fases. La primera consistir\u00e1 en el desarrollo del dise\u00f1o y los estudios (de suelo, de tr\u00e1nsito, topogr\u00e1fico), entre otros que son necesarios para este tipo de proyectos. Mientras que la segunda consistir\u00e1 en la construcci\u00f3n del edificio con las especificaciones sugeridas, equipamiento y mobiliario y su respectivo manual de mantenimiento.<\/p>\n\n\n\n<p>Emy Figueroa, directora regional de MiCultura en Cocl\u00e9, Isaac Melquis Quir\u00f3s, vicegobernador de la provincia de Cocl\u00e9, Isaac Melamed de la Sociedad Civil Unidos por Penonom\u00e9 y Marianela G\u00f3mez, directora regional del Ministerio de Educaci\u00f3n, fueron parte de las autoridades locales que participaron de esta jornada.<\/p>\n","protected":false},"excerpt":{"rendered":"<p>Con una inversi\u00f3n de m\u00e1s de 10 millones de balboas, el Ministerio de Cultura (MiCultura) tiene contemplado dotar a la provincia de Cocl\u00e9 con el Proyecto Centro de Bellas Artes y Centro Cultural Estelina Tejeira que beneficiar\u00e1, no solo a los 200 estudiantes y docentes de la Escuela de Bellas Artes, sino que adem\u00e1s resultar\u00e1 [&hellip;]<\/p>\n","protected":false},"author":1,"featured_media":14634,"comment_status":"open","ping_status":"open","sticky":false,"template":"","format":"standard","meta":[],"categories":[44],"tags":[],"_links":{"self":[{"href":"https:\/\/www.thevisitorpanama.info\/esp\/wp-json\/wp\/v2\/posts\/14633"}],"collection":[{"href":"https:\/\/www.thevisitorpanama.info\/esp\/wp-json\/wp\/v2\/posts"}],"about":[{"href":"https:\/\/www.thevisitorpanama.info\/esp\/wp-json\/wp\/v2\/types\/post"}],"author":[{"embeddable":true,"href":"https:\/\/www.thevisitorpanama.info\/esp\/wp-json\/wp\/v2\/users\/1"}],"replies":[{"embeddable":true,"href":"https:\/\/www.thevisitorpanama.info\/esp\/wp-json\/wp\/v2\/comments?post=14633"}],"version-history":[{"count":1,"href":"https:\/\/www.thevisitorpanama.info\/esp\/wp-json\/wp\/v2\/posts\/14633\/revisions"}],"predecessor-version":[{"id":14636,"href":"https:\/\/www.thevisitorpanama.info\/esp\/wp-json\/wp\/v2\/posts\/14633\/revisions\/14636"}],"wp:featuredmedia":[{"embeddable":true,"href":"https:\/\/www.thevisitorpanama.info\/esp\/wp-json\/wp\/v2\/media\/14634"}],"wp:attachment":[{"href":"https:\/\/www.thevisitorpanama.info\/esp\/wp-json\/wp\/v2\/media?parent=14633"}],"wp:term":[{"taxonomy":"category","embeddable":true,"href":"https:\/\/www.thevisitorpanama.info\/esp\/wp-json\/wp\/v2\/categories?post=14633"},{"taxonomy":"post_tag","embeddable":true,"href":"https:\/\/www.thevisitorpanama.info\/esp\/wp-json\/wp\/v2\/tags?post=14633"}],"curies":[{"name":"wp","href":"https:\/\/api.w.org\/{rel}","templated":true}]}}