{"id":14616,"date":"2023-12-07T20:46:01","date_gmt":"2023-12-08T01:46:01","guid":{"rendered":"https:\/\/www.thevisitorpanama.info\/esp\/?p=14616"},"modified":"2023-12-07T20:56:13","modified_gmt":"2023-12-08T01:56:13","slug":"premios-panama-en-positivo-2023-nueve-anos-celebrando-lo-bueno","status":"publish","type":"post","link":"https:\/\/www.thevisitorpanama.info\/esp\/2023\/12\/07\/premios-panama-en-positivo-2023-nueve-anos-celebrando-lo-bueno\/","title":{"rendered":"Premios Panam\u00e1 en Positivo 2023: Nueve a\u00f1os Celebrando lo Bueno"},"content":{"rendered":"\n<p>Panam\u00e1 05 de diciembre de 2023.\u00a0La Gala de los Premios Panam\u00e1 en Positivo es una distinci\u00f3n a personas, empresas, emprendedores o grupos que hacen la diferencia por el pa\u00eds, logrando promover una econom\u00eda sostenible, una huella social real y el desarrollo de buenas pr\u00e1cticas a nivel de sus comunidades.<\/p>\n\n\n\n<figure class=\"wp-block-image size-full\"><img decoding=\"async\" loading=\"lazy\" width=\"1600\" height=\"1066\" src=\"https:\/\/www.thevisitorpanama.info\/esp\/wp-content\/uploads\/2023\/12\/IMG-20231206-WA0007.jpg\" alt=\"\" class=\"wp-image-14621\" srcset=\"https:\/\/www.thevisitorpanama.info\/esp\/wp-content\/uploads\/2023\/12\/IMG-20231206-WA0007.jpg 1600w, https:\/\/www.thevisitorpanama.info\/esp\/wp-content\/uploads\/2023\/12\/IMG-20231206-WA0007-768x512.jpg 768w, https:\/\/www.thevisitorpanama.info\/esp\/wp-content\/uploads\/2023\/12\/IMG-20231206-WA0007-1536x1023.jpg 1536w\" sizes=\"(max-width: 1600px) 100vw, 1600px\" \/><\/figure>\n\n\n\n<p><br>La Plataforma Panam\u00e1 en Positivo, cuenta con once (11) a\u00f1os de trayectoria ininterrumpida, fomentando la creaci\u00f3n de emprendimientos, la dotaci\u00f3n de conocimientos a trav\u00e9s de talleres y networking con prop\u00f3sito cuyo objetivo va en el marco de fortalecer la presencia de cada grupo.<\/p>\n\n\n\n<p><br>Durante esta 9.\u00aa edici\u00f3n, los nominados a los Premios Panam\u00e1 en Positivo 2023, han participado de m\u00faltiples talleres de formaci\u00f3n y acompa\u00f1amiento, lo que permitir\u00e1 alcanzar mayor atenci\u00f3n durante cualquier presentaci\u00f3n en el futuro, as\u00ed como consejos para atender entrevistas y potenciar sus ideas.<\/p>\n\n\n\n<figure class=\"wp-block-image size-full\"><img decoding=\"async\" loading=\"lazy\" width=\"1600\" height=\"1066\" src=\"https:\/\/www.thevisitorpanama.info\/esp\/wp-content\/uploads\/2023\/12\/IMG-20231206-WA0003.jpg\" alt=\"\" class=\"wp-image-14622\" srcset=\"https:\/\/www.thevisitorpanama.info\/esp\/wp-content\/uploads\/2023\/12\/IMG-20231206-WA0003.jpg 1600w, https:\/\/www.thevisitorpanama.info\/esp\/wp-content\/uploads\/2023\/12\/IMG-20231206-WA0003-768x512.jpg 768w, https:\/\/www.thevisitorpanama.info\/esp\/wp-content\/uploads\/2023\/12\/IMG-20231206-WA0003-1536x1023.jpg 1536w\" sizes=\"(max-width: 1600px) 100vw, 1600px\" \/><\/figure>\n\n\n\n<p><br>Los nominados, son reconocidos no solo por sus ideas, aplicabilidad y gesti\u00f3n, sino por ser emprendedores gestores para motivar a otros a atreverse a marcar la diferencia.\u00a0 La gala honra, sin duda, el liderazgo, la empat\u00eda de personas que desde sus distintas vitrinas promueven cambios en positivo.<\/p>\n\n\n\n<figure class=\"wp-block-image size-full\"><img decoding=\"async\" loading=\"lazy\" width=\"1600\" height=\"1066\" src=\"https:\/\/www.thevisitorpanama.info\/esp\/wp-content\/uploads\/2023\/12\/IMG-20231206-WA0006.jpg\" alt=\"\" class=\"wp-image-14625\" srcset=\"https:\/\/www.thevisitorpanama.info\/esp\/wp-content\/uploads\/2023\/12\/IMG-20231206-WA0006.jpg 1600w, https:\/\/www.thevisitorpanama.info\/esp\/wp-content\/uploads\/2023\/12\/IMG-20231206-WA0006-768x512.jpg 768w, https:\/\/www.thevisitorpanama.info\/esp\/wp-content\/uploads\/2023\/12\/IMG-20231206-WA0006-1536x1023.jpg 1536w\" sizes=\"(max-width: 1600px) 100vw, 1600px\" \/><\/figure>\n\n\n\n<p><br>Este a\u00f1o la gala cont\u00f3 con la experiencia de 18 jurados y el acompa\u00f1amiento de m\u00faltiples asesores que voluntariamente estuvieron aportando a este gran proyecto.\u00a0 Para elegir a los ganadores, el p\u00fablico tuvo la oportunidad de apoyar a sus finalistas con su voto que posibilit\u00f3 con un 60% y 40% representado con el voto de los jurados conformados por: Itai Bardov, Embajador de Israel en Panam\u00e1, Jos\u00e9 Ram\u00f3n Mena, Aime\u00e9 Sentmat de Grimaldo, Aurelio Barria Mock, Ignacio Mallol, Ivette Franco, Julio de la Lastra, Marcela Galindo, Ilya Espino de Marotta, Mirei Endara, Miguel Bolinaga, Virginia Matos de Barria, Roberto Mendoza, Carlos Urriola, Juan Octavio D\u00edaz, Mar\u00eda F\u00e1brega, Maribel Gamallo y Rogelio Campos.<\/p>\n\n\n\n<figure class=\"wp-block-image size-full\"><img decoding=\"async\" loading=\"lazy\" width=\"1600\" height=\"1066\" src=\"https:\/\/www.thevisitorpanama.info\/esp\/wp-content\/uploads\/2023\/12\/IMG-20231206-WA0000.jpg\" alt=\"\" class=\"wp-image-14626\" srcset=\"https:\/\/www.thevisitorpanama.info\/esp\/wp-content\/uploads\/2023\/12\/IMG-20231206-WA0000.jpg 1600w, https:\/\/www.thevisitorpanama.info\/esp\/wp-content\/uploads\/2023\/12\/IMG-20231206-WA0000-768x512.jpg 768w, https:\/\/www.thevisitorpanama.info\/esp\/wp-content\/uploads\/2023\/12\/IMG-20231206-WA0000-1536x1023.jpg 1536w\" sizes=\"(max-width: 1600px) 100vw, 1600px\" \/><\/figure>\n\n\n\n<p><br>Durante esta edici\u00f3n se entregaron dos reconocimientos especiales que gozan de la admiraci\u00f3n de centenares de personas a nivel local e internacional, siendo ejemplo excepcional para nuestras presentes y futuras generaciones, logrando inspirar la vida de otros. <\/p>\n\n\n\n<p><br>Uno de estos premios, resalt\u00f3 el legado musical de Omar Alfanno, al otorgar por parte de la organizaci\u00f3n el Premio Rosa Mar\u00eda Britton, al cantautor paname\u00f1o que goza de una trayectoria de m\u00e1s de 30 a\u00f1os, influyendo con sus melod\u00edas a quienes disfrutan de sus \u00e9xitos y otros artistas que siguen sus pasos y corean sus canciones a nivel nacional e internacional.\u00a0 Su camino art\u00edstico le ha llevado a hacerse merecedor de grandes reconocimientos tales como Latin Grammy, Premios Billboard, entre otros, y es parte del sal\u00f3n de la fama de los compositores latinos, desde el a\u00f1o 2014.<\/p>\n\n\n\n<figure class=\"wp-block-image size-full\"><img decoding=\"async\" loading=\"lazy\" width=\"1600\" height=\"1066\" src=\"https:\/\/www.thevisitorpanama.info\/esp\/wp-content\/uploads\/2023\/12\/IMG-20231206-WA0002.jpg\" alt=\"\" class=\"wp-image-14627\" srcset=\"https:\/\/www.thevisitorpanama.info\/esp\/wp-content\/uploads\/2023\/12\/IMG-20231206-WA0002.jpg 1600w, https:\/\/www.thevisitorpanama.info\/esp\/wp-content\/uploads\/2023\/12\/IMG-20231206-WA0002-768x512.jpg 768w, https:\/\/www.thevisitorpanama.info\/esp\/wp-content\/uploads\/2023\/12\/IMG-20231206-WA0002-1536x1023.jpg 1536w\" sizes=\"(max-width: 1600px) 100vw, 1600px\" \/><\/figure>\n\n\n\n<p><br>Adem\u00e1s, se entreg\u00f3 el Premio a la Excelencia que distingue este a\u00f1o a Diana Mart\u00e1ns, con m\u00e1s de 20 a\u00f1os de trayectoria profesional. La comunicadora y empresaria ha dedicado su experiencia a resaltar el trabajo que desarrollan las compa\u00f1\u00edas en el pa\u00eds, la comunicaci\u00f3n y la importancia de la reputaci\u00f3n empresarial, como un rubro social que mueve e impacta nuestra econom\u00eda.<br>Para Marisol Guizado, CEO de la Plataforma Panam\u00e1 en Positivo, estos premios especiales distinguen el legado que han construido personalidades de nuestro pa\u00eds: Los galardonados son un modelo a seguir para las generaciones futuras, son figuras positivas de dedicaci\u00f3n, innovaci\u00f3n y excelencia, en sus distintos escenarios, mostr\u00e1ndonos con su trayectoria un compromiso inmutable a trav\u00e9s, de su trabajo y la pasi\u00f3n con la que lo que hacen.<\/p>\n\n\n\n<p><br>En esta edici\u00f3n los ganadores de las trece categor\u00edas fueron:<\/p>\n\n\n\n<ol>\n<li>&nbsp;&nbsp;&nbsp;&nbsp;&nbsp;&nbsp;&nbsp; Agente de Cambio: Nethaly Montenegro<br>2.&nbsp;&nbsp;&nbsp;&nbsp;&nbsp;&nbsp;&nbsp;&nbsp; Arte y Cultura en Positivo: Fundaci\u00f3n Espacio Creativo Programa Enlaces<br>3.&nbsp;&nbsp;&nbsp;&nbsp;&nbsp;&nbsp;&nbsp;&nbsp; Artista en Positivo: Idannia Dowman<br>4.&nbsp;&nbsp;&nbsp;&nbsp;&nbsp;&nbsp;&nbsp;&nbsp; Comunicador en Positivo: Empate entre Hugo Faman\u00eda y Raquel Robleda<br>5.&nbsp;&nbsp;&nbsp;&nbsp;&nbsp;&nbsp;&nbsp;&nbsp; Deportista en Positivo: Marta Cox<br>6.&nbsp;&nbsp;&nbsp;&nbsp;&nbsp;&nbsp;&nbsp;&nbsp; Emprendimiento en Positivo: Muver<br>7.&nbsp;&nbsp;&nbsp;&nbsp;&nbsp;&nbsp;&nbsp;&nbsp; Medio Digital en Positivo: Los Emprendementes<br>8.&nbsp;&nbsp;&nbsp;&nbsp;&nbsp;&nbsp;&nbsp;&nbsp; Oeneg\u00e9 en Positivo: Obra Mercedaria<br>9.&nbsp;&nbsp;&nbsp;&nbsp;&nbsp;&nbsp;&nbsp;&nbsp; Sostenibilidad Ambiental en Positivo: Tortugu\u00edas<br>10.&nbsp;&nbsp;&nbsp;&nbsp;&nbsp;&nbsp; Turismo en Positivo: Caminando Pty<br>11.&nbsp;&nbsp;&nbsp;&nbsp;&nbsp;&nbsp; Juventud en Positivo: Sabrina Murillo<br>12.&nbsp;&nbsp;&nbsp;&nbsp;&nbsp;&nbsp; Empresa en Positivo:&nbsp;Tecnasa<br>13.&nbsp;&nbsp;&nbsp;&nbsp;&nbsp;&nbsp; Pa\u00eds Amigo: Espa\u00f1a<br>&nbsp;<br>Para Ignacio Mallol, la 9\u00b0 gala de los Premios Panam\u00e1 en Positivo, \u201cha sido tan incre\u00edble como emotiva\u201d, ya que, en cada edici\u00f3n son muchos los lazos que se construyen, no solo entre los jurados y nominados, cada apunte a los participantes tambi\u00e9n no suma a nosotros los jurados y ese intercambio tambi\u00e9n es una recarga positiva para nosotros; sin duda el trabajo realizado cada a\u00f1o es sorprendente y exhort\u00f3 a seguir trabajando por Panam\u00e1.<br>Los Premios Panam\u00e1 en Positivo, arrancan cada a\u00f1o de enero a marzo, con las nominaciones y usted, desde su m\u00f3vil, puede nominar y ser ese primer filtro en dar a conocer a personas y empresas que trabajan arduamente por el pa\u00eds. Recuerde estar pendiente en https:\/\/www.panamaenpositivo.com\/<\/li>\n<\/ol>\n","protected":false},"excerpt":{"rendered":"<p>Panam\u00e1 05 de diciembre de 2023.\u00a0La Gala de los Premios Panam\u00e1 en Positivo es una distinci\u00f3n a personas, empresas, emprendedores o grupos que hacen la diferencia por el pa\u00eds, logrando promover una econom\u00eda sostenible, una huella social real y el desarrollo de buenas pr\u00e1cticas a nivel de sus comunidades. La Plataforma Panam\u00e1 en Positivo, cuenta [&hellip;]<\/p>\n","protected":false},"author":1,"featured_media":14617,"comment_status":"open","ping_status":"open","sticky":false,"template":"","format":"standard","meta":[],"categories":[42],"tags":[],"_links":{"self":[{"href":"https:\/\/www.thevisitorpanama.info\/esp\/wp-json\/wp\/v2\/posts\/14616"}],"collection":[{"href":"https:\/\/www.thevisitorpanama.info\/esp\/wp-json\/wp\/v2\/posts"}],"about":[{"href":"https:\/\/www.thevisitorpanama.info\/esp\/wp-json\/wp\/v2\/types\/post"}],"author":[{"embeddable":true,"href":"https:\/\/www.thevisitorpanama.info\/esp\/wp-json\/wp\/v2\/users\/1"}],"replies":[{"embeddable":true,"href":"https:\/\/www.thevisitorpanama.info\/esp\/wp-json\/wp\/v2\/comments?post=14616"}],"version-history":[{"count":3,"href":"https:\/\/www.thevisitorpanama.info\/esp\/wp-json\/wp\/v2\/posts\/14616\/revisions"}],"predecessor-version":[{"id":14628,"href":"https:\/\/www.thevisitorpanama.info\/esp\/wp-json\/wp\/v2\/posts\/14616\/revisions\/14628"}],"wp:featuredmedia":[{"embeddable":true,"href":"https:\/\/www.thevisitorpanama.info\/esp\/wp-json\/wp\/v2\/media\/14617"}],"wp:attachment":[{"href":"https:\/\/www.thevisitorpanama.info\/esp\/wp-json\/wp\/v2\/media?parent=14616"}],"wp:term":[{"taxonomy":"category","embeddable":true,"href":"https:\/\/www.thevisitorpanama.info\/esp\/wp-json\/wp\/v2\/categories?post=14616"},{"taxonomy":"post_tag","embeddable":true,"href":"https:\/\/www.thevisitorpanama.info\/esp\/wp-json\/wp\/v2\/tags?post=14616"}],"curies":[{"name":"wp","href":"https:\/\/api.w.org\/{rel}","templated":true}]}}