{"id":14608,"date":"2023-12-04T19:55:52","date_gmt":"2023-12-05T00:55:52","guid":{"rendered":"https:\/\/www.thevisitorpanama.info\/esp\/?p=14608"},"modified":"2023-12-04T20:25:10","modified_gmt":"2023-12-05T01:25:10","slug":"la-feria-de-las-flores-y-del-cafe-en-boquete-se-realizara-del-11-al-21-de-enero-de-2024","status":"publish","type":"post","link":"https:\/\/www.thevisitorpanama.info\/esp\/2023\/12\/04\/la-feria-de-las-flores-y-del-cafe-en-boquete-se-realizara-del-11-al-21-de-enero-de-2024\/","title":{"rendered":"La Fer\u00eda de las Flores y del Caf\u00e9 en Boquete se Realizar\u00e1 del 11 al 21 de Enero de 2024"},"content":{"rendered":"\n<p>La Feria de las Flores y del Caf\u00e9 es una de las actividades paname\u00f1as m\u00e1s concurridas por nacionales y visitantes extranjeros durante la \u00e9poca de verano.<\/p>\n\n\n\n<p>La edici\u00f3n N\u00b0 51 de la Feria de las Flores y del Caf\u00e9 se realizar\u00e1 del jueves 11 al domingo 21 de enero del 2024, en el distrito de Boquete, provincia de Chiriqu\u00ed, seg\u00fan se anunci\u00f3 el domingo 1 de octubre en sus redes sociales.<\/p>\n\n\n\n<p>Este a\u00f1o, el evento atrajo cientos de visitantes nacionales y extranjeros, quienes disfrutaron de la gran variedad de flores de diferentes colores y tipos cultivadas a lo largo del terreno ferial, siendo este, su mayor atractivo.<\/p>\n\n\n\n<p>En la Feria de las Flores y el Caf\u00e9, tambi\u00e9n se ofrece productos t\u00edpicos de esta regi\u00f3n del pa\u00eds, que incluyen plantas ornamentales y frutas, como las fresas tra\u00eddas desde Tierras Altas.<\/p>\n\n\n\n<p>Adem\u00e1s, comerciantes paname\u00f1os y de pa\u00edses vecinos ponen a la venta artesan\u00edas, vestimentas, bisuter\u00edas, entre otros art\u00edculos para los asistentes.<\/p>\n","protected":false},"excerpt":{"rendered":"<p>La Feria de las Flores y del Caf\u00e9 es una de las actividades paname\u00f1as m\u00e1s concurridas por nacionales y visitantes extranjeros durante la \u00e9poca de verano. La edici\u00f3n N\u00b0 51 de la Feria de las Flores y del Caf\u00e9 se realizar\u00e1 del jueves 11 al domingo 21 de enero del 2024, en el distrito de [&hellip;]<\/p>\n","protected":false},"author":1,"featured_media":14610,"comment_status":"open","ping_status":"open","sticky":false,"template":"","format":"standard","meta":[],"categories":[44],"tags":[],"_links":{"self":[{"href":"https:\/\/www.thevisitorpanama.info\/esp\/wp-json\/wp\/v2\/posts\/14608"}],"collection":[{"href":"https:\/\/www.thevisitorpanama.info\/esp\/wp-json\/wp\/v2\/posts"}],"about":[{"href":"https:\/\/www.thevisitorpanama.info\/esp\/wp-json\/wp\/v2\/types\/post"}],"author":[{"embeddable":true,"href":"https:\/\/www.thevisitorpanama.info\/esp\/wp-json\/wp\/v2\/users\/1"}],"replies":[{"embeddable":true,"href":"https:\/\/www.thevisitorpanama.info\/esp\/wp-json\/wp\/v2\/comments?post=14608"}],"version-history":[{"count":1,"href":"https:\/\/www.thevisitorpanama.info\/esp\/wp-json\/wp\/v2\/posts\/14608\/revisions"}],"predecessor-version":[{"id":14609,"href":"https:\/\/www.thevisitorpanama.info\/esp\/wp-json\/wp\/v2\/posts\/14608\/revisions\/14609"}],"wp:featuredmedia":[{"embeddable":true,"href":"https:\/\/www.thevisitorpanama.info\/esp\/wp-json\/wp\/v2\/media\/14610"}],"wp:attachment":[{"href":"https:\/\/www.thevisitorpanama.info\/esp\/wp-json\/wp\/v2\/media?parent=14608"}],"wp:term":[{"taxonomy":"category","embeddable":true,"href":"https:\/\/www.thevisitorpanama.info\/esp\/wp-json\/wp\/v2\/categories?post=14608"},{"taxonomy":"post_tag","embeddable":true,"href":"https:\/\/www.thevisitorpanama.info\/esp\/wp-json\/wp\/v2\/tags?post=14608"}],"curies":[{"name":"wp","href":"https:\/\/api.w.org\/{rel}","templated":true}]}}