{"id":14593,"date":"2023-12-02T15:51:36","date_gmt":"2023-12-02T20:51:36","guid":{"rendered":"https:\/\/www.thevisitorpanama.info\/esp\/?p=14593"},"modified":"2023-12-02T16:16:32","modified_gmt":"2023-12-02T21:16:32","slug":"14593","status":"publish","type":"post","link":"https:\/\/www.thevisitorpanama.info\/esp\/2023\/12\/02\/14593\/","title":{"rendered":"Museo de Arte Contempor\u00e1neo Recibe Premio Internacional por \u201cCHAGRES: el Programa de Residencia N\u00f3mada\u201d"},"content":{"rendered":"\n<p>El Museo de Arte Contempor\u00e1neo \u2013 MAC PANAM\u00c1 \u2013 se convierte en el primer museo de Centroam\u00e9rica en obtener el Premio CIMAM a la Pr\u00e1ctica Muse\u00edstica Destacada, que reconoce pr\u00e1cticas ejemplares en museos de todo el mundo.<\/p>\n\n\n\n<figure class=\"wp-block-image size-full\"><img decoding=\"async\" loading=\"lazy\" width=\"1404\" height=\"936\" src=\"https:\/\/www.thevisitorpanama.info\/esp\/wp-content\/uploads\/2023\/12\/Compress_20231202_161505_5445.jpg\" alt=\"\" class=\"wp-image-14598\" srcset=\"https:\/\/www.thevisitorpanama.info\/esp\/wp-content\/uploads\/2023\/12\/Compress_20231202_161505_5445.jpg 1404w, https:\/\/www.thevisitorpanama.info\/esp\/wp-content\/uploads\/2023\/12\/Compress_20231202_161505_5445-768x512.jpg 768w\" sizes=\"(max-width: 1404px) 100vw, 1404px\" \/><\/figure>\n\n\n\n<p>El Comit\u00e9 Internacional de Museos y Colecciones de Arte Moderno, CIMAM, otorgo el reconocimiento al museo por su innovadora iniciativa \u201cCHAGRES: el Programa de Residencia N\u00f3mada\u201d, un proyecto de residencia art\u00edstica descentralizada que se realiza directamente en y con las comunidades involucradas. Se publica la primera edici\u00f3n de \u201cCHAGRES: Residencia N\u00f3mada\u201d en la Regi\u00f3n del Alto Chagres, en la Comunidad Ember\u00e1 Dr\u00faa, Iju\u00e4 So (Territorio Ind\u00edgena).<\/p>\n\n\n\n<p>El proyecto es un esfuerzo conjunto entre Enea Lebrun, artista y gestora cultural; Andrea Lino, l\u00edder de la comunidad Ember\u00e1 Drue; Tranchichi (cooperativa comunitaria, Ember Drew); y el equipo del MAC PANAM\u00c1 liderado por nuestro curador de programa p\u00fablico Kevin Lim.<\/p>\n\n\n\n<figure class=\"wp-block-image size-full\"><img decoding=\"async\" loading=\"lazy\" width=\"1404\" height=\"936\" src=\"https:\/\/www.thevisitorpanama.info\/esp\/wp-content\/uploads\/2023\/12\/Compress_20231202_161338_8029.jpg\" alt=\"\" class=\"wp-image-14599\" srcset=\"https:\/\/www.thevisitorpanama.info\/esp\/wp-content\/uploads\/2023\/12\/Compress_20231202_161338_8029.jpg 1404w, https:\/\/www.thevisitorpanama.info\/esp\/wp-content\/uploads\/2023\/12\/Compress_20231202_161338_8029-768x512.jpg 768w\" sizes=\"(max-width: 1404px) 100vw, 1404px\" \/><\/figure>\n\n\n\n<p>La Directora Ejecutiva del MAC PANAM\u00c1, Mar\u00eda Luc\u00eda Alem\u00e1n, destaca la importancia que supone para Panam\u00e1 y para todo el ecosistema art\u00edstico de la regi\u00f3n dicho reconocimientos.<\/p>\n\n\n\n<p>\u201cEs la segunda vez que estamos entre la lista de nominados y nos sentimos muy orgullosos de haber logrado este reconocimiento pues es la primera vez que un museo en Centroam\u00e9rica obtiene esta distinci\u00f3n. Esto refuerza nuestra misi\u00f3n de contribuir al desarrollo del ecosistema art\u00edstico local y regional. Igualmente resalta el impacto que estamos tendiendo en la comunidad paname\u00f1a al ser agentes de cambio en nuestra sociedad y apoyar proyectos e iniciativas que logren estos intercambios entre el arte contempor\u00e1neo y la escena local, en este caso con nuestros pueblos originarios. El museo ha venido trabajado y ha logrado abrirse a nuevas oportunidades y colaboraciones con otros grupos para juntos potenciar nuestra cultural y las oportunidades de aprendizaje a trav\u00e9s de ella\u201d.<\/p>\n\n\n\n<figure class=\"wp-block-image size-full\"><img decoding=\"async\" loading=\"lazy\" width=\"2347\" height=\"1565\" src=\"https:\/\/www.thevisitorpanama.info\/esp\/wp-content\/uploads\/2023\/12\/Compress_20231202_161338_8419.jpg\" alt=\"\" class=\"wp-image-14601\" srcset=\"https:\/\/www.thevisitorpanama.info\/esp\/wp-content\/uploads\/2023\/12\/Compress_20231202_161338_8419.jpg 2347w, https:\/\/www.thevisitorpanama.info\/esp\/wp-content\/uploads\/2023\/12\/Compress_20231202_161338_8419-768x512.jpg 768w, https:\/\/www.thevisitorpanama.info\/esp\/wp-content\/uploads\/2023\/12\/Compress_20231202_161338_8419-1536x1024.jpg 1536w, https:\/\/www.thevisitorpanama.info\/esp\/wp-content\/uploads\/2023\/12\/Compress_20231202_161338_8419-2048x1366.jpg 2048w\" sizes=\"(max-width: 2347px) 100vw, 2347px\" \/><\/figure>\n\n\n\n<p>Esta es la tercera edici\u00f3n del premio CIMAM y que en el 2002 reconoci\u00f3 a tres museos, dos de ellos en Am\u00e9rica Latina. Se trata de los museos Kokama, en Manaus, Amazonia, Brasil, y el Museo Provincial de Bellas Artes &#8220;Rosa Galisteo de Rodr\u00edguez&#8221;, Santa Fe, Argentina.<\/p>\n\n\n\n<p>Dato del proyecto:<\/p>\n\n\n\n<p>RESIDENCIA CHAGRES, es un proyecto de residencias art\u00edsticas descentralizadas, que se realizan en colaboraci\u00f3n con los l\u00edderes y gestores de las comunidades involucradas. En esta primera edici\u00f3n, Chagres: residencia n\u00f3mada se desarrolla en la regi\u00f3n del Alto Chagres (cuenca hidrogr\u00e1fica), en la comunidad Ember\u00e1 Dr\u00faa (Territorio ind\u00edgena).<\/p>\n\n\n\n<p>Con la intenci\u00f3n de cuestionar los l\u00edmites dibujados entre arte y artesan\u00eda y las formas de representaci\u00f3n entorno a ellas, el proyecto propone crear espacios de di\u00e1logo abordando cuestiones relacionadas a las pr\u00e1cticas art\u00edsticas contempor\u00e1neas, la dignificaci\u00f3n del trabajo artesanal, la reconexi\u00f3n con los saberes ancestrales, el rescate de la herencia cultural de los pueblos y la visibilizaci\u00f3n y representaci\u00f3n de estas formas de arte que resisten a las corrientes hegem\u00f3nicas y can\u00f3nicas del arte occidental.<\/p>\n\n\n\n<p>El producto final de la residencia es desarrollar iniciativas de participaci\u00f3n social en donde los participantes de la residencia (artesanos, lideresas y artistas) faciliten a las generaciones j\u00f3venes de las comunidades herramientas que les involucren activamente en los esfuerzos rescatar y preservar la herencia cultural de sus comunidades y promover el empoderamiento radical de sus identidades.<\/p>\n\n\n\n<p>Es un proyecto posible gracias al apoyo de la @atp_panama y @panama.naturaleza<\/p>\n\n\n\n<p>El programa Residencia N\u00f3mada de lo que fueron cinco d\u00edas de procesos en el Chagres y con la participaci\u00f3n de doce artistas involucrados. @massielbardisa Yaritza Caisamo Johan Mecha @fany_mcghan Jos\u00e9 Caisamo @ali_dakini @piriatijagua @dely_art_circus Sorelvia Villalaz, Israel @barbara_cartier Ramiro Caisamo y @risethebeans<\/p>\n\n\n\n<p>Adjunto link de nota de prensa del CIMAM que comunica el premio al MAC PANAM\u00c1. https:\/\/cimam.org\/press-index\/press-room\/best-practices\/outstanding-museum-practice-award-winner-2023\/<\/p>\n\n\n\n<p>Informaci\u00f3n acerca del CIMAM. https:\/\/cimam.org\/resources-publications\/cimam-outstanding-museum-practice-award\/<\/p>\n","protected":false},"excerpt":{"rendered":"<p>El Museo de Arte Contempor\u00e1neo \u2013 MAC PANAM\u00c1 \u2013 se convierte en el primer museo de Centroam\u00e9rica en obtener el Premio CIMAM a la Pr\u00e1ctica Muse\u00edstica Destacada, que reconoce pr\u00e1cticas ejemplares en museos de todo el mundo. El Comit\u00e9 Internacional de Museos y Colecciones de Arte Moderno, CIMAM, otorgo el reconocimiento al museo por su [&hellip;]<\/p>\n","protected":false},"author":1,"featured_media":14597,"comment_status":"open","ping_status":"open","sticky":false,"template":"","format":"standard","meta":[],"categories":[44],"tags":[],"_links":{"self":[{"href":"https:\/\/www.thevisitorpanama.info\/esp\/wp-json\/wp\/v2\/posts\/14593"}],"collection":[{"href":"https:\/\/www.thevisitorpanama.info\/esp\/wp-json\/wp\/v2\/posts"}],"about":[{"href":"https:\/\/www.thevisitorpanama.info\/esp\/wp-json\/wp\/v2\/types\/post"}],"author":[{"embeddable":true,"href":"https:\/\/www.thevisitorpanama.info\/esp\/wp-json\/wp\/v2\/users\/1"}],"replies":[{"embeddable":true,"href":"https:\/\/www.thevisitorpanama.info\/esp\/wp-json\/wp\/v2\/comments?post=14593"}],"version-history":[{"count":3,"href":"https:\/\/www.thevisitorpanama.info\/esp\/wp-json\/wp\/v2\/posts\/14593\/revisions"}],"predecessor-version":[{"id":14602,"href":"https:\/\/www.thevisitorpanama.info\/esp\/wp-json\/wp\/v2\/posts\/14593\/revisions\/14602"}],"wp:featuredmedia":[{"embeddable":true,"href":"https:\/\/www.thevisitorpanama.info\/esp\/wp-json\/wp\/v2\/media\/14597"}],"wp:attachment":[{"href":"https:\/\/www.thevisitorpanama.info\/esp\/wp-json\/wp\/v2\/media?parent=14593"}],"wp:term":[{"taxonomy":"category","embeddable":true,"href":"https:\/\/www.thevisitorpanama.info\/esp\/wp-json\/wp\/v2\/categories?post=14593"},{"taxonomy":"post_tag","embeddable":true,"href":"https:\/\/www.thevisitorpanama.info\/esp\/wp-json\/wp\/v2\/tags?post=14593"}],"curies":[{"name":"wp","href":"https:\/\/api.w.org\/{rel}","templated":true}]}}