{"id":14566,"date":"2023-11-29T20:53:37","date_gmt":"2023-11-30T01:53:37","guid":{"rendered":"https:\/\/www.thevisitorpanama.info\/esp\/?p=14566"},"modified":"2023-11-29T21:07:32","modified_gmt":"2023-11-30T02:07:32","slug":"la-terminal-2-de-tocumen-exhibira","status":"publish","type":"post","link":"https:\/\/www.thevisitorpanama.info\/esp\/2023\/11\/29\/la-terminal-2-de-tocumen-exhibira\/","title":{"rendered":"Aeropuerto de Tocumen Contar\u00e1 a Mediados del 2024 con un Sal\u00f3n de la Fama de Paname\u00f1os Destacados"},"content":{"rendered":"\n<p>La terminal 2 del Aeropuerto Internacional de Tocumen contar\u00e1, a mediados del 2024, con un sal\u00f3n de la fama d\u00f3nde se rendir\u00e1 tributo a paname\u00f1os destacados a nivel mundial, resaltando sus glorias en los \u00e1mbitos musicales, culturales, deportivos y cient\u00edficos.&nbsp;<\/p>\n\n\n\n<p>Esta iniciativa ofrecer\u00e1 a los visitantes piezas \u00fanicas y testimonios hist\u00f3ricos trascendentes, relacionados con cada personalidad homenajeada.&nbsp;&nbsp;<\/p>\n\n\n\n<p>La exhibici\u00f3n contar\u00e1 con elementos tecnol\u00f3gicos interactivos e inmersivos que enriquecer\u00e1n la experiencia de viaje y el tr\u00e1nsito por Panam\u00e1. Raffoul Arab, Gerente General de Tocumen S.A., indic\u00f3 que el Sal\u00f3n de la Fama, adem\u00e1s de rendirle tributo a nuestras glorias, tambi\u00e9n ser\u00e1 un espacio de gran oportunidad para captar la atenci\u00f3n de millones de visitantes que ingresen al pa\u00eds y puedan interesarse m\u00e1s en conocer un poco de la cultura y la riqueza de Panam\u00e1.&nbsp;&nbsp;<\/p>\n\n\n\n<p>Esta alianza firmada entre Tocumen S.A. y Gaitan Bros resalta la vida, la historia&nbsp; y el talento de los homenajeados que llenan de orgullo a Panam\u00e1. Gracias a esta colaboraci\u00f3n el aeropuerto internacional de Tocumen ser\u00e1 un nuevo referente tur\u00edstico de nuestro pa\u00eds.&nbsp;<\/p>\n\n\n\n<p>Se adelant\u00f3 que algunos de los artistas que entrar\u00e1n al sal\u00f3n de la fama ser\u00e1n:Olga Sinclair, Osvaldo Ayala Felipe Baloy y Los Rabanes, entre otros.<\/p>\n","protected":false},"excerpt":{"rendered":"<p>La terminal 2 del Aeropuerto Internacional de Tocumen contar\u00e1, a mediados del 2024, con un sal\u00f3n de la fama d\u00f3nde se rendir\u00e1 tributo a paname\u00f1os destacados a nivel mundial, resaltando sus glorias en los \u00e1mbitos musicales, culturales, deportivos y cient\u00edficos.&nbsp; Esta iniciativa ofrecer\u00e1 a los visitantes piezas \u00fanicas y testimonios hist\u00f3ricos trascendentes, relacionados con cada [&hellip;]<\/p>\n","protected":false},"author":1,"featured_media":14572,"comment_status":"open","ping_status":"open","sticky":false,"template":"","format":"standard","meta":[],"categories":[42],"tags":[],"_links":{"self":[{"href":"https:\/\/www.thevisitorpanama.info\/esp\/wp-json\/wp\/v2\/posts\/14566"}],"collection":[{"href":"https:\/\/www.thevisitorpanama.info\/esp\/wp-json\/wp\/v2\/posts"}],"about":[{"href":"https:\/\/www.thevisitorpanama.info\/esp\/wp-json\/wp\/v2\/types\/post"}],"author":[{"embeddable":true,"href":"https:\/\/www.thevisitorpanama.info\/esp\/wp-json\/wp\/v2\/users\/1"}],"replies":[{"embeddable":true,"href":"https:\/\/www.thevisitorpanama.info\/esp\/wp-json\/wp\/v2\/comments?post=14566"}],"version-history":[{"count":3,"href":"https:\/\/www.thevisitorpanama.info\/esp\/wp-json\/wp\/v2\/posts\/14566\/revisions"}],"predecessor-version":[{"id":14571,"href":"https:\/\/www.thevisitorpanama.info\/esp\/wp-json\/wp\/v2\/posts\/14566\/revisions\/14571"}],"wp:featuredmedia":[{"embeddable":true,"href":"https:\/\/www.thevisitorpanama.info\/esp\/wp-json\/wp\/v2\/media\/14572"}],"wp:attachment":[{"href":"https:\/\/www.thevisitorpanama.info\/esp\/wp-json\/wp\/v2\/media?parent=14566"}],"wp:term":[{"taxonomy":"category","embeddable":true,"href":"https:\/\/www.thevisitorpanama.info\/esp\/wp-json\/wp\/v2\/categories?post=14566"},{"taxonomy":"post_tag","embeddable":true,"href":"https:\/\/www.thevisitorpanama.info\/esp\/wp-json\/wp\/v2\/tags?post=14566"}],"curies":[{"name":"wp","href":"https:\/\/api.w.org\/{rel}","templated":true}]}}