{"id":14559,"date":"2023-11-27T21:55:25","date_gmt":"2023-11-28T02:55:25","guid":{"rendered":"https:\/\/www.thevisitorpanama.info\/esp\/?p=14559"},"modified":"2023-11-27T21:58:52","modified_gmt":"2023-11-28T02:58:52","slug":"comunicado-de-camtur-al-presidente-de-la-republica-ante-la-situacion-actual-del-pais","status":"publish","type":"post","link":"https:\/\/www.thevisitorpanama.info\/esp\/2023\/11\/27\/comunicado-de-camtur-al-presidente-de-la-republica-ante-la-situacion-actual-del-pais\/","title":{"rendered":"Comunicado de CAMTUR al Presidente de la Rep\u00fablica ante la Actual Crisis que Vive el Pa\u00eds"},"content":{"rendered":"\n<p>La C\u00e1mara Nacional de Turismo de Panam\u00e1, sus diecis\u00e9is asociaciones miembros, y los miles de paname\u00f1os que todos los d\u00edas estamos siendo afectados con el cierre ilegal de calles por personas ya identificadas por las autoridades, nos dirigimos a Usted p\u00fablicamente para expresarle lo siguiente:<br>El pueblo paname\u00f1o a trav\u00e9s de protestas leg\u00edtimas y de manera pac\u00edfica a finales del mes de octubre y principios de noviembre logro 2 victorias significativas:<br>La ley n\u00famero 407 del 3 de noviembre del 2023 \u201cQue proh\u00edbe el otorgamiento de concesiones para la exploraci\u00f3n, extracci\u00f3n, transporte y beneficio de la explotaci\u00f3n de la miner\u00eda met\u00e1lica en todo el territorio nacional.<br>Lograr que la Corte Suprema de Justicia admitiera demanda de inconstitucionalidad al contrato Ley 406 que aprueba y otorga concesi\u00f3n minera entre el Estado y Minera Panam\u00e1. Nos encontramos a la espera de dicho fallo.<br>Habiendo dicho esto, la gran mayor\u00eda de los paname\u00f1os conscientes y preocupados por el futuro de nuestro pa\u00eds nos encontramos en espera del pronunciamiento de la Corte Suprema de Justicia. Por otro lado, un grupo min\u00fasculo sigue con una agenda oculta deteriorando las familias paname\u00f1as y poniendo en riesgo el futuro de los que vivimos en este gran pa\u00eds.<br>La entrega de nuestras calles y carreteras a grupos que operan al margen de la Ley, no tiene precedentes en Panam\u00e1. Esta estrategia fallida ha resultado no solo en da\u00f1os permanentes al turismo y a la imagen internacional de nuestro pa\u00eds, sino en la destrucci\u00f3n de empleos, el sufrimiento de la poblaci\u00f3n por no poder asistir a sus trabajos y citas m\u00e9dicas; la imposibilidad de ganarse el sustento diario y en precios exorbitantes para alimentos e insumos de la canasta b\u00e1sica familiar. Estas acciones est\u00e1n llevando a la destrucci\u00f3n de nuestro sector agropecuario poniendo en riesgo la seguridad alimenticia de este pa\u00eds que tanto nos ha costado.<br>Le corresponde a Usted y a su gobierno interponer las querellas, as\u00ed como judicializar a las personas y grupos que contin\u00faan violando la ley, la decisi\u00f3n tomada por la C\u00e1mara de Turismo, Comercio y Agricultura de Tierras Altas y de otros grupos de interponer querellas civiles contra los acusados de mantener secuestrados a los pobladores de esa importante regi\u00f3n del pa\u00eds e impedir el normal ejercicio de sus derechos constitucionales le corresponde a las autoridades las cuales no han actuado en nuestro criterio con la firmeza y velocidad requerida.<br>Exigimos que el Se\u00f1or Procurador y el \u00d3rgano Judicial procedan a querellar a estos grupos que atentan contra el orden econ\u00f3mico y el libre tr\u00e1nsito y que se han convertido en la autoridad. Adem\u00e1s, en caso de confirmarse la culpabilidad, demandamos que sus perpetradores sean castigados con las penas que impone la Ley.<br>Todos los miembros de CAMTUR estaremos vigilantes de que los delitos comprobados por estas personas no caigan en la impunidad.<br>Le recordamos que la Constituci\u00f3n le impone a Usted el deber de asegurar la vida, honra y bienes de los paname\u00f1os, as\u00ed como el derecho inalienable a la libre circulaci\u00f3n de todos los residentes. Estas disposiciones no son optativas sino de obligatorio cumplimiento por el cargo que Usted detentar\u00e1 hasta julio pr\u00f3ximo. No existe deber m\u00e1s sagrado en lo que resta de su per\u00edodo que asegurar los derechos ciudadanos, la normalidad civil y la transici\u00f3n democr\u00e1tica al gobierno que los paname\u00f1os escojamos, sin artilugios partidistas.<br>La fibra moral, social, econ\u00f3mica y laboral del pa\u00eds continuar\u00e1 siendo lacerada si el gobierno que Usted preside renuncia a su obligaci\u00f3n de proteger a los ciudadanos y contin\u00faa entregando nuestras calles a grupos de terror e intimidaci\u00f3n, escudados en una supuesta oposici\u00f3n a la miner\u00eda.<br>Se\u00f1or Presidente, preocupados por la pasividad oficial ante los da\u00f1os causados desde hace un mes a nuestro hermoso y pacifico Panam\u00e1, nos vemos obligados a solicitarle p\u00fablicamente que cumpla el Juramento que hizo al tomar posesi\u00f3n de su cargo, de hacer valer la Constituci\u00f3n y las Leyes de la Rep\u00fablica, y hacer una rectificaci\u00f3n inmediata a las pol\u00edticas del gobierno que Usted preside.<\/p>\n\n\n\n<p>Atentamente,<\/p>\n\n\n\n<p>C\u00c1MARA NACIONAL DE TURISMO DE PANAM\u00c1.<\/p>\n\n\n\n<p>PANAM\u00c1 NO ES DE UNOS\u2026\u2026. PANAM\u00c1 ES DE TODOS<\/p>\n","protected":false},"excerpt":{"rendered":"<p>La C\u00e1mara Nacional de Turismo de Panam\u00e1, sus diecis\u00e9is asociaciones miembros, y los miles de paname\u00f1os que todos los d\u00edas estamos siendo afectados con el cierre ilegal de calles por personas ya identificadas por las autoridades, nos dirigimos a Usted p\u00fablicamente para expresarle lo siguiente:El pueblo paname\u00f1o a trav\u00e9s de protestas leg\u00edtimas y de manera [&hellip;]<\/p>\n","protected":false},"author":1,"featured_media":14560,"comment_status":"open","ping_status":"open","sticky":false,"template":"","format":"standard","meta":[],"categories":[44],"tags":[],"_links":{"self":[{"href":"https:\/\/www.thevisitorpanama.info\/esp\/wp-json\/wp\/v2\/posts\/14559"}],"collection":[{"href":"https:\/\/www.thevisitorpanama.info\/esp\/wp-json\/wp\/v2\/posts"}],"about":[{"href":"https:\/\/www.thevisitorpanama.info\/esp\/wp-json\/wp\/v2\/types\/post"}],"author":[{"embeddable":true,"href":"https:\/\/www.thevisitorpanama.info\/esp\/wp-json\/wp\/v2\/users\/1"}],"replies":[{"embeddable":true,"href":"https:\/\/www.thevisitorpanama.info\/esp\/wp-json\/wp\/v2\/comments?post=14559"}],"version-history":[{"count":3,"href":"https:\/\/www.thevisitorpanama.info\/esp\/wp-json\/wp\/v2\/posts\/14559\/revisions"}],"predecessor-version":[{"id":14563,"href":"https:\/\/www.thevisitorpanama.info\/esp\/wp-json\/wp\/v2\/posts\/14559\/revisions\/14563"}],"wp:featuredmedia":[{"embeddable":true,"href":"https:\/\/www.thevisitorpanama.info\/esp\/wp-json\/wp\/v2\/media\/14560"}],"wp:attachment":[{"href":"https:\/\/www.thevisitorpanama.info\/esp\/wp-json\/wp\/v2\/media?parent=14559"}],"wp:term":[{"taxonomy":"category","embeddable":true,"href":"https:\/\/www.thevisitorpanama.info\/esp\/wp-json\/wp\/v2\/categories?post=14559"},{"taxonomy":"post_tag","embeddable":true,"href":"https:\/\/www.thevisitorpanama.info\/esp\/wp-json\/wp\/v2\/tags?post=14559"}],"curies":[{"name":"wp","href":"https:\/\/api.w.org\/{rel}","templated":true}]}}