{"id":14542,"date":"2023-11-24T18:48:01","date_gmt":"2023-11-24T23:48:01","guid":{"rendered":"https:\/\/www.thevisitorpanama.info\/esp\/?p=14542"},"modified":"2023-11-24T18:50:28","modified_gmt":"2023-11-24T23:50:28","slug":"camara-nacional-de-turismo-de-panama-selecciona-nueva-junta-directiva","status":"publish","type":"post","link":"https:\/\/www.thevisitorpanama.info\/esp\/2023\/11\/24\/camara-nacional-de-turismo-de-panama-selecciona-nueva-junta-directiva\/","title":{"rendered":"C\u00e1mara Nacional de Turismo de Panam\u00e1 Selecciona Nueva Junta Directiva"},"content":{"rendered":"\n<p>El Comit\u00e9 de Elecciones de CAMTUR para el periodo 2024- 2026, tiene a bien hacer de su conocimiento que el d\u00eda 24 de noviembre del presente a\u00f1o, se llev\u00f3 a cabo las Elecciones de la C\u00e1mara Nacional de Turismo de Panam\u00e1 en el Sal\u00f3n Gran Amador del Hotel Marriott, el cual se realiz\u00f3 de manera cordial y de mucho respeto; se cont\u00f3 la concurrencia de todos de los Gremios y representantes que forman parte de los Miembros Activos de la C\u00e1mara Nacional de Turismo de Panam\u00e1.<\/p>\n\n\n\n<p>Tenemos a bien hacer de su conocimiento la composici\u00f3n de los miembros de la Junta Directiva de la C\u00e1mara Nacional de Turismo para el periodo 2024 \u2013 2026. <\/p>\n\n\n\n<p>La nueva Junta Directiva de CAMTUR est\u00e1 conformada por las siguientes personas (ver listado)<\/p>\n\n\n\n<figure class=\"wp-block-image size-full is-resized\"><img decoding=\"async\" loading=\"lazy\" src=\"https:\/\/www.thevisitorpanama.info\/esp\/wp-content\/uploads\/2023\/11\/Screenshot_20231124_164812_edit_221224987322587-2.jpg\" alt=\"\" class=\"wp-image-14548\" width=\"324\" height=\"176\"\/><\/figure>\n\n\n\n<p>El se\u00f1or Ernesto Orillac, forma parte de la Junta Directiva 2024- 2026 como Asesor \u2013 Ex Presidente.<\/p>\n\n\n\n<p>El Comit\u00e9 de Elecciones, encargado de que todo marchara de manera transparente estuvo integrado por:<\/p>\n\n\n\n<p>&#8211; Adriana F\u00e1brega, Presidenta <\/p>\n\n\n\n<p>&#8211; Mar\u00edangela Ara\u00faz, Vicepresidenta<\/p>\n\n\n\n<p>&#8211; Berta Lange, Secretaria<\/p>\n","protected":false},"excerpt":{"rendered":"<p>El Comit\u00e9 de Elecciones de CAMTUR para el periodo 2024- 2026, tiene a bien hacer de su conocimiento que el d\u00eda 24 de noviembre del presente a\u00f1o, se llev\u00f3 a cabo las Elecciones de la C\u00e1mara Nacional de Turismo de Panam\u00e1 en el Sal\u00f3n Gran Amador del Hotel Marriott, el cual se realiz\u00f3 de manera [&hellip;]<\/p>\n","protected":false},"author":1,"featured_media":14545,"comment_status":"open","ping_status":"open","sticky":false,"template":"","format":"standard","meta":[],"categories":[44],"tags":[],"_links":{"self":[{"href":"https:\/\/www.thevisitorpanama.info\/esp\/wp-json\/wp\/v2\/posts\/14542"}],"collection":[{"href":"https:\/\/www.thevisitorpanama.info\/esp\/wp-json\/wp\/v2\/posts"}],"about":[{"href":"https:\/\/www.thevisitorpanama.info\/esp\/wp-json\/wp\/v2\/types\/post"}],"author":[{"embeddable":true,"href":"https:\/\/www.thevisitorpanama.info\/esp\/wp-json\/wp\/v2\/users\/1"}],"replies":[{"embeddable":true,"href":"https:\/\/www.thevisitorpanama.info\/esp\/wp-json\/wp\/v2\/comments?post=14542"}],"version-history":[{"count":3,"href":"https:\/\/www.thevisitorpanama.info\/esp\/wp-json\/wp\/v2\/posts\/14542\/revisions"}],"predecessor-version":[{"id":14550,"href":"https:\/\/www.thevisitorpanama.info\/esp\/wp-json\/wp\/v2\/posts\/14542\/revisions\/14550"}],"wp:featuredmedia":[{"embeddable":true,"href":"https:\/\/www.thevisitorpanama.info\/esp\/wp-json\/wp\/v2\/media\/14545"}],"wp:attachment":[{"href":"https:\/\/www.thevisitorpanama.info\/esp\/wp-json\/wp\/v2\/media?parent=14542"}],"wp:term":[{"taxonomy":"category","embeddable":true,"href":"https:\/\/www.thevisitorpanama.info\/esp\/wp-json\/wp\/v2\/categories?post=14542"},{"taxonomy":"post_tag","embeddable":true,"href":"https:\/\/www.thevisitorpanama.info\/esp\/wp-json\/wp\/v2\/tags?post=14542"}],"curies":[{"name":"wp","href":"https:\/\/api.w.org\/{rel}","templated":true}]}}