{"id":14533,"date":"2023-11-22T17:55:42","date_gmt":"2023-11-22T22:55:42","guid":{"rendered":"https:\/\/www.thevisitorpanama.info\/esp\/?p=14533"},"modified":"2023-11-22T17:58:24","modified_gmt":"2023-11-22T22:58:24","slug":"camara-de-turismo-comercio-e-industria-de-tierras-altas-presento-querella-penal-ante-el-procurador-general-de-la-nacion","status":"publish","type":"post","link":"https:\/\/www.thevisitorpanama.info\/esp\/2023\/11\/22\/camara-de-turismo-comercio-e-industria-de-tierras-altas-presento-querella-penal-ante-el-procurador-general-de-la-nacion\/","title":{"rendered":"C\u00e1mara de Turismo, Comercio e Industria de Tierras Altas Present\u00f3 Querella Penal Ante el Procurador General de la Naci\u00f3n"},"content":{"rendered":"\n<p>La C\u00e1mara de Turismo, Comercio e Industria de Tierras Altas, Volc\u00e1n, Chiriqu\u00ed, desea informar a la opini\u00f3n p\u00fablica y a los medios de comunicaci\u00f3n sobre la presentaci\u00f3n de una querella penal ante el Honorable Procurador General de la Naci\u00f3n, despu\u00e9s de agotar todas las medidas de negociaci\u00f3n y dial\u00f3go en las \u00faltimas semanas.<\/p>\n\n\n\n<figure class=\"wp-block-image size-full\"><img decoding=\"async\" loading=\"lazy\" width=\"1600\" height=\"1066\" src=\"https:\/\/www.thevisitorpanama.info\/esp\/wp-content\/uploads\/2023\/11\/IMG-20231122-WA0025.jpg\" alt=\"\" class=\"wp-image-14537\" srcset=\"https:\/\/www.thevisitorpanama.info\/esp\/wp-content\/uploads\/2023\/11\/IMG-20231122-WA0025.jpg 1600w, https:\/\/www.thevisitorpanama.info\/esp\/wp-content\/uploads\/2023\/11\/IMG-20231122-WA0025-768x512.jpg 768w, https:\/\/www.thevisitorpanama.info\/esp\/wp-content\/uploads\/2023\/11\/IMG-20231122-WA0025-1536x1023.jpg 1536w\" sizes=\"(max-width: 1600px) 100vw, 1600px\" \/><\/figure>\n\n\n\n<p>Esta acci\u00f3n legal, emprendida por las firmas forenses David Cuevas &amp; Asociados y Consorcio de Asesores Legales de Panam\u00e1, responde a actos considerados contrarios a la ley que han afectado significativamente el bienestar de nuestra comunidad y los intereses de nuestros representados. La querella se dirige contra un grupo de individuos, identificados en el documento legal, como presuntos l\u00edderes y\/o financiadores de actividades il\u00edcitas.<\/p>\n\n\n\n<figure class=\"wp-block-image size-full\"><img decoding=\"async\" loading=\"lazy\" width=\"1024\" height=\"768\" src=\"https:\/\/www.thevisitorpanama.info\/esp\/wp-content\/uploads\/2023\/11\/IMG-20231122-WA0008.jpg\" alt=\"\" class=\"wp-image-14539\" srcset=\"https:\/\/www.thevisitorpanama.info\/esp\/wp-content\/uploads\/2023\/11\/IMG-20231122-WA0008.jpg 1024w, https:\/\/www.thevisitorpanama.info\/esp\/wp-content\/uploads\/2023\/11\/IMG-20231122-WA0008-768x576.jpg 768w, https:\/\/www.thevisitorpanama.info\/esp\/wp-content\/uploads\/2023\/11\/IMG-20231122-WA0008-80x60.jpg 80w, https:\/\/www.thevisitorpanama.info\/esp\/wp-content\/uploads\/2023\/11\/IMG-20231122-WA0008-100x75.jpg 100w, https:\/\/www.thevisitorpanama.info\/esp\/wp-content\/uploads\/2023\/11\/IMG-20231122-WA0008-180x135.jpg 180w, https:\/\/www.thevisitorpanama.info\/esp\/wp-content\/uploads\/2023\/11\/IMG-20231122-WA0008-238x178.jpg 238w\" sizes=\"(max-width: 1024px) 100vw, 1024px\" \/><\/figure>\n\n\n\n<p>Los fundamentos legales de esta querella incluyen infracciones a los siguientes art\u00edculos del C\u00f3digo Penal:<\/p>\n\n\n\n<p>\u2022 Delitos contra el patrimonio econ\u00f3mico (T\u00edtulo VI)<\/p>\n\n\n\n<p>\u2022 Da\u00f1os (Cap\u00edtulo VII)<\/p>\n\n\n\n<p>\u2022 Delitos contra la seguridad colectiva (T\u00edtulo IX)<\/p>\n\n\n\n<p>Terrorismo (Cap\u00edtulo I) y Asociaci\u00f3n il\u00edcita (Cap\u00edtulo VIII)<\/p>\n\n\n\n<p>Representando a los sectores clave del distrito, incluyendo agricultura, comercio, industria y turismo, nuestra C\u00e1mara y la comunidad busca reparaci\u00f3n y justicia frente a los actos que han perjudicado gravemente nuestra regi\u00f3n. Nuestro objetivo es proteger los intereses de nuestros miembros y asegurar la seguridad y el orden en nuestra comunidad.<\/p>\n\n\n\n<figure class=\"wp-block-image size-full is-resized\"><img decoding=\"async\" loading=\"lazy\" src=\"http:\/\/www.thevisitorpanama.info\/esp\/wp-content\/uploads\/2023\/11\/IMG-20231122-WA0009.jpg\" alt=\"\" class=\"wp-image-14540\" width=\"378\" height=\"286\" srcset=\"https:\/\/www.thevisitorpanama.info\/esp\/wp-content\/uploads\/2023\/11\/IMG-20231122-WA0009-80x60.jpg 80w, https:\/\/www.thevisitorpanama.info\/esp\/wp-content\/uploads\/2023\/11\/IMG-20231122-WA0009-100x75.jpg 100w, https:\/\/www.thevisitorpanama.info\/esp\/wp-content\/uploads\/2023\/11\/IMG-20231122-WA0009-180x135.jpg 180w\" sizes=\"(max-width: 378px) 100vw, 378px\" \/><\/figure>\n\n\n\n<p>Hacemos un llamado directo al Procurador General para una atenci\u00f3n inmediata y la aceptaci\u00f3n de nuestra demanda. Confrmamos en que esta acci\u00f3n sirva de ejemplo y est\u00edmulo para que otras c\u00e1maras en el pa\u00eds utilicen recursos legales para restablecer y mantener el orden en sus regiones, promoviendo manifestaciones pac\u00edficas que no afecten a la ciudadan\u00eda y a los sectores productivos.<\/p>\n\n\n\n<p>&#8220;Desde nuestra posici\u00f3n firme en la defensa de los derechos y la b\u00fasqueda de soluciones justas, hago un llamado a todas las empresas, negocios y emprendedores de Tierras Altas a unirse a nosotros en este esfuerzo crucial&#8221;, afirma Maru G\u00e1lvez, Presidenta de la C\u00e1mara. &#8220;Adem\u00e1s, extiendo esta invitaci\u00f3n a todas las c\u00e1maras de comercio y organizaciones a lo largo del pa\u00eds para que se sumen a esta causa. Juntos, podemos fortalecer el estado de derecho y preservar el orden en nuestro pa\u00eds, lo cual es esencial para la prosperidad y estabilidad de nuestras comunidades y nuestra econom\u00eda.&#8221;<\/p>\n\n\n\n<p>Para mayor informaci\u00f3n, contactar a:Maru G\u00e1lvez, Presidenta\/ 6632-3535 C\u00e1mara de Turismo, Comercio e Industria de Tierras Altas<\/p>\n","protected":false},"excerpt":{"rendered":"<p>La C\u00e1mara de Turismo, Comercio e Industria de Tierras Altas, Volc\u00e1n, Chiriqu\u00ed, desea informar a la opini\u00f3n p\u00fablica y a los medios de comunicaci\u00f3n sobre la presentaci\u00f3n de una querella penal ante el Honorable Procurador General de la Naci\u00f3n, despu\u00e9s de agotar todas las medidas de negociaci\u00f3n y dial\u00f3go en las \u00faltimas semanas. Esta acci\u00f3n [&hellip;]<\/p>\n","protected":false},"author":1,"featured_media":14535,"comment_status":"open","ping_status":"open","sticky":false,"template":"","format":"standard","meta":[],"categories":[44],"tags":[],"_links":{"self":[{"href":"https:\/\/www.thevisitorpanama.info\/esp\/wp-json\/wp\/v2\/posts\/14533"}],"collection":[{"href":"https:\/\/www.thevisitorpanama.info\/esp\/wp-json\/wp\/v2\/posts"}],"about":[{"href":"https:\/\/www.thevisitorpanama.info\/esp\/wp-json\/wp\/v2\/types\/post"}],"author":[{"embeddable":true,"href":"https:\/\/www.thevisitorpanama.info\/esp\/wp-json\/wp\/v2\/users\/1"}],"replies":[{"embeddable":true,"href":"https:\/\/www.thevisitorpanama.info\/esp\/wp-json\/wp\/v2\/comments?post=14533"}],"version-history":[{"count":2,"href":"https:\/\/www.thevisitorpanama.info\/esp\/wp-json\/wp\/v2\/posts\/14533\/revisions"}],"predecessor-version":[{"id":14541,"href":"https:\/\/www.thevisitorpanama.info\/esp\/wp-json\/wp\/v2\/posts\/14533\/revisions\/14541"}],"wp:featuredmedia":[{"embeddable":true,"href":"https:\/\/www.thevisitorpanama.info\/esp\/wp-json\/wp\/v2\/media\/14535"}],"wp:attachment":[{"href":"https:\/\/www.thevisitorpanama.info\/esp\/wp-json\/wp\/v2\/media?parent=14533"}],"wp:term":[{"taxonomy":"category","embeddable":true,"href":"https:\/\/www.thevisitorpanama.info\/esp\/wp-json\/wp\/v2\/categories?post=14533"},{"taxonomy":"post_tag","embeddable":true,"href":"https:\/\/www.thevisitorpanama.info\/esp\/wp-json\/wp\/v2\/tags?post=14533"}],"curies":[{"name":"wp","href":"https:\/\/api.w.org\/{rel}","templated":true}]}}