{"id":14525,"date":"2023-11-21T20:16:45","date_gmt":"2023-11-22T01:16:45","guid":{"rendered":"https:\/\/www.thevisitorpanama.info\/esp\/?p=14525"},"modified":"2023-11-21T21:01:40","modified_gmt":"2023-11-22T02:01:40","slug":"todo-un-exito-el-congreso-de-a","status":"publish","type":"post","link":"https:\/\/www.thevisitorpanama.info\/esp\/2023\/11\/21\/todo-un-exito-el-congreso-de-a\/","title":{"rendered":"Todo un \u00c9xito el XVI Congreso de Agentes de Viajes Celebrado en Playa Bonita"},"content":{"rendered":"\n<p>El pasado 18 de noviembre se realiz\u00f3 el Congreso de Agentes de Viajes en el Westin Playa Bonita. Bajo el tema \u201cReinventando el Rol del Agente de Viajes en el Mercado \u00a0Actual\u201d, este importante evento para el turismo paname\u00f1o tuvo la participaci\u00f3n de todos los profesionales especializados en viajes y turismo de Panam\u00e1, as\u00ed como de las aerol\u00edneas m\u00e1s importantes que ofrecen sus servicios en el pa\u00eds.<\/p>\n\n\n\n<figure class=\"wp-block-image size-full\"><img decoding=\"async\" loading=\"lazy\" width=\"768\" height=\"1024\" src=\"https:\/\/www.thevisitorpanama.info\/esp\/wp-content\/uploads\/2023\/11\/IMG-20231121-WA0051.jpg\" alt=\"\" class=\"wp-image-14529\"\/><\/figure>\n\n\n\n<p>Con El prop\u00f3sito de integrar las necesidades de las agencias de viajes con programas de formaci\u00f3n que aborden al Plan Maestro de Turismo Sostenible alineado con la motivaci\u00f3n profesional de los asociados y colaboradores se desarrollaron paneles de gran inter\u00e9s con temas como \u201cDescubriendo Nuevos Nichos de Mercado&#8221;.<\/p>\n\n\n\n<figure class=\"wp-block-image size-full\"><img decoding=\"async\" loading=\"lazy\" width=\"1080\" height=\"1350\" src=\"https:\/\/www.thevisitorpanama.info\/esp\/wp-content\/uploads\/2023\/11\/IMG-20231121-WA0052.jpg\" alt=\"\" class=\"wp-image-14530\" srcset=\"https:\/\/www.thevisitorpanama.info\/esp\/wp-content\/uploads\/2023\/11\/IMG-20231121-WA0052.jpg 1080w, https:\/\/www.thevisitorpanama.info\/esp\/wp-content\/uploads\/2023\/11\/IMG-20231121-WA0052-768x960.jpg 768w\" sizes=\"(max-width: 1080px) 100vw, 1080px\" \/><\/figure>\n\n\n\n<p>El evento tuvo como invitada especial a la Administradora General de la Autoridad de Turismo Panam\u00e1 Denise Guill\u00e9n quien se dirigi\u00f3 a los asistentes con palabras de aliento por le gran trabajo que realizan al fomentar y motivar el turismo en las personas. Tambi\u00e9n contaron con una expositores internacional de primera como Paula Cort\u00e9s Calle, Presidente Ejecutiva de ANATO (Asociaci\u00f3n Colombiana de Viajes y Turismo).&nbsp;<\/p>\n","protected":false},"excerpt":{"rendered":"<p>El pasado 18 de noviembre se realiz\u00f3 el Congreso de Agentes de Viajes en el Westin Playa Bonita. Bajo el tema \u201cReinventando el Rol del Agente de Viajes en el Mercado \u00a0Actual\u201d, este importante evento para el turismo paname\u00f1o tuvo la participaci\u00f3n de todos los profesionales especializados en viajes y turismo de Panam\u00e1, as\u00ed como [&hellip;]<\/p>\n","protected":false},"author":1,"featured_media":14528,"comment_status":"open","ping_status":"open","sticky":false,"template":"","format":"standard","meta":[],"categories":[42],"tags":[],"_links":{"self":[{"href":"https:\/\/www.thevisitorpanama.info\/esp\/wp-json\/wp\/v2\/posts\/14525"}],"collection":[{"href":"https:\/\/www.thevisitorpanama.info\/esp\/wp-json\/wp\/v2\/posts"}],"about":[{"href":"https:\/\/www.thevisitorpanama.info\/esp\/wp-json\/wp\/v2\/types\/post"}],"author":[{"embeddable":true,"href":"https:\/\/www.thevisitorpanama.info\/esp\/wp-json\/wp\/v2\/users\/1"}],"replies":[{"embeddable":true,"href":"https:\/\/www.thevisitorpanama.info\/esp\/wp-json\/wp\/v2\/comments?post=14525"}],"version-history":[{"count":3,"href":"https:\/\/www.thevisitorpanama.info\/esp\/wp-json\/wp\/v2\/posts\/14525\/revisions"}],"predecessor-version":[{"id":14532,"href":"https:\/\/www.thevisitorpanama.info\/esp\/wp-json\/wp\/v2\/posts\/14525\/revisions\/14532"}],"wp:featuredmedia":[{"embeddable":true,"href":"https:\/\/www.thevisitorpanama.info\/esp\/wp-json\/wp\/v2\/media\/14528"}],"wp:attachment":[{"href":"https:\/\/www.thevisitorpanama.info\/esp\/wp-json\/wp\/v2\/media?parent=14525"}],"wp:term":[{"taxonomy":"category","embeddable":true,"href":"https:\/\/www.thevisitorpanama.info\/esp\/wp-json\/wp\/v2\/categories?post=14525"},{"taxonomy":"post_tag","embeddable":true,"href":"https:\/\/www.thevisitorpanama.info\/esp\/wp-json\/wp\/v2\/tags?post=14525"}],"curies":[{"name":"wp","href":"https:\/\/api.w.org\/{rel}","templated":true}]}}