{"id":14511,"date":"2023-11-18T16:36:36","date_gmt":"2023-11-18T21:36:36","guid":{"rendered":"https:\/\/www.thevisitorpanama.info\/esp\/?p=14511"},"modified":"2023-11-18T16:54:05","modified_gmt":"2023-11-18T21:54:05","slug":"festival-internacional-de-cine-de-panama-reprograma-del-4-al-7-de-abril-de-2024","status":"publish","type":"post","link":"https:\/\/www.thevisitorpanama.info\/esp\/2023\/11\/18\/festival-internacional-de-cine-de-panama-reprograma-del-4-al-7-de-abril-de-2024\/","title":{"rendered":"Festival Internacional de Cine de Panam\u00e1 se Reprograma para Realizarse del 4 al 7 de abril de 2024"},"content":{"rendered":"\n<p>Originalmente la edici\u00f3n n\u00famero 12 del Festival Internacional de Cine de Panam\u00e1 estaba programada para el 1, 2 y 3 de diciembre de 2023.<\/p>\n\n\n\n<p>LaFundaci\u00f3n IFF Panam\u00e1 (FIP)anunci\u00f3 que la duod\u00e9cima edici\u00f3n delFestival Internacional de Cine de Panam\u00e1ser\u00e1 reprogramada para el 2024,del 4 al 7 de abril. La decisi\u00f3n es una medida que obedece a las protestas y cierres que se han generado en Panam\u00e1.<\/p>\n\n\n\n<p>De acuerdo con un comunicado emitido por losorganizadores del Festival,se opt\u00f3 poraplazar la pr\u00f3xima entregapara garantizar el bienestar de la audiencia y como parte de una medida preventiva paraafianzar un entorno tranquilo.<\/p>\n\n\n\n<figure class=\"wp-block-image size-full\"><img decoding=\"async\" loading=\"lazy\" width=\"300\" height=\"160\" src=\"https:\/\/www.thevisitorpanama.info\/esp\/wp-content\/uploads\/2023\/11\/IMG_20230825_214809-300x160-1.jpg\" alt=\"\" class=\"wp-image-14516\"\/><\/figure>\n\n\n\n<p>Originalmentela edici\u00f3n n\u00famero 12 del Festival Internacional de Cine de Panam\u00e1estaba programada para llevarse a cabo del1 al 3 de diciembre, sin embargo, habr\u00e1 que esperar algunos meses para conocer los pormenores de dicha entrega.<\/p>\n\n\n\n<p>En julio de 2023,Karla Quintero, directora ejecutiva de Fundaci\u00f3n IFF Panam\u00e1, declar\u00f3 para otro medio que la pr\u00f3xima entrega delFestival de Cine de Panam\u00e1contemplapaneles y conferenciasrelacionadas a la industria cinematogr\u00e1fica. Asimismo, anticip\u00f3 que la duod\u00e9cima edici\u00f3n podr\u00eda estar conformada por20 o 22 pel\u00edculasy que se hab\u00edan iniciado negociaciones para que el Festivalse extendiera a otras provinciasde aqu\u00e9l pa\u00eds.&nbsp;<\/p>\n","protected":false},"excerpt":{"rendered":"<p>Originalmente la edici\u00f3n n\u00famero 12 del Festival Internacional de Cine de Panam\u00e1 estaba programada para el 1, 2 y 3 de diciembre de 2023. LaFundaci\u00f3n IFF Panam\u00e1 (FIP)anunci\u00f3 que la duod\u00e9cima edici\u00f3n delFestival Internacional de Cine de Panam\u00e1ser\u00e1 reprogramada para el 2024,del 4 al 7 de abril. La decisi\u00f3n es una medida que obedece a [&hellip;]<\/p>\n","protected":false},"author":1,"featured_media":14515,"comment_status":"open","ping_status":"open","sticky":false,"template":"","format":"standard","meta":[],"categories":[44],"tags":[],"_links":{"self":[{"href":"https:\/\/www.thevisitorpanama.info\/esp\/wp-json\/wp\/v2\/posts\/14511"}],"collection":[{"href":"https:\/\/www.thevisitorpanama.info\/esp\/wp-json\/wp\/v2\/posts"}],"about":[{"href":"https:\/\/www.thevisitorpanama.info\/esp\/wp-json\/wp\/v2\/types\/post"}],"author":[{"embeddable":true,"href":"https:\/\/www.thevisitorpanama.info\/esp\/wp-json\/wp\/v2\/users\/1"}],"replies":[{"embeddable":true,"href":"https:\/\/www.thevisitorpanama.info\/esp\/wp-json\/wp\/v2\/comments?post=14511"}],"version-history":[{"count":3,"href":"https:\/\/www.thevisitorpanama.info\/esp\/wp-json\/wp\/v2\/posts\/14511\/revisions"}],"predecessor-version":[{"id":14519,"href":"https:\/\/www.thevisitorpanama.info\/esp\/wp-json\/wp\/v2\/posts\/14511\/revisions\/14519"}],"wp:featuredmedia":[{"embeddable":true,"href":"https:\/\/www.thevisitorpanama.info\/esp\/wp-json\/wp\/v2\/media\/14515"}],"wp:attachment":[{"href":"https:\/\/www.thevisitorpanama.info\/esp\/wp-json\/wp\/v2\/media?parent=14511"}],"wp:term":[{"taxonomy":"category","embeddable":true,"href":"https:\/\/www.thevisitorpanama.info\/esp\/wp-json\/wp\/v2\/categories?post=14511"},{"taxonomy":"post_tag","embeddable":true,"href":"https:\/\/www.thevisitorpanama.info\/esp\/wp-json\/wp\/v2\/tags?post=14511"}],"curies":[{"name":"wp","href":"https:\/\/api.w.org\/{rel}","templated":true}]}}