{"id":14506,"date":"2023-11-17T19:57:16","date_gmt":"2023-11-18T00:57:16","guid":{"rendered":"https:\/\/www.thevisitorpanama.info\/esp\/?p=14506"},"modified":"2023-11-17T20:01:00","modified_gmt":"2023-11-18T01:01:00","slug":"toman-medidas-para-mitigar-efectos-negativos-en-el-turismo-de-los-cierres-de-vias-en-panama","status":"publish","type":"post","link":"https:\/\/www.thevisitorpanama.info\/esp\/2023\/11\/17\/toman-medidas-para-mitigar-efectos-negativos-en-el-turismo-de-los-cierres-de-vias-en-panama\/","title":{"rendered":"Planifican Medidas para Mitigar Efectos Negativos en el Turismo de los Cierres de V\u00edas en Panam\u00e1"},"content":{"rendered":"\n<p>El Fondo de Promoci\u00f3n Tur\u00edstica (PROMTUR) Panam\u00e1, ante los cierres de calles y protestas que se han desarrollado en las \u00faltimas semanas, han tomado medidas para mitigar el efecto negativo de esta coyuntura y dar seguimiento a la estrategia de promoci\u00f3n y mercadeo internacional con el fin de proteger la temporada alta de turismo del 2024.<\/p>\n\n\n\n<p>Entre estas medidas se contemplan acciones para estimular la demanda a trav\u00e9s de alianzas estrat\u00e9gicas con aerol\u00edneas y operadores globales de turismo, as\u00ed como un impulso de la campa\u00f1a de mercadeo digital, a trav\u00e9s de inversi\u00f3n en medios pagados para aumentar la presencia de Panam\u00e1 en mercados clave, a partir de diciembre.<\/p>\n\n\n\n<p>No obstante, estos esfuerzos est\u00e1n en riesgo, si no se logra pronto la conciliaci\u00f3n necesaria para asegurar la paz social y el libre tr\u00e1nsito en todo el territorio nacional.<\/p>\n\n\n\n<p>Adicional a estas medidas, se unen al llamado que hace toda la industria tur\u00edstica del pa\u00eds, en torno a la necesidad de encontrar una soluci\u00f3n pac\u00edfica y consensuada, que garantice la libre circulaci\u00f3n en todo el territorio nacional.<\/p>\n\n\n\n<p>En ese llamado, el ente promotor del turismo de Panam\u00e1, destaca la importancia de preservar el derecho de cada persona a manifestarse, asociarse y expresarse pac\u00edficamente; derechos genuinos que tienen todos como ciudadanos, rechazando la violencia, el vandalismo y los cierres de v\u00edas que impiden el libre tr\u00e1nsito.<\/p>\n\n\n\n<p>\u201cEs evidente que la situaci\u00f3n que vive Panam\u00e1 desde hace m\u00e1s de 20 d\u00edas ha tenido un impacto significativo en diversos sectores de nuestra industria, afectando la inversi\u00f3n y las metas que nos hab\u00edamos planteado para el a\u00f1o 2023, incluyendo indicadores claves como la llegada de viajeros internacionales que esper\u00e1bamos para el \u00faltimo trimestre del a\u00f1o y su consecuente impacto econ\u00f3mico\u201d, advierte PROMTUR.<\/p>\n\n\n\n<p>Sostienen que el turismo es un catalizador del crecimiento sostenible, al que todos en el pa\u00eds aspiran, ya que es una industria con una transversalidad \u00fanica que genera progreso y empleo a trav\u00e9s de toda la cadena de valor, desde hoteles, transportistas, gu\u00edas tur\u00edsticos, artesanos, restaurantes y centros comerciales de la ciudad y el interior del pa\u00eds.<\/p>\n","protected":false},"excerpt":{"rendered":"<p>El Fondo de Promoci\u00f3n Tur\u00edstica (PROMTUR) Panam\u00e1, ante los cierres de calles y protestas que se han desarrollado en las \u00faltimas semanas, han tomado medidas para mitigar el efecto negativo de esta coyuntura y dar seguimiento a la estrategia de promoci\u00f3n y mercadeo internacional con el fin de proteger la temporada alta de turismo del [&hellip;]<\/p>\n","protected":false},"author":1,"featured_media":14508,"comment_status":"open","ping_status":"open","sticky":false,"template":"","format":"standard","meta":[],"categories":[44],"tags":[],"_links":{"self":[{"href":"https:\/\/www.thevisitorpanama.info\/esp\/wp-json\/wp\/v2\/posts\/14506"}],"collection":[{"href":"https:\/\/www.thevisitorpanama.info\/esp\/wp-json\/wp\/v2\/posts"}],"about":[{"href":"https:\/\/www.thevisitorpanama.info\/esp\/wp-json\/wp\/v2\/types\/post"}],"author":[{"embeddable":true,"href":"https:\/\/www.thevisitorpanama.info\/esp\/wp-json\/wp\/v2\/users\/1"}],"replies":[{"embeddable":true,"href":"https:\/\/www.thevisitorpanama.info\/esp\/wp-json\/wp\/v2\/comments?post=14506"}],"version-history":[{"count":2,"href":"https:\/\/www.thevisitorpanama.info\/esp\/wp-json\/wp\/v2\/posts\/14506\/revisions"}],"predecessor-version":[{"id":14510,"href":"https:\/\/www.thevisitorpanama.info\/esp\/wp-json\/wp\/v2\/posts\/14506\/revisions\/14510"}],"wp:featuredmedia":[{"embeddable":true,"href":"https:\/\/www.thevisitorpanama.info\/esp\/wp-json\/wp\/v2\/media\/14508"}],"wp:attachment":[{"href":"https:\/\/www.thevisitorpanama.info\/esp\/wp-json\/wp\/v2\/media?parent=14506"}],"wp:term":[{"taxonomy":"category","embeddable":true,"href":"https:\/\/www.thevisitorpanama.info\/esp\/wp-json\/wp\/v2\/categories?post=14506"},{"taxonomy":"post_tag","embeddable":true,"href":"https:\/\/www.thevisitorpanama.info\/esp\/wp-json\/wp\/v2\/tags?post=14506"}],"curies":[{"name":"wp","href":"https:\/\/api.w.org\/{rel}","templated":true}]}}