{"id":14486,"date":"2023-11-14T21:39:32","date_gmt":"2023-11-15T02:39:32","guid":{"rendered":"https:\/\/www.thevisitorpanama.info\/esp\/?p=14486"},"modified":"2023-11-14T22:32:07","modified_gmt":"2023-11-15T03:32:07","slug":"acuerdo-interinstitucional-combatira-el-trafico-de-bienes-culturales-en-panama","status":"publish","type":"post","link":"https:\/\/www.thevisitorpanama.info\/esp\/2023\/11\/14\/acuerdo-interinstitucional-combatira-el-trafico-de-bienes-culturales-en-panama\/","title":{"rendered":"Acuerdo Inter-institucional Combatir\u00e1 el Tr\u00e1fico de Bienes Culturales en Panam\u00e1"},"content":{"rendered":"\n<p>En el marco de la celebraci\u00f3n del \u201cD\u00eda Internacional Contra el Tr\u00e1fico Il\u00edcito de Bienes Culturales\u201d que se conmemora el 14 de noviembre, los ministerios de Cultura (MiCultura), Seguridad (MINSEG), la Procuradur\u00eda General de la Naci\u00f3n y la Autoridad Nacional de Aduanas establecieron un acuerdo interinstitucional y multidisciplinario especializado para combatir el tr\u00e1fico il\u00edcito de bienes culturales de Panam\u00e1.<\/p>\n\n\n\n<figure class=\"wp-block-image size-full is-resized\"><img decoding=\"async\" loading=\"lazy\" src=\"https:\/\/www.thevisitorpanama.info\/esp\/wp-content\/uploads\/2023\/11\/IMG-20231114-WA0033.jpg\" alt=\"\" class=\"wp-image-14489\" width=\"328\" height=\"246\" srcset=\"https:\/\/www.thevisitorpanama.info\/esp\/wp-content\/uploads\/2023\/11\/IMG-20231114-WA0033.jpg 1600w, https:\/\/www.thevisitorpanama.info\/esp\/wp-content\/uploads\/2023\/11\/IMG-20231114-WA0033-768x577.jpg 768w, https:\/\/www.thevisitorpanama.info\/esp\/wp-content\/uploads\/2023\/11\/IMG-20231114-WA0033-1536x1155.jpg 1536w, https:\/\/www.thevisitorpanama.info\/esp\/wp-content\/uploads\/2023\/11\/IMG-20231114-WA0033-80x60.jpg 80w, https:\/\/www.thevisitorpanama.info\/esp\/wp-content\/uploads\/2023\/11\/IMG-20231114-WA0033-100x75.jpg 100w, https:\/\/www.thevisitorpanama.info\/esp\/wp-content\/uploads\/2023\/11\/IMG-20231114-WA0033-180x135.jpg 180w, https:\/\/www.thevisitorpanama.info\/esp\/wp-content\/uploads\/2023\/11\/IMG-20231114-WA0033-238x178.jpg 238w\" sizes=\"(max-width: 328px) 100vw, 328px\" \/><figcaption class=\"wp-element-caption\">Firma de la Ministra Giselle Gonz\u00e1lez Villarru\u00e9<\/figcaption><\/figure>\n\n\n\n<p>La fecha se conmemora para concienciar a los ciudadanos y autoridades acerca del robo, tr\u00e1fico y comercio ilegal de bienes culturales, que pueden cometerse en cualquier lugar del mundo y el resultado es que privan a las personas de su cultura, su identidad y su historia.<\/p>\n\n\n\n<figure class=\"wp-block-image size-full is-resized\"><img decoding=\"async\" loading=\"lazy\" src=\"https:\/\/www.thevisitorpanama.info\/esp\/wp-content\/uploads\/2023\/11\/IMG-20231114-WA0010.jpg\" alt=\"\" class=\"wp-image-14490\" width=\"349\" height=\"520\"\/><figcaption class=\"wp-element-caption\">Foto: Lois Iglesias<\/figcaption><\/figure>\n\n\n\n<p>Mediante este acuerdo se establece la responsabilidad el Estado de proteger el patrimonio constituido por los bienes culturales existentes en su territorio, pues los bienes culturales es uno de los elementos fundamentales de las culturas de los pueblos que adquieren su verdadero valor cuando se conocen con la mayor precisi\u00f3n su origen, su historia y su medio.<\/p>\n\n\n\n<figure class=\"wp-block-image size-full is-resized\"><img decoding=\"async\" loading=\"lazy\" src=\"https:\/\/www.thevisitorpanama.info\/esp\/wp-content\/uploads\/2023\/11\/IMG-20231114-WA0034.jpg\" alt=\"\" class=\"wp-image-14492\" width=\"359\" height=\"244\"\/><\/figure>\n\n\n\n<p>La titular de Cultura, Giselle Gonz\u00e1lez Villarru\u00e9, advirti\u00f3 que la p\u00e9rdida del patrimonio y las riquezas de la naci\u00f3n paname\u00f1a es un problema de grandes dimensiones que necesita ser atendido de manera integral.<\/p>\n\n\n\n<p>Gonz\u00e1lez Villarru\u00e9 consider\u00f3 que el acuerdo interinstitucional constituye el compromiso del Estado y los ciudadanos para seguir combatiendo juntos este delito y al mismo tiempo destacar la importancia de la cooperaci\u00f3n internacional para hacer frente a la amenaza contra el patrimonio cultural.<\/p>\n\n\n\n<figure class=\"wp-block-image size-full is-resized\"><img decoding=\"async\" loading=\"lazy\" src=\"https:\/\/www.thevisitorpanama.info\/esp\/wp-content\/uploads\/2023\/11\/IMG-20231114-WA0038.jpg\" alt=\"\" class=\"wp-image-14493\" width=\"345\" height=\"353\"\/><\/figure>\n\n\n\n<p>Record\u00f3 que recientemente se recuperaron 343 piezas arqueol\u00f3gicas procedentes de Pa\u00edses Bajo y dos piezas que estaban en Italia.<\/p>\n\n\n\n<p>En tanto, el procurador general de la Naci\u00f3n, Javier Caraballo se\u00f1al\u00f3 que la entidad investigativa consider\u00f3 que es muy importante adelantar y perseguir el delito relacionado con los actos il\u00edcitos que representa el robo de los bienes patrimoniales de una manera coordinada entre todas las entidades que tienen alg\u00fan grado de responsabilidad.<\/p>\n\n\n\n<p>Caraballo consider\u00f3 que el equipo interdisciplinario que se ha conformado permitir\u00e1 obtener mejores resultados mediante investigaciones eficaces y efectivas de los casos que se generen relacionados con el robo de los bienes patrimoniales, se\u00f1alando adem\u00e1s que no es exclusiva de un pa\u00eds, pues se han reportado la apropiaci\u00f3n indebida de m\u00e1s de 50 objetos patrimoniales en 130 pa\u00edses.<\/p>\n\n\n\n<figure class=\"wp-block-image size-full is-resized\"><img decoding=\"async\" loading=\"lazy\" src=\"https:\/\/www.thevisitorpanama.info\/esp\/wp-content\/uploads\/2023\/11\/IMG-20231114-WA0036.jpg\" alt=\"\" class=\"wp-image-14494\" width=\"396\" height=\"304\"\/><\/figure>\n\n\n\n<p>Por su parte, Walter Hern\u00e1ndez, en representaci\u00f3n del Ministerio de Seguridad afirm\u00f3 que desde un inicio el MINSEG se puso a disposici\u00f3n para la cooperaci\u00f3n y obtener la asesor\u00eda para fortalecer sus capacidades de investigaci\u00f3n y actuaciones que ser\u00e1n coordinadas para reforzar la lucha contra el comercio ilegal de los bienes culturales.<\/p>\n\n\n\n<p>Sheyla Hern\u00e1ndez de la Autoridad Nacional de Aduanas sostuvo que el instrumento jur\u00eddico acordado establece un paso muy importante para trabajar de forma coordinada y solidaria para combatir el tr\u00e1fico de bienes patrimoniales.<\/p>\n\n\n\n<p>Agreg\u00f3 que Aduanas tambi\u00e9n ha establecido acuerdos internacionales para luchar contra este il\u00edcito y que esa experiencia ser\u00e1 \u00fatil para lograr los objetivos que se buscan en este acuerdo de proteger el patrimonio cultural del pa\u00eds.<\/p>\n\n\n\n<p>La firma de este acuerdo tambi\u00e9n es propicia para el llevar adelante una campa\u00f1a de sensibilizaci\u00f3n ciudadana denominada \u201cprotege tu herencia\u201d, la cual busca que todos como ciudadanos cuidemos nuestra memoria hist\u00f3rica y hagamos los llamados a las autoridades cuando veamos situaciones que atenten contra nuestros bienes culturales.<\/p>\n","protected":false},"excerpt":{"rendered":"<p>En el marco de la celebraci\u00f3n del \u201cD\u00eda Internacional Contra el Tr\u00e1fico Il\u00edcito de Bienes Culturales\u201d que se conmemora el 14 de noviembre, los ministerios de Cultura (MiCultura), Seguridad (MINSEG), la Procuradur\u00eda General de la Naci\u00f3n y la Autoridad Nacional de Aduanas establecieron un acuerdo interinstitucional y multidisciplinario especializado para combatir el tr\u00e1fico il\u00edcito de [&hellip;]<\/p>\n","protected":false},"author":1,"featured_media":14487,"comment_status":"open","ping_status":"open","sticky":false,"template":"","format":"standard","meta":[],"categories":[44],"tags":[],"_links":{"self":[{"href":"https:\/\/www.thevisitorpanama.info\/esp\/wp-json\/wp\/v2\/posts\/14486"}],"collection":[{"href":"https:\/\/www.thevisitorpanama.info\/esp\/wp-json\/wp\/v2\/posts"}],"about":[{"href":"https:\/\/www.thevisitorpanama.info\/esp\/wp-json\/wp\/v2\/types\/post"}],"author":[{"embeddable":true,"href":"https:\/\/www.thevisitorpanama.info\/esp\/wp-json\/wp\/v2\/users\/1"}],"replies":[{"embeddable":true,"href":"https:\/\/www.thevisitorpanama.info\/esp\/wp-json\/wp\/v2\/comments?post=14486"}],"version-history":[{"count":5,"href":"https:\/\/www.thevisitorpanama.info\/esp\/wp-json\/wp\/v2\/posts\/14486\/revisions"}],"predecessor-version":[{"id":14499,"href":"https:\/\/www.thevisitorpanama.info\/esp\/wp-json\/wp\/v2\/posts\/14486\/revisions\/14499"}],"wp:featuredmedia":[{"embeddable":true,"href":"https:\/\/www.thevisitorpanama.info\/esp\/wp-json\/wp\/v2\/media\/14487"}],"wp:attachment":[{"href":"https:\/\/www.thevisitorpanama.info\/esp\/wp-json\/wp\/v2\/media?parent=14486"}],"wp:term":[{"taxonomy":"category","embeddable":true,"href":"https:\/\/www.thevisitorpanama.info\/esp\/wp-json\/wp\/v2\/categories?post=14486"},{"taxonomy":"post_tag","embeddable":true,"href":"https:\/\/www.thevisitorpanama.info\/esp\/wp-json\/wp\/v2\/tags?post=14486"}],"curies":[{"name":"wp","href":"https:\/\/api.w.org\/{rel}","templated":true}]}}