{"id":14473,"date":"2023-10-27T19:07:40","date_gmt":"2023-10-28T00:07:40","guid":{"rendered":"https:\/\/www.thevisitorpanama.info\/esp\/?p=14473"},"modified":"2023-10-27T19:44:22","modified_gmt":"2023-10-28T00:44:22","slug":"comunicado-ante-la-posible-cancelacion-de-toda-la-temporada-de-cruceros-en-panama","status":"publish","type":"post","link":"https:\/\/www.thevisitorpanama.info\/esp\/2023\/10\/27\/comunicado-ante-la-posible-cancelacion-de-toda-la-temporada-de-cruceros-en-panama\/","title":{"rendered":"Comunicado Ante la Posible Cancelaci\u00f3n de Toda la Temporada de Cruceros en Panam\u00e1"},"content":{"rendered":"\n<p>Sumamente preocupada por las repercusiones que los acontecimientos que afectan la paz y seguridad, ejercen sobre la visita de turistas al pa\u00eds, hace un llamado a las autoridades para que, con car\u00e1cter de urgencia, hagan lo necesario para que la normalidad reine cuanto antes. La pr\u00f3xima semana inicia la temporada alta del turismo en Panam\u00e1, uno de los m\u00e1s importantes aportes a la econom\u00eda tur\u00edstica de las ciudades de Panam\u00e1 y Col\u00f3n son los cruceros, y ya para la pr\u00f3xima semana, ha sido cancelada la llegada al puerto de Col\u00f3n de dos cruceros con miles de pasajeros, que no aportar\u00e1n a la econom\u00eda y bienestar de los paname\u00f1os.<br>De continuar esta condici\u00f3n de inseguridad, podr\u00eda cancelarse para toda la temporada del 2023, la llegada de las l\u00edneas de crucero que hacen estad\u00eda en nuestras ciudades portuarias, decisi\u00f3n que provocar\u00eda enormes p\u00e9rdidas en la econom\u00eda del pa\u00eds, afectando la creaci\u00f3n de empleos y el cierre de muchas empresas dedicadas al turismo, la gastronom\u00eda, la artesan\u00eda etc. El da\u00f1o que se ocasionar\u00eda a la industria tur\u00edstica que apenas est\u00e1 recuper\u00e1ndose de los efectos de la pandemia, en la mayor\u00eda de los casos, ser\u00eda irreversible, llevando al cierre total y permanente a dichos negocios.<br>Urgimos al Gobierno Nacional, a tomar las medidas para que la cordura y sensatez regrese al pa\u00eds, y dando el ejemplo, invite a una mesa de negociaci\u00f3n donde declinando posiciones, pueda darse una soluci\u00f3n al descontento general. Nuestra reputaci\u00f3n como pa\u00eds seguro para el visitante, est\u00e1 en juego. Los paname\u00f1os se han manifestado en las calles, le toca al Gobierno llamar a la paz y negociar la reconciliaci\u00f3n.<\/p>\n\n\n\n<p>Panam\u00e1 27 de octubre de 2023<\/p>\n","protected":false},"excerpt":{"rendered":"<p>Sumamente preocupada por las repercusiones que los acontecimientos que afectan la paz y seguridad, ejercen sobre la visita de turistas al pa\u00eds, hace un llamado a las autoridades para que, con car\u00e1cter de urgencia, hagan lo necesario para que la normalidad reine cuanto antes. La pr\u00f3xima semana inicia la temporada alta del turismo en Panam\u00e1, [&hellip;]<\/p>\n","protected":false},"author":1,"featured_media":14475,"comment_status":"open","ping_status":"open","sticky":false,"template":"","format":"standard","meta":[],"categories":[44],"tags":[],"_links":{"self":[{"href":"https:\/\/www.thevisitorpanama.info\/esp\/wp-json\/wp\/v2\/posts\/14473"}],"collection":[{"href":"https:\/\/www.thevisitorpanama.info\/esp\/wp-json\/wp\/v2\/posts"}],"about":[{"href":"https:\/\/www.thevisitorpanama.info\/esp\/wp-json\/wp\/v2\/types\/post"}],"author":[{"embeddable":true,"href":"https:\/\/www.thevisitorpanama.info\/esp\/wp-json\/wp\/v2\/users\/1"}],"replies":[{"embeddable":true,"href":"https:\/\/www.thevisitorpanama.info\/esp\/wp-json\/wp\/v2\/comments?post=14473"}],"version-history":[{"count":1,"href":"https:\/\/www.thevisitorpanama.info\/esp\/wp-json\/wp\/v2\/posts\/14473\/revisions"}],"predecessor-version":[{"id":14474,"href":"https:\/\/www.thevisitorpanama.info\/esp\/wp-json\/wp\/v2\/posts\/14473\/revisions\/14474"}],"wp:featuredmedia":[{"embeddable":true,"href":"https:\/\/www.thevisitorpanama.info\/esp\/wp-json\/wp\/v2\/media\/14475"}],"wp:attachment":[{"href":"https:\/\/www.thevisitorpanama.info\/esp\/wp-json\/wp\/v2\/media?parent=14473"}],"wp:term":[{"taxonomy":"category","embeddable":true,"href":"https:\/\/www.thevisitorpanama.info\/esp\/wp-json\/wp\/v2\/categories?post=14473"},{"taxonomy":"post_tag","embeddable":true,"href":"https:\/\/www.thevisitorpanama.info\/esp\/wp-json\/wp\/v2\/tags?post=14473"}],"curies":[{"name":"wp","href":"https:\/\/api.w.org\/{rel}","templated":true}]}}