{"id":14470,"date":"2023-10-27T18:32:27","date_gmt":"2023-10-27T23:32:27","guid":{"rendered":"https:\/\/www.thevisitorpanama.info\/esp\/?p=14470"},"modified":"2023-10-27T21:58:54","modified_gmt":"2023-10-28T02:58:54","slug":"camara-de-turismo-de-veraguas-emite-comunicado-en-pro-de-salvaguardar-la-biodiversidad-del-pais","status":"publish","type":"post","link":"https:\/\/www.thevisitorpanama.info\/esp\/2023\/10\/27\/camara-de-turismo-de-veraguas-emite-comunicado-en-pro-de-salvaguardar-la-biodiversidad-del-pais\/","title":{"rendered":"C\u00e1mara de Turismo de Veraguas Emite Comunicado en Pro de Salvaguardar la Biodiversidad del Pa\u00eds y en Contra de la Mineria"},"content":{"rendered":"\n<p>La C\u00e1mara de Turismo de Veraguas, en representaci\u00f3n del sector tur\u00edstico de nuestra regi\u00f3n, emite el siguiente comunicado con respecto a la situaci\u00f3n actual que atraviesa el pa\u00eds:<\/p>\n\n\n\n<p>Observamos con profunda preocupaci\u00f3n los desaf\u00edos que enfrentamos como naci\u00f3n. Nos sentimos frustrados, ya que numerosas personas expresaron innumerables razones por las cuales el contrato minero no era favorable para el pa\u00eds, pero el gobierno prefiri\u00f3 no escucharnos.<\/p>\n\n\n\n<p>Siempre estaremos del lado de la salvaguarda de la biodiversidad y nuestro patrimonio cultural,<\/p>\n\n\n\n<p>consider\u00e1ndolos como los activos m\u00e1s valiosos que poseemos.<\/p>\n\n\n\n<p>Manifestamos nuestra oposici\u00f3n a cualquier actividad econ\u00f3mica no sostenible que cause da\u00f1os ecol\u00f3gicos o culturales irreversibles, empobreciendo a las nuevas generaciones.<\/p>\n\n\n\n<p>Entendemos que la estabilidad social paname\u00f1a es crucial, y hacemos un llamado urgente a la paz y tolerancia entre todos los grupos involucrados en las manifestaciones. Condenamos en\u00e9rgicamente cualquier acto delictivo y vandalismo que da\u00f1e la integridad de nuestra sociedad. El gobierno debe desempe\u00f1ar efectivamente su rol para proteger a los ciudadanos de los grupos delincuenciales que se infiltran y desmeritan el valor de las genuinas y patri\u00f3ticas manifestaciones.<\/p>\n\n\n\n<p>Solicitamos cero tolerancia con aquellos que da\u00f1an la propiedad privada, vandalizan y causan afectaciones a terceros. Un ambiente con cierres de calles, inestabilidad y violencia afecta a todos los sectores productivos del pa\u00eds, especialmente a los peque\u00f1os empresarios y emprendedores, del sector transporte, agr\u00edcola y, en nuestro caso, al turismo, donde los da\u00f1os a la imagen del pa\u00eds nos afectar\u00e1n incluso a largo plazo, generando p\u00e9rdidas millonarias y cierres forzosos de negocios.<\/p>\n\n\n\n<p>Dado que dos de los tres \u00f3rganos del Estado han desatendido el llamado a la defensa de la patria, instamos con urgencia a la Corte Suprema de Justicia a pronunciarse con prontitud sobre la inconstitucionalidad de la Ley 406 de octubre de 2023. Es imperativo que este \u00f3rgano estatal cumpla de manera expedita con su responsabilidad y aclare la legalidad del mencionado contrato.<\/p>\n\n\n\n<p>Como gremio responsable, nos solidarizamos con el sentir nacional e instamos al Ejecutivo y al Legislativo para que en el futuro escuchen el clamor del pueblo y no se dejen cegar por intereses econ\u00f3micos.<\/p>\n\n\n\n<p>Dado en la ciudad de Santiago, 27 de octubre de 2023<\/p>\n\n\n\n<p>C\u00e1mara de Turismo de Veraguas<\/p>\n\n\n\n<p>info@exploreveraguas.com<\/p>\n","protected":false},"excerpt":{"rendered":"<p>La C\u00e1mara de Turismo de Veraguas, en representaci\u00f3n del sector tur\u00edstico de nuestra regi\u00f3n, emite el siguiente comunicado con respecto a la situaci\u00f3n actual que atraviesa el pa\u00eds: Observamos con profunda preocupaci\u00f3n los desaf\u00edos que enfrentamos como naci\u00f3n. Nos sentimos frustrados, ya que numerosas personas expresaron innumerables razones por las cuales el contrato minero no [&hellip;]<\/p>\n","protected":false},"author":1,"featured_media":14477,"comment_status":"open","ping_status":"open","sticky":false,"template":"","format":"standard","meta":[],"categories":[44],"tags":[],"_links":{"self":[{"href":"https:\/\/www.thevisitorpanama.info\/esp\/wp-json\/wp\/v2\/posts\/14470"}],"collection":[{"href":"https:\/\/www.thevisitorpanama.info\/esp\/wp-json\/wp\/v2\/posts"}],"about":[{"href":"https:\/\/www.thevisitorpanama.info\/esp\/wp-json\/wp\/v2\/types\/post"}],"author":[{"embeddable":true,"href":"https:\/\/www.thevisitorpanama.info\/esp\/wp-json\/wp\/v2\/users\/1"}],"replies":[{"embeddable":true,"href":"https:\/\/www.thevisitorpanama.info\/esp\/wp-json\/wp\/v2\/comments?post=14470"}],"version-history":[{"count":2,"href":"https:\/\/www.thevisitorpanama.info\/esp\/wp-json\/wp\/v2\/posts\/14470\/revisions"}],"predecessor-version":[{"id":14472,"href":"https:\/\/www.thevisitorpanama.info\/esp\/wp-json\/wp\/v2\/posts\/14470\/revisions\/14472"}],"wp:featuredmedia":[{"embeddable":true,"href":"https:\/\/www.thevisitorpanama.info\/esp\/wp-json\/wp\/v2\/media\/14477"}],"wp:attachment":[{"href":"https:\/\/www.thevisitorpanama.info\/esp\/wp-json\/wp\/v2\/media?parent=14470"}],"wp:term":[{"taxonomy":"category","embeddable":true,"href":"https:\/\/www.thevisitorpanama.info\/esp\/wp-json\/wp\/v2\/categories?post=14470"},{"taxonomy":"post_tag","embeddable":true,"href":"https:\/\/www.thevisitorpanama.info\/esp\/wp-json\/wp\/v2\/tags?post=14470"}],"curies":[{"name":"wp","href":"https:\/\/api.w.org\/{rel}","templated":true}]}}