{"id":14370,"date":"2023-10-23T11:11:48","date_gmt":"2023-10-23T16:11:48","guid":{"rendered":"https:\/\/www.thevisitorpanama.info\/esp\/?p=14370"},"modified":"2023-10-23T11:30:28","modified_gmt":"2023-10-23T16:30:28","slug":"noviembre-es-mes-de-la-patria-la-mejor-razon-para-celebrar-y-sentirse-orgullo-de-vivir-en-panama","status":"publish","type":"post","link":"https:\/\/www.thevisitorpanama.info\/esp\/2023\/10\/23\/noviembre-es-mes-de-la-patria-la-mejor-razon-para-celebrar-y-sentirse-orgullo-de-vivir-en-panama\/","title":{"rendered":"<strong>Noviembre es Mes de la Patria, la Mejor Raz\u00f3n para Celebrar y Sentirse Orgullo de Vivir en Panam\u00e1<\/strong>"},"content":{"rendered":"\n<p>Noviembre se conoce en Panam\u00e1 como el mes de la patria, ya que durante el mismo sucedieron los acontecimientos m\u00e1s importantes de la historia del pa\u00eds. Son 30 d\u00edas llenos de orgullo patrio para los paname\u00f1os y que se evidencia en los desfiles que se realizan a lo largo y ancho de todo el pa\u00eds por colegios secundarios y bandas independientes, as\u00ed como de organizaci\u00f3n privadas como gubernamentales. En todo el mes Panam\u00e1 se viste de rojo, blanco y azul, para rendir honores a pr\u00f3ceres y m\u00e1rtires que lucharon para alcanzar la soberan\u00eda plena al istmo.<\/p>\n\n\n\n<p>Este art\u00edculo realiza un recorrido por los cinco d\u00edas festivos de este mes y la raz\u00f3n por la que son importantes para nuestro pa\u00eds.<\/p>\n\n\n\n<figure class=\"wp-block-image size-full\"><img decoding=\"async\" loading=\"lazy\" width=\"2560\" height=\"1920\" src=\"https:\/\/www.thevisitorpanama.info\/esp\/wp-content\/uploads\/2023\/10\/Escolta_de_Bandera_de_la_Policia_Nacional_de_Panama_2010.jpg\" alt=\"\" class=\"wp-image-14374\" srcset=\"https:\/\/www.thevisitorpanama.info\/esp\/wp-content\/uploads\/2023\/10\/Escolta_de_Bandera_de_la_Policia_Nacional_de_Panama_2010.jpg 2560w, https:\/\/www.thevisitorpanama.info\/esp\/wp-content\/uploads\/2023\/10\/Escolta_de_Bandera_de_la_Policia_Nacional_de_Panama_2010-768x576.jpg 768w, https:\/\/www.thevisitorpanama.info\/esp\/wp-content\/uploads\/2023\/10\/Escolta_de_Bandera_de_la_Policia_Nacional_de_Panama_2010-1536x1152.jpg 1536w, https:\/\/www.thevisitorpanama.info\/esp\/wp-content\/uploads\/2023\/10\/Escolta_de_Bandera_de_la_Policia_Nacional_de_Panama_2010-2048x1536.jpg 2048w, https:\/\/www.thevisitorpanama.info\/esp\/wp-content\/uploads\/2023\/10\/Escolta_de_Bandera_de_la_Policia_Nacional_de_Panama_2010-80x60.jpg 80w, https:\/\/www.thevisitorpanama.info\/esp\/wp-content\/uploads\/2023\/10\/Escolta_de_Bandera_de_la_Policia_Nacional_de_Panama_2010-100x75.jpg 100w, https:\/\/www.thevisitorpanama.info\/esp\/wp-content\/uploads\/2023\/10\/Escolta_de_Bandera_de_la_Policia_Nacional_de_Panama_2010-180x135.jpg 180w, https:\/\/www.thevisitorpanama.info\/esp\/wp-content\/uploads\/2023\/10\/Escolta_de_Bandera_de_la_Policia_Nacional_de_Panama_2010-238x178.jpg 238w\" sizes=\"(max-width: 2560px) 100vw, 2560px\" \/><\/figure>\n\n\n\n<p><strong>3 de Noviembre \u2013 Separaci\u00f3n de Panam\u00e1 de Colombia<\/strong><\/p>\n\n\n\n<p>Durante la colonizaci\u00f3n Panam\u00e1 era un punto de comercio muy importante para Espa\u00f1a. Por esta raz\u00f3n, los independistas tem\u00edan que el imperio reconquistara el istmo, decidiendo unirse a la Gran Colombia; compuesta por lo que hoy son las rep\u00fablicas de Colombia, Ecuador y Venezuela. Luego de la desintegraci\u00f3n de la Gran Colombia, Panam\u00e1 continu\u00f3 siendo parte de Colombia. No obstante, con el paso del tiempo quedaron en evidencia las grandes diferencias pol\u00edticas, culturales y econ\u00f3micas, motivando la separaci\u00f3n. Siendo el 3 de noviembre de 1903, el d\u00eda en que Panam\u00e1 se separa de Colombia y se convierte en naci\u00f3n soberana.\u00a0<\/p>\n\n\n\n<figure class=\"wp-block-image size-full\"><img decoding=\"async\" loading=\"lazy\" width=\"940\" height=\"1200\" src=\"https:\/\/www.thevisitorpanama.info\/esp\/wp-content\/uploads\/2023\/10\/Acta_de_independencia_de_Panama_1903.jpg\" alt=\"\" class=\"wp-image-14375\" srcset=\"https:\/\/www.thevisitorpanama.info\/esp\/wp-content\/uploads\/2023\/10\/Acta_de_independencia_de_Panama_1903.jpg 940w, https:\/\/www.thevisitorpanama.info\/esp\/wp-content\/uploads\/2023\/10\/Acta_de_independencia_de_Panama_1903-768x980.jpg 768w\" sizes=\"(max-width: 940px) 100vw, 940px\" \/><\/figure>\n\n\n\n<p><strong>4 de Noviembre \u2013 D\u00eda de los S\u00edmbolos de la Naci\u00f3n<\/strong><\/p>\n\n\n\n<p>Se reconoce como el d\u00eda de los S\u00edmbolos de la Naci\u00f3n (antes D\u00eda de la Bandera), por ser piezas fundamentales que marcaron acontecimientos importantes que dieron inicio a la vida Republicana. Justamente un 4 de noviembre se onde\u00f3 por primera vez la bandera de Panam\u00e1, dise\u00f1ada por Manuel E. Amador y confeccionada por Mar\u00eda Osa de Amador. Durante este d\u00eda tambi\u00e9n se rinde honor al Escudo de Armas dise\u00f1ada por Nicanor Villalaz e interpretada art\u00edsticamente por el artista Max Lemm Bielert. Igualmente, al Himno Nacional de Panam\u00e1 compuesto por Santos Jorge con letra de Jer\u00f3nimo Ossa Escobar, cuyos versos resumen los hechos de 1903 y el nacimiento de la nueva Rep\u00fablica.<\/p>\n\n\n\n<figure class=\"wp-block-image size-full\"><img decoding=\"async\" loading=\"lazy\" width=\"927\" height=\"1024\" src=\"https:\/\/www.thevisitorpanama.info\/esp\/wp-content\/uploads\/2023\/10\/Compress_20231023_112117_7446.jpg\" alt=\"\" class=\"wp-image-14376\" srcset=\"https:\/\/www.thevisitorpanama.info\/esp\/wp-content\/uploads\/2023\/10\/Compress_20231023_112117_7446.jpg 927w, https:\/\/www.thevisitorpanama.info\/esp\/wp-content\/uploads\/2023\/10\/Compress_20231023_112117_7446-768x848.jpg 768w\" sizes=\"(max-width: 927px) 100vw, 927px\" \/><\/figure>\n\n\n\n<p><strong>5 de Noviembre \u2013 Movimiento de Separaci\u00f3n de Col\u00f3n<\/strong><\/p>\n\n\n\n<p>En este d\u00eda se celebra la consolidaci\u00f3n de la separaci\u00f3n del istmo paname\u00f1o de Colombia por el movimiento de las tropas en la ciudad de Col\u00f3n que logr\u00f3 detener el traslado de 500 soldados colombianos a la Ciudad de Panam\u00e1. Despu\u00e9s de un d\u00eda de arduas negociaciones con los Colombianos Juan Antonio Henr\u00edquez de la Junta Revolucionaria envi\u00f3 un telegrama a Panam\u00e1 diciendo: \u201cS\u00f3lo ahora, a las 7:30 p.m. puede decirse que la independencia de Panam\u00e1 est\u00e1 asegurada.\u201d Un hecho hist\u00f3rico sin precedentes.<\/p>\n\n\n\n<figure class=\"wp-block-image size-full\"><img decoding=\"async\" loading=\"lazy\" width=\"960\" height=\"960\" src=\"https:\/\/www.thevisitorpanama.info\/esp\/wp-content\/uploads\/2023\/10\/Desfileenbugaba.jpg\" alt=\"\" class=\"wp-image-14377\" srcset=\"https:\/\/www.thevisitorpanama.info\/esp\/wp-content\/uploads\/2023\/10\/Desfileenbugaba.jpg 960w, https:\/\/www.thevisitorpanama.info\/esp\/wp-content\/uploads\/2023\/10\/Desfileenbugaba-150x150.jpg 150w, https:\/\/www.thevisitorpanama.info\/esp\/wp-content\/uploads\/2023\/10\/Desfileenbugaba-768x768.jpg 768w\" sizes=\"(max-width: 960px) 100vw, 960px\" \/><\/figure>\n\n\n\n<p><strong>10 de Noviembre \u2013 Primer Grito de Independencia<\/strong><\/p>\n\n\n\n<p>Este d\u00eda en la Villa de Los Santos se realiz\u00f3 el llamado \u201cEl Primer Grito de Independencia\u201d de Panam\u00e1 del Reino de Espa\u00f1a. Este primer grito atribuido a la Sante\u00f1a Rutina Alfaro fue el detonante de la emancipaci\u00f3n de otros pueblos como Penonom\u00e9, Nat\u00e1 de los Caballeros, entre otros.<\/p>\n\n\n\n<figure class=\"wp-block-image size-full\"><img decoding=\"async\" loading=\"lazy\" width=\"750\" height=\"929\" src=\"https:\/\/www.thevisitorpanama.info\/esp\/wp-content\/uploads\/2023\/10\/rufina-alfaro-5d911306-eff2-4e62-8161-1aa292280d1-resize-750.jpg\" alt=\"\" class=\"wp-image-14378\"\/><\/figure>\n\n\n\n<p><strong>28 de<\/strong><strong> Noviembre \u2013 Independencia de Panam\u00e1 de Espa\u00f1a<\/strong><\/p>\n\n\n\n<p>Los distintos movimientos de emancipaci\u00f3n que empezaron el 10 de noviembre a lo largo y ancho del pa\u00eds tuvieron su culminaci\u00f3n con la proclamaci\u00f3n oficial de la independencia de Panam\u00e1 de la dominaci\u00f3n espa\u00f1ola.<\/p>\n\n\n\n<p>Adem\u00e1s de los desfiles y las celebraciones oficiales, las Fiestas Patrias son un gran per\u00edodo de turismo interno, donde las playas y sitios en la interior se llenan de Visitantes.<\/p>\n\n\n\n<figure class=\"wp-block-image size-full\"><img decoding=\"async\" loading=\"lazy\" width=\"1404\" height=\"1921\" src=\"https:\/\/www.thevisitorpanama.info\/esp\/wp-content\/uploads\/2023\/10\/Acta_independecia_de_Panama_1821.jpg\" alt=\"\" class=\"wp-image-14379\" srcset=\"https:\/\/www.thevisitorpanama.info\/esp\/wp-content\/uploads\/2023\/10\/Acta_independecia_de_Panama_1821.jpg 1404w, https:\/\/www.thevisitorpanama.info\/esp\/wp-content\/uploads\/2023\/10\/Acta_independecia_de_Panama_1821-768x1051.jpg 768w, https:\/\/www.thevisitorpanama.info\/esp\/wp-content\/uploads\/2023\/10\/Acta_independecia_de_Panama_1821-1123x1536.jpg 1123w\" sizes=\"(max-width: 1404px) 100vw, 1404px\" \/><\/figure>\n","protected":false},"excerpt":{"rendered":"<p>Noviembre se conoce en Panam\u00e1 como el mes de la patria, ya que durante el mismo sucedieron los acontecimientos m\u00e1s importantes de la historia del pa\u00eds. Son 30 d\u00edas llenos de orgullo patrio para los paname\u00f1os y que se evidencia en los desfiles que se realizan a lo largo y ancho de todo el pa\u00eds [&hellip;]<\/p>\n","protected":false},"author":1,"featured_media":14372,"comment_status":"open","ping_status":"open","sticky":false,"template":"","format":"standard","meta":[],"categories":[42],"tags":[],"_links":{"self":[{"href":"https:\/\/www.thevisitorpanama.info\/esp\/wp-json\/wp\/v2\/posts\/14370"}],"collection":[{"href":"https:\/\/www.thevisitorpanama.info\/esp\/wp-json\/wp\/v2\/posts"}],"about":[{"href":"https:\/\/www.thevisitorpanama.info\/esp\/wp-json\/wp\/v2\/types\/post"}],"author":[{"embeddable":true,"href":"https:\/\/www.thevisitorpanama.info\/esp\/wp-json\/wp\/v2\/users\/1"}],"replies":[{"embeddable":true,"href":"https:\/\/www.thevisitorpanama.info\/esp\/wp-json\/wp\/v2\/comments?post=14370"}],"version-history":[{"count":2,"href":"https:\/\/www.thevisitorpanama.info\/esp\/wp-json\/wp\/v2\/posts\/14370\/revisions"}],"predecessor-version":[{"id":14380,"href":"https:\/\/www.thevisitorpanama.info\/esp\/wp-json\/wp\/v2\/posts\/14370\/revisions\/14380"}],"wp:featuredmedia":[{"embeddable":true,"href":"https:\/\/www.thevisitorpanama.info\/esp\/wp-json\/wp\/v2\/media\/14372"}],"wp:attachment":[{"href":"https:\/\/www.thevisitorpanama.info\/esp\/wp-json\/wp\/v2\/media?parent=14370"}],"wp:term":[{"taxonomy":"category","embeddable":true,"href":"https:\/\/www.thevisitorpanama.info\/esp\/wp-json\/wp\/v2\/categories?post=14370"},{"taxonomy":"post_tag","embeddable":true,"href":"https:\/\/www.thevisitorpanama.info\/esp\/wp-json\/wp\/v2\/tags?post=14370"}],"curies":[{"name":"wp","href":"https:\/\/api.w.org\/{rel}","templated":true}]}}