{"id":14366,"date":"2023-10-22T22:10:04","date_gmt":"2023-10-23T03:10:04","guid":{"rendered":"https:\/\/www.thevisitorpanama.info\/esp\/?p=14366"},"modified":"2023-10-22T22:11:09","modified_gmt":"2023-10-23T03:11:09","slug":"comunicado-de-la-camara-nacional-de-turismo-de-panama-ante-las-anunciadas-medidas-de-protestas","status":"publish","type":"post","link":"https:\/\/www.thevisitorpanama.info\/esp\/2023\/10\/22\/comunicado-de-la-camara-nacional-de-turismo-de-panama-ante-las-anunciadas-medidas-de-protestas\/","title":{"rendered":"Comunicado de la C\u00e1mara Nacional de Turismo de Panam\u00e1 ante las anunciadas Medidas de Protestas."},"content":{"rendered":"\n<p>Si bien es cierto que somos conscientes del derecho que tenemos todos los paname\u00f1os a la libertad de expresi\u00f3n, queremos como Junta Directiva de la Camara Nacional de Turismo, expresar nuestra preocupaci\u00f3n por la seguridad del sector y de los turistas, debido a las mencionadas medidas de \u201ccierre de calles\u201d.<br>Nuestra C\u00e1mara, toda su membres\u00eda y nuestros representantes ante el Consejo Nacional de Turismo hemos trabajado y seguimos trabajando en la estabilizaci\u00f3n e incremento de la actividad tur\u00edstica, por ende, en el desarrollo de la econom\u00eda nacional.<br>Este trabajo, se ve reflejado directamente en la cantidad de turistas internacionales que han entrado al pa\u00eds, est\u00e1n en el pa\u00eds y planean visitarnos; como tambi\u00e9n en la activaci\u00f3n econ\u00f3mica que ha percibido toda la cadena de valor de la industria, entre ellos hoteles, restaurantes y afines, artesanos, buhoneros, transportistas, tour operadores y gu\u00edas tur\u00edsticos entre otros.<br>Por lo anteriormente expuesto, exhortamos al gobierno nacional, asegurar la salida e ingreso por aeropuertos a nacionales y turistas; brindar protecci\u00f3n a los turistas dentro del pa\u00eds, logrando que su permanencia est\u00e9 alejada de todas las manifestaciones que perturben su buena experiencia en Panam\u00e1 y afecte los logros econ\u00f3micos alcanzados.<br>\u00a1JUNTOS SOMOS TURISMO!<\/p>\n\n\n\n<p>Panam\u00e1 22 de octubre de 2023<\/p>\n\n\n\n<p>C\u00e1mara Nacional de Turismo de Panam\u00e1<\/p>\n","protected":false},"excerpt":{"rendered":"<p>Si bien es cierto que somos conscientes del derecho que tenemos todos los paname\u00f1os a la libertad de expresi\u00f3n, queremos como Junta Directiva de la Camara Nacional de Turismo, expresar nuestra preocupaci\u00f3n por la seguridad del sector y de los turistas, debido a las mencionadas medidas de \u201ccierre de calles\u201d.Nuestra C\u00e1mara, toda su membres\u00eda y [&hellip;]<\/p>\n","protected":false},"author":1,"featured_media":14368,"comment_status":"open","ping_status":"open","sticky":false,"template":"","format":"standard","meta":[],"categories":[44],"tags":[],"_links":{"self":[{"href":"https:\/\/www.thevisitorpanama.info\/esp\/wp-json\/wp\/v2\/posts\/14366"}],"collection":[{"href":"https:\/\/www.thevisitorpanama.info\/esp\/wp-json\/wp\/v2\/posts"}],"about":[{"href":"https:\/\/www.thevisitorpanama.info\/esp\/wp-json\/wp\/v2\/types\/post"}],"author":[{"embeddable":true,"href":"https:\/\/www.thevisitorpanama.info\/esp\/wp-json\/wp\/v2\/users\/1"}],"replies":[{"embeddable":true,"href":"https:\/\/www.thevisitorpanama.info\/esp\/wp-json\/wp\/v2\/comments?post=14366"}],"version-history":[{"count":1,"href":"https:\/\/www.thevisitorpanama.info\/esp\/wp-json\/wp\/v2\/posts\/14366\/revisions"}],"predecessor-version":[{"id":14367,"href":"https:\/\/www.thevisitorpanama.info\/esp\/wp-json\/wp\/v2\/posts\/14366\/revisions\/14367"}],"wp:featuredmedia":[{"embeddable":true,"href":"https:\/\/www.thevisitorpanama.info\/esp\/wp-json\/wp\/v2\/media\/14368"}],"wp:attachment":[{"href":"https:\/\/www.thevisitorpanama.info\/esp\/wp-json\/wp\/v2\/media?parent=14366"}],"wp:term":[{"taxonomy":"category","embeddable":true,"href":"https:\/\/www.thevisitorpanama.info\/esp\/wp-json\/wp\/v2\/categories?post=14366"},{"taxonomy":"post_tag","embeddable":true,"href":"https:\/\/www.thevisitorpanama.info\/esp\/wp-json\/wp\/v2\/tags?post=14366"}],"curies":[{"name":"wp","href":"https:\/\/api.w.org\/{rel}","templated":true}]}}