{"id":14337,"date":"2023-10-16T19:01:45","date_gmt":"2023-10-17T00:01:45","guid":{"rendered":"https:\/\/www.thevisitorpanama.info\/esp\/?p=14337"},"modified":"2023-10-16T19:02:55","modified_gmt":"2023-10-17T00:02:55","slug":"festival-nacional-del-sombrero-pintao-se-realizara-del-20-al-22-de-octubre","status":"publish","type":"post","link":"https:\/\/www.thevisitorpanama.info\/esp\/2023\/10\/16\/festival-nacional-del-sombrero-pintao-se-realizara-del-20-al-22-de-octubre\/","title":{"rendered":"Festival Nacional del Sombrero Pintao se Realizar\u00e1 del 20 al 22 de Octubre"},"content":{"rendered":"\n<p>La und\u00e9cima edici\u00f3n del Festival Nacional del Sombrero Pintao viene cargado de grandes actividades durante su celebraci\u00f3n en el mes de octubre.<\/p>\n\n\n\n<p>Con mucha alegr\u00eda el pueblo de La Pintada celebrar\u00e1 la und\u00e9cima edici\u00f3n del Festival Nacional del Sombrero Pintao, qu\u00e9 se llevar\u00e1 a cabo desde el viernes 20 al domingo 22 de octubre.<\/p>\n\n\n\n<figure class=\"wp-block-image size-full\"><img decoding=\"async\" loading=\"lazy\" width=\"1368\" height=\"912\" src=\"https:\/\/www.thevisitorpanama.info\/esp\/wp-content\/uploads\/2023\/10\/Compress_20231016_185319_9079.jpg\" alt=\"\" class=\"wp-image-14339\" srcset=\"https:\/\/www.thevisitorpanama.info\/esp\/wp-content\/uploads\/2023\/10\/Compress_20231016_185319_9079.jpg 1368w, https:\/\/www.thevisitorpanama.info\/esp\/wp-content\/uploads\/2023\/10\/Compress_20231016_185319_9079-768x512.jpg 768w\" sizes=\"(max-width: 1368px) 100vw, 1368px\" \/><\/figure>\n\n\n\n<p>Este festival enaltece el Sombrero Pintao, nombrado por la UNESCO como patrimonio Cultural Inmaterial de la Humanidad desde el 2017.<\/p>\n\n\n\n<p>Este a\u00f1o la encargada de engalanar el XI Festival Nacional del Sombrero Pintadao ser\u00e1 su Majestad Paola Milagros Jaramillo Vergara.<\/p>\n\n\n\n<figure class=\"wp-block-image size-full\"><img decoding=\"async\" loading=\"lazy\" width=\"1368\" height=\"912\" src=\"https:\/\/www.thevisitorpanama.info\/esp\/wp-content\/uploads\/2023\/10\/Compress_20231016_185319_9404.jpg\" alt=\"\" class=\"wp-image-14340\" srcset=\"https:\/\/www.thevisitorpanama.info\/esp\/wp-content\/uploads\/2023\/10\/Compress_20231016_185319_9404.jpg 1368w, https:\/\/www.thevisitorpanama.info\/esp\/wp-content\/uploads\/2023\/10\/Compress_20231016_185319_9404-768x512.jpg 768w\" sizes=\"(max-width: 1368px) 100vw, 1368px\" \/><\/figure>\n\n\n\n<p><br>A continuaci\u00f3n las actividades que ofrecer\u00e1 la und\u00e9cima edici\u00f3n del Festival Nacional del Sombrero Pintao:<\/p>\n\n\n\n<p><strong>Viernes 20 octubre<\/strong>:<\/p>\n\n\n\n<p>Tuna de despedida S.R.M. Malena Morales<br>Coronaci\u00f3n de S.M. Paola Milagros Jaramillo Vergara<br>Tarima de espect\u00e1culos<br>Bailes populares<\/p>\n\n\n\n<p><strong>S\u00e1bado 21 de octubre:<\/strong><\/p>\n\n\n\n<p>Apertura de vereda artesanal<br>Eucarist\u00eda<br>Jornada acad\u00e9mica<br>Concursos nacionales<br>Tarima de espect\u00e1culos<br>Bailes populares<\/p>\n\n\n\n<figure class=\"wp-block-image size-full\"><img decoding=\"async\" loading=\"lazy\" width=\"1368\" height=\"912\" src=\"https:\/\/www.thevisitorpanama.info\/esp\/wp-content\/uploads\/2023\/10\/Compress_20231016_185319_9750.jpg\" alt=\"\" class=\"wp-image-14341\" srcset=\"https:\/\/www.thevisitorpanama.info\/esp\/wp-content\/uploads\/2023\/10\/Compress_20231016_185319_9750.jpg 1368w, https:\/\/www.thevisitorpanama.info\/esp\/wp-content\/uploads\/2023\/10\/Compress_20231016_185319_9750-768x512.jpg 768w\" sizes=\"(max-width: 1368px) 100vw, 1368px\" \/><\/figure>\n\n\n\n<p><strong>Domingo 22 de octubre:<\/strong><\/p>\n\n\n\n<p>Apertura de verada artesanal<br>Gran Desfile de carretas &#8220;De los artesanos del Sombrero Pintao para el mundo&#8221;<br>Gran cabalgata &#8220;De los artesanos del Sombrero Pintao para el mundo&#8221;<br>Bailes populares<\/p>\n","protected":false},"excerpt":{"rendered":"<p>La und\u00e9cima edici\u00f3n del Festival Nacional del Sombrero Pintao viene cargado de grandes actividades durante su celebraci\u00f3n en el mes de octubre. Con mucha alegr\u00eda el pueblo de La Pintada celebrar\u00e1 la und\u00e9cima edici\u00f3n del Festival Nacional del Sombrero Pintao, qu\u00e9 se llevar\u00e1 a cabo desde el viernes 20 al domingo 22 de octubre. Este [&hellip;]<\/p>\n","protected":false},"author":1,"featured_media":14338,"comment_status":"open","ping_status":"open","sticky":false,"template":"","format":"standard","meta":[],"categories":[69],"tags":[],"_links":{"self":[{"href":"https:\/\/www.thevisitorpanama.info\/esp\/wp-json\/wp\/v2\/posts\/14337"}],"collection":[{"href":"https:\/\/www.thevisitorpanama.info\/esp\/wp-json\/wp\/v2\/posts"}],"about":[{"href":"https:\/\/www.thevisitorpanama.info\/esp\/wp-json\/wp\/v2\/types\/post"}],"author":[{"embeddable":true,"href":"https:\/\/www.thevisitorpanama.info\/esp\/wp-json\/wp\/v2\/users\/1"}],"replies":[{"embeddable":true,"href":"https:\/\/www.thevisitorpanama.info\/esp\/wp-json\/wp\/v2\/comments?post=14337"}],"version-history":[{"count":1,"href":"https:\/\/www.thevisitorpanama.info\/esp\/wp-json\/wp\/v2\/posts\/14337\/revisions"}],"predecessor-version":[{"id":14342,"href":"https:\/\/www.thevisitorpanama.info\/esp\/wp-json\/wp\/v2\/posts\/14337\/revisions\/14342"}],"wp:featuredmedia":[{"embeddable":true,"href":"https:\/\/www.thevisitorpanama.info\/esp\/wp-json\/wp\/v2\/media\/14338"}],"wp:attachment":[{"href":"https:\/\/www.thevisitorpanama.info\/esp\/wp-json\/wp\/v2\/media?parent=14337"}],"wp:term":[{"taxonomy":"category","embeddable":true,"href":"https:\/\/www.thevisitorpanama.info\/esp\/wp-json\/wp\/v2\/categories?post=14337"},{"taxonomy":"post_tag","embeddable":true,"href":"https:\/\/www.thevisitorpanama.info\/esp\/wp-json\/wp\/v2\/tags?post=14337"}],"curies":[{"name":"wp","href":"https:\/\/api.w.org\/{rel}","templated":true}]}}