{"id":1412,"date":"2019-09-28T06:56:44","date_gmt":"2019-09-28T04:56:44","guid":{"rendered":"http:\/\/thevisitorpanama.net\/esp\/?p=1412"},"modified":"2022-03-16T04:17:20","modified_gmt":"2022-03-16T03:17:20","slug":"mi-cultura-reconoce-trayectoria-de-folkloristas-en-festival-de-nacional-de-la-mejorana","status":"publish","type":"post","link":"https:\/\/www.thevisitorpanama.info\/esp\/2019\/09\/28\/mi-cultura-reconoce-trayectoria-de-folkloristas-en-festival-de-nacional-de-la-mejorana\/","title":{"rendered":"Mi Cultura reconoce trayectoria de folkloristas en Festival de Nacional de La Mejorana"},"content":{"rendered":"\n<p><strong>Panam\u00e1, 23 de septiembre de 2019.<\/strong> Dos grandes folkloristas de la regi\u00f3n de Azuero recibir\u00e1n por parte del Ministerio de Cultura (MiCultura), la condecoraci\u00f3n Dora P\u00e9rez de Z\u00e1rate y Manuel F. Z\u00e1rate, en el marco del Festival Nacional de La Mejorana.<\/p>\n\n\n\n<p>La trayectoria en la ejecuci\u00f3n de la churuca, g\u00fciro, caja, tambor, arm\u00f3nica y sobre todo su apacible saloma y canto de la D\u00e9cima, que tiene el se\u00f1or H\u00e9ctor Virgilio Gonz\u00e1lez Bustamante le ha llevado a ser merecedor de la medalla Manuel F. Z\u00e1rate.&nbsp;<\/p>\n\n\n\n<p>H\u00e9ctor \u201cTito\u201d Gonz\u00e1lez, oriundo del pueblo de La Enea de Guarar\u00e9, inicio sus carreras desde muy peque\u00f1o, cuando a trav\u00e9s de la lectura de poes\u00edas fue componiendo sus prioras d\u00e9cimas, convirti\u00e9ndose en sujeto folk por naturaleza debido a su alto conocimiento de la m\u00fasica paname\u00f1a y su dedicado trabajo para el engrandecimiento del folclore nacional.&nbsp;<\/p>\n\n\n\n<p>\u201cTito\u201d Gonz\u00e1lez aprendi\u00f3 de los mejores. El maestro Ch\u00e1vale Barrios le ense\u00f1\u00f3 el toque de la arm\u00f3nica y desde entonces paso a las p\u00e1ginas de la historia de la m\u00fasica t\u00edpica paname\u00f1a cuando interpreta, por primera vez, en arm\u00f3nica el Himno Nacional, ejecuci\u00f3n que lo llev\u00f3 a ser reconocido a nivel nacional. Entre sus mejores selecciones musicales est\u00e1n: \u201cPueblo Nuevo\u201d, \u201cD\u00e9cimo Quinto Festival\u201d y \u201cCanajagua Azul\u201d.&nbsp;<\/p>\n\n\n\n<p>La Medalla Dora P\u00e9rez de Z\u00e1rate ser\u00e1 entregada al se\u00f1or Iv\u00e1n Mart\u00ednez, un destacado investigador del folklore e instructor de bailes t\u00edpicos.&nbsp;<\/p>\n\n\n\n<p>Este importante folclorista es merecedor de la condecoraci\u00f3n por su inter\u00e9s en la documentaci\u00f3n y capacitaci\u00f3n del folklore y la identidad cultural, lo que lo ha llevado a tomar una variedad de cursos y seminarios, entre ellos: \u201cFolklorolog\u00eda y M\u00e9todos de Investigaci\u00f3n\u201d, dictado por los desaparecidos folklorologos Argentina Isabel Aretz, su esposo el etnomusic\u00f3logo Venezolano Luis Felipe Ram\u00f3n y Rivera y la paname\u00f1a Dora P\u00e9rez de Z\u00e1rate.&nbsp;<\/p>\n\n\n\n<div class=\"wp-block-image\"><figure class=\"aligncenter\"><img decoding=\"async\" loading=\"lazy\" width=\"680\" height=\"1024\" src=\"http:\/\/www.thevisitorpanama.info\/esp\/wp-content\/uploads\/2019\/09\/PHOTO-2019-09-27-13-11-17-2-680x1024-1.jpg\" alt=\"\" class=\"wp-image-10079\"\/><\/figure><\/div>\n\n\n\n<p>Mart\u00ednez, es presidente del Instituto Regional de Estudios Patrimoniales (IREP), miembro de Consejo Internacional de Organizaciones de Festivales de Folklore y de las Artes Tradicionales (CIOFF) \u2013 Secci\u00f3n Panam\u00e1 y miembro de la Asociaci\u00f3n de Profesionales y Especialistas en Folklore y Patrimonio Cultural Inmaterial (ANPEFOLK).<\/p>\n\n\n\n<p><strong>Actividades en el Museo Manuel F. Zarat\u00e9&nbsp;<\/strong><\/p>\n\n\n\n<p>El Ministerio de Cultura, adem\u00e1s del homenaje a estos destacados folcloristas y la entrega del aporte al Patronato del Festival Nacional de La Mejorana, tendr\u00e1 del 25 al 28 de septiembre actividades en el Museo Manuel F. Z\u00e1rate en Guarar\u00e9.&nbsp;<\/p>\n\n\n\n<p>Durante estos d\u00edas el museo contar\u00e1 con exposici\u00f3n de artesan\u00edas manuales y juegos de anta\u00f1o para toda la familia de 8:00 a.m a 4:00 p.m.&nbsp;<\/p>\n\n\n\n<p>El d\u00eda jueves 26 de septiembre se llevar\u00e1 a cabo la romer\u00eda a Manuel F. Z\u00e1rate y el viernes 27 septiembre se desarrolla el simposio \u201cFolklore y Turismo\u201d a las 1:00 p.m.&nbsp;<\/p>\n","protected":false},"excerpt":{"rendered":"<p>Panam\u00e1, 23 de septiembre de 2019. Dos grandes folkloristas de la regi\u00f3n de Azuero recibir\u00e1n por parte del Ministerio de Cultura (MiCultura), la condecoraci\u00f3n Dora P\u00e9rez de Z\u00e1rate y Manuel F. Z\u00e1rate, en el marco del Festival Nacional de La Mejorana. La trayectoria en la ejecuci\u00f3n de la churuca, g\u00fciro, caja, tambor, arm\u00f3nica y sobre [&hellip;]<\/p>\n","protected":false},"author":1,"featured_media":10078,"comment_status":"open","ping_status":"open","sticky":false,"template":"","format":"standard","meta":[],"categories":[44],"tags":[],"_links":{"self":[{"href":"https:\/\/www.thevisitorpanama.info\/esp\/wp-json\/wp\/v2\/posts\/1412"}],"collection":[{"href":"https:\/\/www.thevisitorpanama.info\/esp\/wp-json\/wp\/v2\/posts"}],"about":[{"href":"https:\/\/www.thevisitorpanama.info\/esp\/wp-json\/wp\/v2\/types\/post"}],"author":[{"embeddable":true,"href":"https:\/\/www.thevisitorpanama.info\/esp\/wp-json\/wp\/v2\/users\/1"}],"replies":[{"embeddable":true,"href":"https:\/\/www.thevisitorpanama.info\/esp\/wp-json\/wp\/v2\/comments?post=1412"}],"version-history":[{"count":2,"href":"https:\/\/www.thevisitorpanama.info\/esp\/wp-json\/wp\/v2\/posts\/1412\/revisions"}],"predecessor-version":[{"id":10080,"href":"https:\/\/www.thevisitorpanama.info\/esp\/wp-json\/wp\/v2\/posts\/1412\/revisions\/10080"}],"wp:featuredmedia":[{"embeddable":true,"href":"https:\/\/www.thevisitorpanama.info\/esp\/wp-json\/wp\/v2\/media\/10078"}],"wp:attachment":[{"href":"https:\/\/www.thevisitorpanama.info\/esp\/wp-json\/wp\/v2\/media?parent=1412"}],"wp:term":[{"taxonomy":"category","embeddable":true,"href":"https:\/\/www.thevisitorpanama.info\/esp\/wp-json\/wp\/v2\/categories?post=1412"},{"taxonomy":"post_tag","embeddable":true,"href":"https:\/\/www.thevisitorpanama.info\/esp\/wp-json\/wp\/v2\/tags?post=1412"}],"curies":[{"name":"wp","href":"https:\/\/api.w.org\/{rel}","templated":true}]}}