{"id":14111,"date":"2023-09-21T16:30:33","date_gmt":"2023-09-21T21:30:33","guid":{"rendered":"http:\/\/www.thevisitorpanama.info\/esp\/?p=14111"},"modified":"2023-09-21T16:42:14","modified_gmt":"2023-09-21T21:42:14","slug":"esperan-participacion-de-3100-comercios-durante-el-black-weekend-que-empieza-el-6-de-septiembre","status":"publish","type":"post","link":"https:\/\/www.thevisitorpanama.info\/esp\/2023\/09\/21\/esperan-participacion-de-3100-comercios-durante-el-black-weekend-que-empieza-el-6-de-septiembre\/","title":{"rendered":"Esperan Participaci\u00f3n de 3,100 Comercios Durante el Black Weekend que Empieza el 26 de Septiembre"},"content":{"rendered":"\n<p>Por 6ta vez se desarrolla en nuestro pa\u00eds el tradicional PANAMA BLACK WEEK, siendo ya una temporada especial de compras y en lo que se podr\u00eda denominar el inicio de la temporada m\u00e1s alta de compras en un mes que hist\u00f3ricamente reportaba un comportamiento de compras bajo.<\/p>\n\n\n\n<figure class=\"wp-block-image size-full is-resized\"><img decoding=\"async\" loading=\"lazy\" src=\"http:\/\/www.thevisitorpanama.info\/esp\/wp-content\/uploads\/2023\/09\/IMG-20230921-WA0042.jpg\" alt=\"\" class=\"wp-image-14115\" width=\"503\" height=\"670\" srcset=\"https:\/\/www.thevisitorpanama.info\/esp\/wp-content\/uploads\/2023\/09\/IMG-20230921-WA0042.jpg 1200w, https:\/\/www.thevisitorpanama.info\/esp\/wp-content\/uploads\/2023\/09\/IMG-20230921-WA0042-768x1024.jpg 768w, https:\/\/www.thevisitorpanama.info\/esp\/wp-content\/uploads\/2023\/09\/IMG-20230921-WA0042-1152x1536.jpg 1152w\" sizes=\"(max-width: 503px) 100vw, 503px\" \/><figcaption class=\"wp-element-caption\">Ovidio D\u00edaz, Presidente C\u00e1mara de Turismo de Panam\u00e1 <\/figcaption><\/figure>\n\n\n\n<p>Esta edici\u00f3n 2023 iniciar\u00e1 el d\u00eda 26 de septiembre y finaliza el d\u00eda 2 de Octubre, siendo durante los d\u00edas Viernes, S\u00e1bado y Domingo cuando se espera la mayor afluencia de P\u00fablico. El PBW, ha sido promocionado por APACECOM desde hace algunas semanas a nivel regional, en Pa\u00edses como Costa Rica, Colombia, Per\u00fa, Ecuador y Argentina, pa\u00edses donde se ha percibido un aumento de visitantes. Adem\u00e1s, el Panam\u00e1 Black Weekend en esta ocasi\u00f3n cuenta con ingredientes que lo har\u00e1n a\u00fan m\u00e1s exitoso gracias a que Panam\u00e1 est\u00e1 acogiendo diferentes eventos internacionales de gran relevancia como el Congreso del Movimiento Misionero Mundial que contar\u00e1 con delegaciones de m\u00e1s de 80 pa\u00edses alrededor del mundo.&nbsp;<\/p>\n\n\n\n<figure class=\"wp-block-image size-full\"><img decoding=\"async\" loading=\"lazy\" width=\"1200\" height=\"1600\" src=\"http:\/\/www.thevisitorpanama.info\/esp\/wp-content\/uploads\/2023\/09\/IMG-20230921-WA0053.jpg\" alt=\"\" class=\"wp-image-14116\" srcset=\"https:\/\/www.thevisitorpanama.info\/esp\/wp-content\/uploads\/2023\/09\/IMG-20230921-WA0053.jpg 1200w, https:\/\/www.thevisitorpanama.info\/esp\/wp-content\/uploads\/2023\/09\/IMG-20230921-WA0053-768x1024.jpg 768w, https:\/\/www.thevisitorpanama.info\/esp\/wp-content\/uploads\/2023\/09\/IMG-20230921-WA0053-1152x1536.jpg 1152w\" sizes=\"(max-width: 1200px) 100vw, 1200px\" \/><\/figure>\n\n\n\n<p>Seg\u00fan la APCECOM a nivel de Comercio se espera una participaci\u00f3n de aproximadamente 3100 locales, en Centros Comerciales que ofrecer\u00e1n a sus clientes descuentos especiales en Electr\u00f3nica y L\u00ednea Blanca, Zapatos y Ropa en General. Adem\u00e1s, agregan el impacto que genera en la din\u00e1mica econ\u00f3mica del pa\u00eds, donde todo el comercio en general se une a este movimiento y tal y como se ha podido observar desde hace algunas semanas en diferentes rubros.<\/p>\n\n\n\n<figure class=\"wp-block-image size-full\"><img decoding=\"async\" loading=\"lazy\" width=\"1200\" height=\"1600\" src=\"http:\/\/www.thevisitorpanama.info\/esp\/wp-content\/uploads\/2023\/09\/IMG-20230921-WA0041.jpg\" alt=\"\" class=\"wp-image-14117\" srcset=\"https:\/\/www.thevisitorpanama.info\/esp\/wp-content\/uploads\/2023\/09\/IMG-20230921-WA0041.jpg 1200w, https:\/\/www.thevisitorpanama.info\/esp\/wp-content\/uploads\/2023\/09\/IMG-20230921-WA0041-768x1024.jpg 768w, https:\/\/www.thevisitorpanama.info\/esp\/wp-content\/uploads\/2023\/09\/IMG-20230921-WA0041-1152x1536.jpg 1152w\" sizes=\"(max-width: 1200px) 100vw, 1200px\" \/><\/figure>\n","protected":false},"excerpt":{"rendered":"<p>Por 6ta vez se desarrolla en nuestro pa\u00eds el tradicional PANAMA BLACK WEEK, siendo ya una temporada especial de compras y en lo que se podr\u00eda denominar el inicio de la temporada m\u00e1s alta de compras en un mes que hist\u00f3ricamente reportaba un comportamiento de compras bajo. Esta edici\u00f3n 2023 iniciar\u00e1 el d\u00eda 26 de [&hellip;]<\/p>\n","protected":false},"author":1,"featured_media":14113,"comment_status":"open","ping_status":"open","sticky":false,"template":"","format":"standard","meta":[],"categories":[69],"tags":[],"_links":{"self":[{"href":"https:\/\/www.thevisitorpanama.info\/esp\/wp-json\/wp\/v2\/posts\/14111"}],"collection":[{"href":"https:\/\/www.thevisitorpanama.info\/esp\/wp-json\/wp\/v2\/posts"}],"about":[{"href":"https:\/\/www.thevisitorpanama.info\/esp\/wp-json\/wp\/v2\/types\/post"}],"author":[{"embeddable":true,"href":"https:\/\/www.thevisitorpanama.info\/esp\/wp-json\/wp\/v2\/users\/1"}],"replies":[{"embeddable":true,"href":"https:\/\/www.thevisitorpanama.info\/esp\/wp-json\/wp\/v2\/comments?post=14111"}],"version-history":[{"count":3,"href":"https:\/\/www.thevisitorpanama.info\/esp\/wp-json\/wp\/v2\/posts\/14111\/revisions"}],"predecessor-version":[{"id":14119,"href":"https:\/\/www.thevisitorpanama.info\/esp\/wp-json\/wp\/v2\/posts\/14111\/revisions\/14119"}],"wp:featuredmedia":[{"embeddable":true,"href":"https:\/\/www.thevisitorpanama.info\/esp\/wp-json\/wp\/v2\/media\/14113"}],"wp:attachment":[{"href":"https:\/\/www.thevisitorpanama.info\/esp\/wp-json\/wp\/v2\/media?parent=14111"}],"wp:term":[{"taxonomy":"category","embeddable":true,"href":"https:\/\/www.thevisitorpanama.info\/esp\/wp-json\/wp\/v2\/categories?post=14111"},{"taxonomy":"post_tag","embeddable":true,"href":"https:\/\/www.thevisitorpanama.info\/esp\/wp-json\/wp\/v2\/tags?post=14111"}],"curies":[{"name":"wp","href":"https:\/\/api.w.org\/{rel}","templated":true}]}}