{"id":14062,"date":"2023-09-09T18:31:15","date_gmt":"2023-09-09T23:31:15","guid":{"rendered":"http:\/\/www.thevisitorpanama.info\/esp\/?p=14062"},"modified":"2023-09-09T18:51:32","modified_gmt":"2023-09-09T23:51:32","slug":"marca-turistica-vive-por-mas-llegara-a-todos-los-sectores-productivos-del-pais","status":"publish","type":"post","link":"https:\/\/www.thevisitorpanama.info\/esp\/2023\/09\/09\/marca-turistica-vive-por-mas-llegara-a-todos-los-sectores-productivos-del-pais\/","title":{"rendered":"Marca Tur\u00edstica \u201cVive por M\u00e1s\u201d Llegar\u00e1 a Todos los Sectores Productivos del Pa\u00eds"},"content":{"rendered":"\n<p>El pasado mi\u00e9rcoles 6 de septiembre la Administradora General, Denise Guill\u00e9n, presidi\u00f3 la instalaci\u00f3n de una mesa de trabajo entre la ATP y la C\u00e1mara de Comercio, Industrias y Agricultura de Panam\u00e1, en la que se plante\u00f3 la adopci\u00f3n de la marca tur\u00edstica \u201cPanam\u00e1, Vive por M\u00e1s\u201d por todos los comercios y empresas que forman parte de este importante gremio del pa\u00eds a trav\u00e9s de diferentes acciones seg\u00fan el tipo de industria.<\/p>\n\n\n\n<figure class=\"wp-block-image size-full\"><img decoding=\"async\" loading=\"lazy\" width=\"1280\" height=\"852\" src=\"http:\/\/www.thevisitorpanama.info\/esp\/wp-content\/uploads\/2023\/09\/IMG-20230907-WA0002.jpg\" alt=\"\" class=\"wp-image-14063\" srcset=\"https:\/\/www.thevisitorpanama.info\/esp\/wp-content\/uploads\/2023\/09\/IMG-20230907-WA0002.jpg 1280w, https:\/\/www.thevisitorpanama.info\/esp\/wp-content\/uploads\/2023\/09\/IMG-20230907-WA0002-768x511.jpg 768w\" sizes=\"(max-width: 1280px) 100vw, 1280px\" \/><\/figure>\n\n\n\n<p><br>Con este esfuerzo conjunto se busca concientizar y dinamizar la adopci\u00f3n de la marca en cada uno de los paname\u00f1os, as\u00ed como tambi\u00e9n abordar los mercados internacionales a trav\u00e9s de los productos paname\u00f1os de exportaci\u00f3n.<br>Fernando Fondevila, CEO de PROMTUR Panam\u00e1, promotores y regentes de la marca tur\u00edstica, se\u00f1al\u00f3 que ya existen materiales y contenidos para facilitar el proceso de educaci\u00f3n y adopci\u00f3n de la marca por parte de las industrias paname\u00f1as. Dijo adem\u00e1s que con el impulso que le brinde la C\u00e1mara de Comercio a la marca tur\u00edstica, le permitir\u00e1 alcanzar una exposici\u00f3n integral de la misma, abordando nuevos espacios de gran relevancia.<\/p>\n\n\n\n<figure class=\"wp-block-image size-full\"><img decoding=\"async\" loading=\"lazy\" width=\"1280\" height=\"852\" src=\"http:\/\/www.thevisitorpanama.info\/esp\/wp-content\/uploads\/2023\/09\/IMG-20230907-WA0003.jpg\" alt=\"\" class=\"wp-image-14064\" srcset=\"https:\/\/www.thevisitorpanama.info\/esp\/wp-content\/uploads\/2023\/09\/IMG-20230907-WA0003.jpg 1280w, https:\/\/www.thevisitorpanama.info\/esp\/wp-content\/uploads\/2023\/09\/IMG-20230907-WA0003-768x511.jpg 768w\" sizes=\"(max-width: 1280px) 100vw, 1280px\" \/><\/figure>\n\n\n\n<p><br>Para Juan Arias, vicepresidente de la C\u00e1mara de Comercio, esta ser\u00e1 una gran oportunidad para todos los sectores pues, el uso correcto de la marca -Vive por M\u00e1s- impulsar\u00e1 tambi\u00e9n el comercio del pa\u00eds, \u201cpermitiendo exportar productos y haciendo que Panam\u00e1 se conozca m\u00e1s en todo el mundo\u201d se\u00f1al\u00f3.<br>\u201cSi bien es cierto, el turismo es quien creo la marca, debemos adoptarla todos los paname\u00f1os, para todos nuestros productos y nuestros negocios\u201d, agreg\u00f3 Arias.<br>Para la Administradora Guill\u00e9n este representa \u201cun paso de gran valor para el reconocimiento local de la marca tur\u00edstica, con el que buscamos concientizar a cada paname\u00f1o para que la narrativa de la marca forme parte de su diario vivir y as\u00ed lo transmita a cada persona que visite nuestro pa\u00eds\u201d, dijo.<\/p>\n","protected":false},"excerpt":{"rendered":"<p>El pasado mi\u00e9rcoles 6 de septiembre la Administradora General, Denise Guill\u00e9n, presidi\u00f3 la instalaci\u00f3n de una mesa de trabajo entre la ATP y la C\u00e1mara de Comercio, Industrias y Agricultura de Panam\u00e1, en la que se plante\u00f3 la adopci\u00f3n de la marca tur\u00edstica \u201cPanam\u00e1, Vive por M\u00e1s\u201d por todos los comercios y empresas que forman [&hellip;]<\/p>\n","protected":false},"author":1,"featured_media":14067,"comment_status":"open","ping_status":"open","sticky":false,"template":"","format":"standard","meta":[],"categories":[44],"tags":[],"_links":{"self":[{"href":"https:\/\/www.thevisitorpanama.info\/esp\/wp-json\/wp\/v2\/posts\/14062"}],"collection":[{"href":"https:\/\/www.thevisitorpanama.info\/esp\/wp-json\/wp\/v2\/posts"}],"about":[{"href":"https:\/\/www.thevisitorpanama.info\/esp\/wp-json\/wp\/v2\/types\/post"}],"author":[{"embeddable":true,"href":"https:\/\/www.thevisitorpanama.info\/esp\/wp-json\/wp\/v2\/users\/1"}],"replies":[{"embeddable":true,"href":"https:\/\/www.thevisitorpanama.info\/esp\/wp-json\/wp\/v2\/comments?post=14062"}],"version-history":[{"count":2,"href":"https:\/\/www.thevisitorpanama.info\/esp\/wp-json\/wp\/v2\/posts\/14062\/revisions"}],"predecessor-version":[{"id":14066,"href":"https:\/\/www.thevisitorpanama.info\/esp\/wp-json\/wp\/v2\/posts\/14062\/revisions\/14066"}],"wp:featuredmedia":[{"embeddable":true,"href":"https:\/\/www.thevisitorpanama.info\/esp\/wp-json\/wp\/v2\/media\/14067"}],"wp:attachment":[{"href":"https:\/\/www.thevisitorpanama.info\/esp\/wp-json\/wp\/v2\/media?parent=14062"}],"wp:term":[{"taxonomy":"category","embeddable":true,"href":"https:\/\/www.thevisitorpanama.info\/esp\/wp-json\/wp\/v2\/categories?post=14062"},{"taxonomy":"post_tag","embeddable":true,"href":"https:\/\/www.thevisitorpanama.info\/esp\/wp-json\/wp\/v2\/tags?post=14062"}],"curies":[{"name":"wp","href":"https:\/\/api.w.org\/{rel}","templated":true}]}}