{"id":13870,"date":"2023-08-11T19:50:49","date_gmt":"2023-08-12T00:50:49","guid":{"rendered":"https:\/\/www.thevisitorpanama.info\/esp\/?p=13870"},"modified":"2023-08-11T21:05:16","modified_gmt":"2023-08-12T02:05:16","slug":"13870","status":"publish","type":"post","link":"https:\/\/www.thevisitorpanama.info\/esp\/2023\/08\/11\/13870\/","title":{"rendered":"Asociaci\u00f3n Paname\u00f1a de Profesionales en Congresos y Afines Presenta su Nueva Junta Directiva"},"content":{"rendered":"\n<p>El pasado jueves 10 de agosto se celebr\u00f3 en el Sal\u00f3n Revolution del Hotel Hilton la toma de Posesi\u00f3n de la Nueva Junta Directiva de la Asociaci\u00f3n Paname\u00f1a de Profesionales en Congresos y Afines (APPCE) para el periodo 2023 &#8211; 2025.<\/p>\n\n\n\n<figure class=\"wp-block-image size-full\"><img decoding=\"async\" loading=\"lazy\" width=\"1280\" height=\"853\" src=\"https:\/\/www.thevisitorpanama.info\/esp\/wp-content\/uploads\/2023\/08\/IMG-20230811-WA0028.jpg\" alt=\"\" class=\"wp-image-13875\" srcset=\"https:\/\/www.thevisitorpanama.info\/esp\/wp-content\/uploads\/2023\/08\/IMG-20230811-WA0028.jpg 1280w, https:\/\/www.thevisitorpanama.info\/esp\/wp-content\/uploads\/2023\/08\/IMG-20230811-WA0028-768x512.jpg 768w\" sizes=\"(max-width: 1280px) 100vw, 1280px\" \/><\/figure>\n\n\n\n<p>El evento fue presidido por la Sra. Kenelma Mendoza, quien realiz\u00f3 un reconocimiento a la Junta Directiva saliente y a miembros distinguidos que apoyaron en m\u00faltiples proyectos en beneficio de la industria a lo largo del a\u00f1o.<\/p>\n\n\n\n<figure class=\"wp-block-image size-full\"><img decoding=\"async\" loading=\"lazy\" width=\"1280\" height=\"853\" src=\"https:\/\/www.thevisitorpanama.info\/esp\/wp-content\/uploads\/2023\/08\/IMG-20230811-WA0029.jpg\" alt=\"\" class=\"wp-image-13876\" srcset=\"https:\/\/www.thevisitorpanama.info\/esp\/wp-content\/uploads\/2023\/08\/IMG-20230811-WA0029.jpg 1280w, https:\/\/www.thevisitorpanama.info\/esp\/wp-content\/uploads\/2023\/08\/IMG-20230811-WA0029-768x512.jpg 768w\" sizes=\"(max-width: 1280px) 100vw, 1280px\" \/><\/figure>\n\n\n\n<p>A esta actividad asistieron personalidades del turismo Paname\u00f1o como CAMTUR, APATEL, APAVIT, COCAL, ATP, PROMTUR, as\u00ed como medios de comunicacion entre otros.<\/p>\n\n\n\n<figure class=\"wp-block-image size-full\"><img decoding=\"async\" loading=\"lazy\" width=\"1280\" height=\"853\" src=\"https:\/\/www.thevisitorpanama.info\/esp\/wp-content\/uploads\/2023\/08\/IMG-20230811-WA0035.jpg\" alt=\"\" class=\"wp-image-13878\" srcset=\"https:\/\/www.thevisitorpanama.info\/esp\/wp-content\/uploads\/2023\/08\/IMG-20230811-WA0035.jpg 1280w, https:\/\/www.thevisitorpanama.info\/esp\/wp-content\/uploads\/2023\/08\/IMG-20230811-WA0035-768x512.jpg 768w\" sizes=\"(max-width: 1280px) 100vw, 1280px\" \/><\/figure>\n\n\n\n<p>El equipo de The Visitor &#8211; El Visitante les desea muchos exitos en su gestion a la nueva junta directiva de la APPCE, que cuenta con 44 a\u00f1os contribuyendo al desarrollo del turismo nacional.<\/p>\n\n\n\n<figure class=\"wp-block-image size-full\"><img decoding=\"async\" loading=\"lazy\" width=\"1280\" height=\"853\" src=\"https:\/\/www.thevisitorpanama.info\/esp\/wp-content\/uploads\/2023\/08\/IMG-20230811-WA0037.jpg\" alt=\"\" class=\"wp-image-13879\" srcset=\"https:\/\/www.thevisitorpanama.info\/esp\/wp-content\/uploads\/2023\/08\/IMG-20230811-WA0037.jpg 1280w, https:\/\/www.thevisitorpanama.info\/esp\/wp-content\/uploads\/2023\/08\/IMG-20230811-WA0037-768x512.jpg 768w\" sizes=\"(max-width: 1280px) 100vw, 1280px\" \/><\/figure>\n","protected":false},"excerpt":{"rendered":"<p>El pasado jueves 10 de agosto se celebr\u00f3 en el Sal\u00f3n Revolution del Hotel Hilton la toma de Posesi\u00f3n de la Nueva Junta Directiva de la Asociaci\u00f3n Paname\u00f1a de Profesionales en Congresos y Afines (APPCE) para el periodo 2023 &#8211; 2025. El evento fue presidido por la Sra. Kenelma Mendoza, quien realiz\u00f3 un reconocimiento a [&hellip;]<\/p>\n","protected":false},"author":1,"featured_media":13873,"comment_status":"open","ping_status":"open","sticky":false,"template":"","format":"standard","meta":[],"categories":[44],"tags":[],"_links":{"self":[{"href":"https:\/\/www.thevisitorpanama.info\/esp\/wp-json\/wp\/v2\/posts\/13870"}],"collection":[{"href":"https:\/\/www.thevisitorpanama.info\/esp\/wp-json\/wp\/v2\/posts"}],"about":[{"href":"https:\/\/www.thevisitorpanama.info\/esp\/wp-json\/wp\/v2\/types\/post"}],"author":[{"embeddable":true,"href":"https:\/\/www.thevisitorpanama.info\/esp\/wp-json\/wp\/v2\/users\/1"}],"replies":[{"embeddable":true,"href":"https:\/\/www.thevisitorpanama.info\/esp\/wp-json\/wp\/v2\/comments?post=13870"}],"version-history":[{"count":4,"href":"https:\/\/www.thevisitorpanama.info\/esp\/wp-json\/wp\/v2\/posts\/13870\/revisions"}],"predecessor-version":[{"id":13882,"href":"https:\/\/www.thevisitorpanama.info\/esp\/wp-json\/wp\/v2\/posts\/13870\/revisions\/13882"}],"wp:featuredmedia":[{"embeddable":true,"href":"https:\/\/www.thevisitorpanama.info\/esp\/wp-json\/wp\/v2\/media\/13873"}],"wp:attachment":[{"href":"https:\/\/www.thevisitorpanama.info\/esp\/wp-json\/wp\/v2\/media?parent=13870"}],"wp:term":[{"taxonomy":"category","embeddable":true,"href":"https:\/\/www.thevisitorpanama.info\/esp\/wp-json\/wp\/v2\/categories?post=13870"},{"taxonomy":"post_tag","embeddable":true,"href":"https:\/\/www.thevisitorpanama.info\/esp\/wp-json\/wp\/v2\/tags?post=13870"}],"curies":[{"name":"wp","href":"https:\/\/api.w.org\/{rel}","templated":true}]}}