{"id":13794,"date":"2025-08-09T21:37:13","date_gmt":"2025-08-10T02:37:13","guid":{"rendered":"http:\/\/www.thevisitorpanama.info\/esp\/?p=13794"},"modified":"2025-08-09T21:42:53","modified_gmt":"2025-08-10T02:42:53","slug":"festival-de-la-mejorana-tradicion-folclorica-que-nace-de-una-promesa-a-la-virgen-de-las-mercedes","status":"publish","type":"post","link":"https:\/\/www.thevisitorpanama.info\/esp\/2025\/08\/09\/festival-de-la-mejorana-tradicion-folclorica-que-nace-de-una-promesa-a-la-virgen-de-las-mercedes\/","title":{"rendered":"<strong>Festival de la Mejorana, Tradici\u00f3n Folcl\u00f3rica que Nace de una Promesa a la Virgen de Las Mercedes<\/strong>"},"content":{"rendered":"\n<p>El Festival Nacional de La Mejorana, es un Proyecto Folcl\u00f3rico creado a mediados del siglo XX por folcloristas destacados de la regi\u00f3n de Azuero, entre estos tenemos al Prof. Manuel F. Z\u00e1rate, Dora P. de Z\u00e1rate, Jos\u00e9 Nieves Angulo, Pancho Castillo, Casimiro Smith, Reyin Espino, To\u00f1o Saavedra, Benjam\u00edn Dom\u00ednguez, el Dr. Baltasar Isaza, Juan Ehrman, entre otros.<\/p>\n\n\n\n<p>El objetivo principal era rescatar, exaltar y promover las tradiciones, la cultura popular, y el quehacer del hombre del campo, teniendo de protagonista el instrumento de la Mejorana, y as\u00ed lograr que los campesinos sintieran orgullo por sus costumbres.<\/p>\n\n\n\n<figure class=\"wp-block-image size-full\"><img decoding=\"async\" loading=\"lazy\" width=\"960\" height=\"629\" src=\"http:\/\/www.thevisitorpanama.info\/esp\/wp-content\/uploads\/2023\/07\/20230723_141620.jpg\" alt=\"\" class=\"wp-image-13797\" srcset=\"https:\/\/www.thevisitorpanama.info\/esp\/wp-content\/uploads\/2023\/07\/20230723_141620.jpg 960w, https:\/\/www.thevisitorpanama.info\/esp\/wp-content\/uploads\/2023\/07\/20230723_141620-768x503.jpg 768w\" sizes=\"(max-width: 960px) 100vw, 960px\" \/><figcaption class=\"wp-element-caption\">Foto: Panam\u00e1 Vieja Escuela <\/figcaption><\/figure>\n\n\n\n<p><strong>La Mejorana, Instrumento Musical Paname\u00f1o<br><\/strong>Es un instrumento musical original de Panam\u00e1, con tama\u00f1o y sonido muy particular. Ofrece el acompa\u00f1amiento musical que requiere el trovador de la d\u00e9cima paname\u00f1a.<br>A\u00fan se desconoce con exactitud cual es origen de la mejorana y su creador, sin embargo, se cree que su invenci\u00f3n se dio en la Mesa, provincia de Veraguas. Esta premisa surge luego que de generaci\u00f3n en generaci\u00f3n se concluyera que de esta comunidad nace el torrente para cantar d\u00e9cima que lleva el nombre de Mesano.<br><br>Este instrumento se elabora con las mejores maderas como cedro espino, cedro amargo, balso y volador. En anta\u00f1o tripas de gallina como cuerdas, mientras que hoy en d\u00eda se utiliza cuerdas de nailon.<\/p>\n\n\n\n<figure class=\"wp-block-image size-full\"><img decoding=\"async\" loading=\"lazy\" width=\"1368\" height=\"912\" src=\"http:\/\/www.thevisitorpanama.info\/esp\/wp-content\/uploads\/2023\/07\/1598408597311_foto-festival-5.jpg\" alt=\"\" class=\"wp-image-13798\" srcset=\"https:\/\/www.thevisitorpanama.info\/esp\/wp-content\/uploads\/2023\/07\/1598408597311_foto-festival-5.jpg 1368w, https:\/\/www.thevisitorpanama.info\/esp\/wp-content\/uploads\/2023\/07\/1598408597311_foto-festival-5-768x512.jpg 768w\" sizes=\"(max-width: 1368px) 100vw, 1368px\" \/><\/figure>\n\n\n\n<p><strong>Celebraci\u00f3n que Nace de un Milagro<\/strong><\/p>\n\n\n\n<p>Otros de los atractivos&nbsp;del Festival de la Mejorana es de orden religioso ya que se celebra&nbsp;paralelamente la Fiesta de La Virgen de Las Mercedes, que es muy venerada y atrae a miles de devotos para su d\u00eda que es el 23 de septiembre. Esto se debe a que se relaciona de manera muy directa con el festival, y es que seg\u00fan la historia, la hija de Don Manuel Fernando Z\u00e1rate enferm\u00f3 al haber sido diagnosticada con Leucemia,&nbsp;y \u00e9ste busc\u00f3 ayuda en la Virgen de Las Mercedes, pidi\u00e9ndo el milagro de curarla. Como agradecimiento, Don Z\u00e1rate promete organizar un gran festival en gratitud por su amor y misericordia, donde tambi\u00e9n se exaltar\u00eda el folclor de su tierra en un evento de gran magnitud en el cual fuera part\u00edcipe el hombre del campo en sus sentimientos m\u00e1s nobles.<\/p>\n\n\n\n<figure class=\"wp-block-image size-full\"><img decoding=\"async\" loading=\"lazy\" width=\"1368\" height=\"912\" src=\"http:\/\/www.thevisitorpanama.info\/esp\/wp-content\/uploads\/2023\/07\/1598408599030_foto-festival-2.jpg\" alt=\"\" class=\"wp-image-13799\" srcset=\"https:\/\/www.thevisitorpanama.info\/esp\/wp-content\/uploads\/2023\/07\/1598408599030_foto-festival-2.jpg 1368w, https:\/\/www.thevisitorpanama.info\/esp\/wp-content\/uploads\/2023\/07\/1598408599030_foto-festival-2-768x512.jpg 768w\" sizes=\"(max-width: 1368px) 100vw, 1368px\" \/><\/figure>\n\n\n\n<p><strong>El Inicio de un Gran Festival<\/strong><\/p>\n\n\n\n<p>Con la gran noticia que la Leucemia hab\u00eda desaparecido Don Manuel Fernando Z\u00e1rate inicia los preparativos para que su promesa a la virgen se realizar\u00e1 en 1949.&nbsp; Es as\u00ed como se da inicio a un gran festival donde se desarrollan distintos eventos de variadas modalidades o categor\u00edas, como los concursos de La D\u00e9cima Cantada, las cuales son ejecutadas por ni\u00f1os, j\u00f3venes y adultos, acompa\u00f1adas al son de la mejoranera, cuya letra muestra el sentimiento del hombre del campo.<\/p>\n\n\n\n<p>Adem\u00e1s de los concursos anteriormente mencionados, uno de los que m\u00e1s se destaca es el Desfile y Concurso de Las Carretas el cual anuncia el cierre de la festividad; este en particular tiene una naturaleza donde el hombre del campo hace demostraciones del quehacer campesino, evidencia a trav\u00e9s de estas carretas las faenas de la campi\u00f1a desde antes de que salga el sol hasta la puesta del mismo<\/p>\n\n\n\n<figure class=\"wp-block-image size-full\"><img decoding=\"async\" loading=\"lazy\" width=\"1536\" height=\"1152\" src=\"http:\/\/www.thevisitorpanama.info\/esp\/wp-content\/uploads\/2023\/07\/Compress_20230727_154251_1359.jpg\" alt=\"\" class=\"wp-image-13800\" srcset=\"https:\/\/www.thevisitorpanama.info\/esp\/wp-content\/uploads\/2023\/07\/Compress_20230727_154251_1359.jpg 1536w, https:\/\/www.thevisitorpanama.info\/esp\/wp-content\/uploads\/2023\/07\/Compress_20230727_154251_1359-768x576.jpg 768w, https:\/\/www.thevisitorpanama.info\/esp\/wp-content\/uploads\/2023\/07\/Compress_20230727_154251_1359-80x60.jpg 80w, https:\/\/www.thevisitorpanama.info\/esp\/wp-content\/uploads\/2023\/07\/Compress_20230727_154251_1359-100x75.jpg 100w, https:\/\/www.thevisitorpanama.info\/esp\/wp-content\/uploads\/2023\/07\/Compress_20230727_154251_1359-180x135.jpg 180w, https:\/\/www.thevisitorpanama.info\/esp\/wp-content\/uploads\/2023\/07\/Compress_20230727_154251_1359-238x178.jpg 238w\" sizes=\"(max-width: 1536px) 100vw, 1536px\" \/><\/figure>\n\n\n\n<p><strong>Actividades Folcl\u00f3ricas y Festival 2025<\/strong><\/p>\n\n\n\n<p>Este a\u00f1o el festival se realizar\u00e1 del 23 al 27 de septiembre y entre las actividades folkl\u00f3ricas que se presentan en el Festival Nacional de la Mejorana se puede mencionar:<\/p>\n\n\n\n<ul>\n<li>Concursos de D\u00e9cimas Escritas y D\u00e9cima Cantada.<\/li>\n\n\n\n<li>Concurso de Toque de Mejorana.<\/li>\n\n\n\n<li>Concurso de Tambor Infantil<\/li>\n\n\n\n<li>Concurso de Acorde\u00f3n Infantil &#8220;Didio Borrero&#8221;.<\/li>\n\n\n\n<li>Concurso de Indumentaria: Modalidad Masculina y Femenina de Trabajo, entre estas tenemos:<\/li>\n\n\n\n<li>Coleta (camisa) Masculina para Fiesta.<\/li>\n\n\n\n<li>Pollera Montuna Festiva.<\/li>\n\n\n\n<li>Participaci\u00f3n de Conjuntos Folkl\u00f3ricos.<\/li>\n\n\n\n<li>Concurso de Carretas.<\/li>\n<\/ul>\n\n\n\n<p><\/p>\n\n\n\n<p><\/p>\n\n\n\n<p><\/p>\n","protected":false},"excerpt":{"rendered":"<p>El Festival Nacional de La Mejorana, es un Proyecto Folcl\u00f3rico creado a mediados del siglo XX por folcloristas destacados de la regi\u00f3n de Azuero, entre estos tenemos al Prof. Manuel F. Z\u00e1rate, Dora P. de Z\u00e1rate, Jos\u00e9 Nieves Angulo, Pancho Castillo, Casimiro Smith, Reyin Espino, To\u00f1o Saavedra, Benjam\u00edn Dom\u00ednguez, el Dr. Baltasar Isaza, Juan Ehrman, [&hellip;]<\/p>\n","protected":false},"author":1,"featured_media":13795,"comment_status":"open","ping_status":"open","sticky":false,"template":"","format":"standard","meta":[],"categories":[31],"tags":[],"_links":{"self":[{"href":"https:\/\/www.thevisitorpanama.info\/esp\/wp-json\/wp\/v2\/posts\/13794"}],"collection":[{"href":"https:\/\/www.thevisitorpanama.info\/esp\/wp-json\/wp\/v2\/posts"}],"about":[{"href":"https:\/\/www.thevisitorpanama.info\/esp\/wp-json\/wp\/v2\/types\/post"}],"author":[{"embeddable":true,"href":"https:\/\/www.thevisitorpanama.info\/esp\/wp-json\/wp\/v2\/users\/1"}],"replies":[{"embeddable":true,"href":"https:\/\/www.thevisitorpanama.info\/esp\/wp-json\/wp\/v2\/comments?post=13794"}],"version-history":[{"count":3,"href":"https:\/\/www.thevisitorpanama.info\/esp\/wp-json\/wp\/v2\/posts\/13794\/revisions"}],"predecessor-version":[{"id":18975,"href":"https:\/\/www.thevisitorpanama.info\/esp\/wp-json\/wp\/v2\/posts\/13794\/revisions\/18975"}],"wp:featuredmedia":[{"embeddable":true,"href":"https:\/\/www.thevisitorpanama.info\/esp\/wp-json\/wp\/v2\/media\/13795"}],"wp:attachment":[{"href":"https:\/\/www.thevisitorpanama.info\/esp\/wp-json\/wp\/v2\/media?parent=13794"}],"wp:term":[{"taxonomy":"category","embeddable":true,"href":"https:\/\/www.thevisitorpanama.info\/esp\/wp-json\/wp\/v2\/categories?post=13794"},{"taxonomy":"post_tag","embeddable":true,"href":"https:\/\/www.thevisitorpanama.info\/esp\/wp-json\/wp\/v2\/tags?post=13794"}],"curies":[{"name":"wp","href":"https:\/\/api.w.org\/{rel}","templated":true}]}}