{"id":1376,"date":"2019-08-27T03:03:36","date_gmt":"2019-08-27T01:03:36","guid":{"rendered":"http:\/\/thevisitorpanama.net\/esp\/?p=1376"},"modified":"2022-03-16T05:00:56","modified_gmt":"2022-03-16T04:00:56","slug":"festival-del-manito-resalta-las-costumbres-y-tradiciones-del-hombre-del-campo","status":"publish","type":"post","link":"https:\/\/www.thevisitorpanama.info\/esp\/2019\/08\/27\/festival-del-manito-resalta-las-costumbres-y-tradiciones-del-hombre-del-campo\/","title":{"rendered":"Festival del Manito Resalta las Costumbres y Tradiciones del Hombre del Campo"},"content":{"rendered":"\n<p>El Festival Nacional del Manito Ocue\u00f1o, en su cuadrag\u00e9sima octava versi\u00f3n, tendr\u00e1 como abanderado este a\u00f1o al vicepresidente de la Rep\u00fablica, Jos\u00e9 Gabriel Carrizo, anunciaron, este martes en conferencia de prensa, los organizadores de este evento que busca fortalecer las costumbres y tradiciones del hombre del campo.<\/p>\n\n\n\n<figure class=\"wp-block-image\"><img decoding=\"async\" loading=\"lazy\" width=\"707\" height=\"572\" src=\"http:\/\/www.thevisitorpanama.info\/esp\/wp-content\/uploads\/2019\/08\/Screenshot_20190826_194214.jpg\" alt=\"\" class=\"wp-image-1378\" srcset=\"https:\/\/www.thevisitorpanama.info\/esp\/wp-content\/uploads\/2019\/08\/Screenshot_20190826_194214.jpg 707w, https:\/\/www.thevisitorpanama.info\/esp\/wp-content\/uploads\/2019\/08\/Screenshot_20190826_194214-418x338.jpg 418w\" sizes=\"(max-width: 707px) 100vw, 707px\" \/><\/figure>\n\n\n\n<p>El festival, cuyo principal atractivo es la celebraci\u00f3n del \u201cmatrimonio t\u00edpico ocue\u00f1o, cuenta con el patrocinio del Instituto Nacional de Cultura (INAC) y la Autoridad de Turismo de Panam\u00e1 (ATP).<\/p>\n\n\n\n<p>\u201cLa ATP respalda este festival porque conserva la cultura aut\u00e9ntica de Oc\u00fa, que es diferente en cuanto a su vestimenta y costumbres\u201d, destac\u00f3 el administrador de la ATP, Iv\u00e1n Eskildsen, a la vez, agreg\u00f3 que la instituci\u00f3n trabaja en estrategias que promocionar\u00e1n la cultura y el folclore, que considera es la esencia de ser paname\u00f1o.<\/p>\n\n\n\n<p>Por su lado, el subadministrador del  INAC, Gabriel Gonz\u00e1lez, indic\u00f3 que el Festival del Manito es un escenario incomparable de nuestro folclore, en el que desfilan las tradiciones y costumbres m\u00e1s antiguas del hombre y de la mujer del campo, desde \u00e9pocas coloniales\u201d.<\/p>\n\n\n\n<p>Asegur\u00f3 que es una de las iniciativas folcl\u00f3ricas m\u00e1s importantes que se realiza en el interior del  pa\u00eds, que muestra la vida cotidiana del  campesino, que es honrado en este festival, un encuentro de pr\u00e1cticas simb\u00f3licas que el sincretismo ha construido dentro de nuestra identidad como naci\u00f3n.<\/p>\n\n\n\n<p>El distrito de Oc\u00fa&#8211;dijo&#8211; es una regi\u00f3n donde se aglutinan y se recogen variedades principales de la idiosincrasia del hombre  y la mujer del campo, las cuales han sido heredades con la trasmisi\u00f3n cultural  y recogidas en este festival que la celebra y la conserva para el gozo de todas la regiones, como un reservorio  de la cultura aut\u00f3ctona y vernacular.<\/p>\n\n\n\n<p>El  presidente de este festival, Edwin Mart\u00ednez, detall\u00f3 que el evento folcl\u00f3rico-cultural inicia el 15 de agosto con el corte de cinta inaugural por parte del folclorista Gregorio Arjona y la coronaci\u00f3n de la reina de este a\u00f1o, Yaniles Amabel Navarro. <\/p>\n\n\n\n<p>El INAC y la ATP apoyan todos los a\u00f1os este festival que por ley No. 53 del 1 de diciembre de 1999, fue declarada Fiesta Folcl\u00f3rica y se crea su patronato, con el fin de conservar, divulgar y promover las costumbres y tradiciones folcl\u00f3ricas nacionales.<\/p>\n\n\n\n<p>La actividad atrae cada a\u00f1o la llegada  de turistas principalmente de Estados Unidos y Canad\u00e1, que sienten admiraci\u00f3n por este tipo de manifestaciones folcl\u00f3ricas de los pueblos del interior  del pa\u00eds.<\/p>\n\n\n\n<p>De acuerdo al calendario de actividades, el viernes 16 de agosto, se dedicar\u00e1 a resaltar los valores  folcl\u00f3ricos infantiles con  diversos concursos, en el que pueden participar ni\u00f1os de (6-12 a\u00f1os) desde las 10:00 a.m; a las 7:00 p.m., se  realizar\u00e1 el concurso de Acorde\u00f3n  &#8221; Lucho Torres&#8221;; a las 8:30 p.m., se rendir\u00e1 homenaje a personalidades del distrito que se han destacado en el folclore; y a las 9:30 p.m. presentaciones folcl\u00f3ricas de delegaciones invitadas.<\/p>\n\n\n\n<p>El  s\u00e1bado 17 de agosto, se realizar\u00e1 un acto de recibimiento a Rodrigo L\u00f3pez y a Maestra  Celideth Riquelme, novios este a\u00f1o de la boda t\u00edpica; a las 10:00 a.m. celebraci\u00f3n de la misa, en la Iglesia San Sebasti\u00e1n; 11:00 a.m. recorrido de los reci\u00e9n casados por las calles de Oc\u00fa hasta llegar a los terrenos de la feria, sede del festival. Ese d\u00eda tambi\u00e9n, se realizar\u00e1 el concurso nacional de acorde\u00f3n, concursos juveniles y el tradicional duelo del tamarindo.<\/p>\n\n\n\n<p>El 18 de agosto, a las 9:00 a.m., se realizar\u00e1  un acto de recibimiento al Vicepresidente de la Rep\u00fablica, abanderado de estas festividades, que encabezar\u00e1 el desfile de las 10:00 a.m. por las principales calles de Oc\u00fa.<\/p>\n\n\n\n<figure class=\"wp-block-image\"><img decoding=\"async\" loading=\"lazy\" width=\"920\" height=\"697\" src=\"http:\/\/www.thevisitorpanama.info\/esp\/wp-content\/uploads\/2019\/08\/Screenshot_20190826_194240-1.jpg\" alt=\"\" class=\"wp-image-10085\"\/><\/figure>\n","protected":false},"excerpt":{"rendered":"<p>El Festival Nacional del Manito Ocue\u00f1o, en su cuadrag\u00e9sima octava versi\u00f3n, tendr\u00e1 como abanderado este a\u00f1o al vicepresidente de la Rep\u00fablica, Jos\u00e9 Gabriel Carrizo, anunciaron, este martes en conferencia de prensa, los organizadores de este evento que busca fortalecer las costumbres y tradiciones del hombre del campo. El festival, cuyo principal atractivo es la celebraci\u00f3n [&hellip;]<\/p>\n","protected":false},"author":1,"featured_media":10084,"comment_status":"open","ping_status":"open","sticky":false,"template":"","format":"standard","meta":[],"categories":[31],"tags":[],"_links":{"self":[{"href":"https:\/\/www.thevisitorpanama.info\/esp\/wp-json\/wp\/v2\/posts\/1376"}],"collection":[{"href":"https:\/\/www.thevisitorpanama.info\/esp\/wp-json\/wp\/v2\/posts"}],"about":[{"href":"https:\/\/www.thevisitorpanama.info\/esp\/wp-json\/wp\/v2\/types\/post"}],"author":[{"embeddable":true,"href":"https:\/\/www.thevisitorpanama.info\/esp\/wp-json\/wp\/v2\/users\/1"}],"replies":[{"embeddable":true,"href":"https:\/\/www.thevisitorpanama.info\/esp\/wp-json\/wp\/v2\/comments?post=1376"}],"version-history":[{"count":2,"href":"https:\/\/www.thevisitorpanama.info\/esp\/wp-json\/wp\/v2\/posts\/1376\/revisions"}],"predecessor-version":[{"id":10086,"href":"https:\/\/www.thevisitorpanama.info\/esp\/wp-json\/wp\/v2\/posts\/1376\/revisions\/10086"}],"wp:featuredmedia":[{"embeddable":true,"href":"https:\/\/www.thevisitorpanama.info\/esp\/wp-json\/wp\/v2\/media\/10084"}],"wp:attachment":[{"href":"https:\/\/www.thevisitorpanama.info\/esp\/wp-json\/wp\/v2\/media?parent=1376"}],"wp:term":[{"taxonomy":"category","embeddable":true,"href":"https:\/\/www.thevisitorpanama.info\/esp\/wp-json\/wp\/v2\/categories?post=1376"},{"taxonomy":"post_tag","embeddable":true,"href":"https:\/\/www.thevisitorpanama.info\/esp\/wp-json\/wp\/v2\/tags?post=1376"}],"curies":[{"name":"wp","href":"https:\/\/api.w.org\/{rel}","templated":true}]}}