{"id":13715,"date":"2023-07-20T20:24:43","date_gmt":"2023-07-21T01:24:43","guid":{"rendered":"http:\/\/www.thevisitorpanama.info\/esp\/?p=13715"},"modified":"2023-07-20T20:31:37","modified_gmt":"2023-07-21T01:31:37","slug":"expo-aventura-tierras-altas-concluye-con-alianzas-y-proyectos-que-impulsaran-el-turismo-en-la-region","status":"publish","type":"post","link":"https:\/\/www.thevisitorpanama.info\/esp\/2023\/07\/20\/expo-aventura-tierras-altas-concluye-con-alianzas-y-proyectos-que-impulsaran-el-turismo-en-la-region\/","title":{"rendered":"Expo Aventura Tierras Altas Concluye con Alianzas y Proyectos que Impulsar\u00e1n el Turismo en la Regi\u00f3n"},"content":{"rendered":"\n<p>Un total de 35 expositores, entre comercios y servicios de todo el Distrito de Tierras Altas, se dieron cita en la primera versi\u00f3n de la Expo Aventuras Tierras Altas que concluy\u00f3 el d\u00eda de ayer 19 de julio 2023.<\/p>\n\n\n\n<figure class=\"wp-block-image size-full\"><img decoding=\"async\" loading=\"lazy\" width=\"1200\" height=\"1600\" src=\"http:\/\/www.thevisitorpanama.info\/esp\/wp-content\/uploads\/2023\/07\/IMG-20230720-WA0030.jpg\" alt=\"\" class=\"wp-image-13719\" srcset=\"https:\/\/www.thevisitorpanama.info\/esp\/wp-content\/uploads\/2023\/07\/IMG-20230720-WA0030.jpg 1200w, https:\/\/www.thevisitorpanama.info\/esp\/wp-content\/uploads\/2023\/07\/IMG-20230720-WA0030-768x1024.jpg 768w, https:\/\/www.thevisitorpanama.info\/esp\/wp-content\/uploads\/2023\/07\/IMG-20230720-WA0030-1152x1536.jpg 1152w\" sizes=\"(max-width: 1200px) 100vw, 1200px\" \/><\/figure>\n\n\n\n<p>Durante esta importante actividad se gestionaron alianzas y proyectos con tour operadores internacionales, agencias de viajes locales, inversionistas y dem\u00e1s actores del sector tur\u00edstico, con el prop\u00f3sito de impulsar el desarrollo sostenible de esta regi\u00f3n.<br>Igualmente se organizaron un total de 60 citas de negocios con m\u00e1s de 150 visitantes. <\/p>\n\n\n\n<p>Este evento marc\u00f3 un hito importante en el desarrollo econ\u00f3mico y tur\u00edstico de este destino que es prioritario de nuestro Plan Maestro de Turismo Sostenible.<\/p>\n\n\n\n<figure class=\"wp-block-image size-full\"><img decoding=\"async\" loading=\"lazy\" width=\"1200\" height=\"1600\" src=\"http:\/\/www.thevisitorpanama.info\/esp\/wp-content\/uploads\/2023\/07\/IMG-20230720-WA0029.jpg\" alt=\"\" class=\"wp-image-13720\" srcset=\"https:\/\/www.thevisitorpanama.info\/esp\/wp-content\/uploads\/2023\/07\/IMG-20230720-WA0029.jpg 1200w, https:\/\/www.thevisitorpanama.info\/esp\/wp-content\/uploads\/2023\/07\/IMG-20230720-WA0029-768x1024.jpg 768w, https:\/\/www.thevisitorpanama.info\/esp\/wp-content\/uploads\/2023\/07\/IMG-20230720-WA0029-1152x1536.jpg 1152w\" sizes=\"(max-width: 1200px) 100vw, 1200px\" \/><\/figure>\n\n\n\n<p><br>Leonardo Ch\u00e1vez, de la agencia de viajes Costa Rica Sun Tours, describi\u00f3 el destino Tierras Altas como un \u201cmosaico de experiencias\u201d, adem\u00e1s destac\u00f3 el gran inter\u00e9s que despertar\u00e1 para sus usuarios el poder encontrar agro turismo y turismo de aventuras en una sola regi\u00f3n.<\/p>\n\n\n\n<figure class=\"wp-block-image size-full\"><img decoding=\"async\" loading=\"lazy\" width=\"1600\" height=\"1200\" src=\"http:\/\/www.thevisitorpanama.info\/esp\/wp-content\/uploads\/2023\/07\/IMG-20230720-WA0022.jpg\" alt=\"\" class=\"wp-image-13722\" srcset=\"https:\/\/www.thevisitorpanama.info\/esp\/wp-content\/uploads\/2023\/07\/IMG-20230720-WA0022.jpg 1600w, https:\/\/www.thevisitorpanama.info\/esp\/wp-content\/uploads\/2023\/07\/IMG-20230720-WA0022-768x576.jpg 768w, https:\/\/www.thevisitorpanama.info\/esp\/wp-content\/uploads\/2023\/07\/IMG-20230720-WA0022-1536x1152.jpg 1536w, https:\/\/www.thevisitorpanama.info\/esp\/wp-content\/uploads\/2023\/07\/IMG-20230720-WA0022-80x60.jpg 80w, https:\/\/www.thevisitorpanama.info\/esp\/wp-content\/uploads\/2023\/07\/IMG-20230720-WA0022-100x75.jpg 100w, https:\/\/www.thevisitorpanama.info\/esp\/wp-content\/uploads\/2023\/07\/IMG-20230720-WA0022-180x135.jpg 180w, https:\/\/www.thevisitorpanama.info\/esp\/wp-content\/uploads\/2023\/07\/IMG-20230720-WA0022-238x178.jpg 238w\" sizes=\"(max-width: 1600px) 100vw, 1600px\" \/><\/figure>\n\n\n\n<p><br>El evento sirvi\u00f3 tambi\u00e9n para posicionar este sector del pa\u00eds como destino para el segmento MICE, sobre lo que Leonel Bonilla, Director General de la consultora costarricense de gesti\u00f3n de eventos MICE PCO, se mostr\u00f3 optimista ante la oferta del destino para este segmento. \u201cEstamos seguros que habr\u00e1 congresos y subgrupos que por su naturaleza van a encontrar en este destino un lugar id\u00f3neo para celebrarse\u201d, dijo Bonilla.<\/p>\n\n\n\n<figure class=\"wp-block-image size-full\"><img decoding=\"async\" loading=\"lazy\" width=\"1200\" height=\"1600\" src=\"http:\/\/www.thevisitorpanama.info\/esp\/wp-content\/uploads\/2023\/07\/IMG-20230720-WA0017.jpg\" alt=\"\" class=\"wp-image-13723\" srcset=\"https:\/\/www.thevisitorpanama.info\/esp\/wp-content\/uploads\/2023\/07\/IMG-20230720-WA0017.jpg 1200w, https:\/\/www.thevisitorpanama.info\/esp\/wp-content\/uploads\/2023\/07\/IMG-20230720-WA0017-768x1024.jpg 768w, https:\/\/www.thevisitorpanama.info\/esp\/wp-content\/uploads\/2023\/07\/IMG-20230720-WA0017-1152x1536.jpg 1152w\" sizes=\"(max-width: 1200px) 100vw, 1200px\" \/><\/figure>\n\n\n\n<p><br>Tierras Altas fue el epicentro de decenas de compradores, nacionales y extranjeros, quienes buscaban ampliar su cartera de productos con experiencias tur\u00edsticas \u00fanicas que les permitan conectar con la naturaleza y toda la oferta de este destino.<\/p>\n\n\n\n<figure class=\"wp-block-image size-full\"><img decoding=\"async\" loading=\"lazy\" width=\"1200\" height=\"1600\" src=\"http:\/\/www.thevisitorpanama.info\/esp\/wp-content\/uploads\/2023\/07\/IMG-20230720-WA0012.jpg\" alt=\"\" class=\"wp-image-13724\" srcset=\"https:\/\/www.thevisitorpanama.info\/esp\/wp-content\/uploads\/2023\/07\/IMG-20230720-WA0012.jpg 1200w, https:\/\/www.thevisitorpanama.info\/esp\/wp-content\/uploads\/2023\/07\/IMG-20230720-WA0012-768x1024.jpg 768w, https:\/\/www.thevisitorpanama.info\/esp\/wp-content\/uploads\/2023\/07\/IMG-20230720-WA0012-1152x1536.jpg 1152w\" sizes=\"(max-width: 1200px) 100vw, 1200px\" \/><\/figure>\n","protected":false},"excerpt":{"rendered":"<p>Un total de 35 expositores, entre comercios y servicios de todo el Distrito de Tierras Altas, se dieron cita en la primera versi\u00f3n de la Expo Aventuras Tierras Altas que concluy\u00f3 el d\u00eda de ayer 19 de julio 2023. Durante esta importante actividad se gestionaron alianzas y proyectos con tour operadores internacionales, agencias de viajes [&hellip;]<\/p>\n","protected":false},"author":1,"featured_media":13717,"comment_status":"open","ping_status":"open","sticky":false,"template":"","format":"standard","meta":[],"categories":[69],"tags":[],"_links":{"self":[{"href":"https:\/\/www.thevisitorpanama.info\/esp\/wp-json\/wp\/v2\/posts\/13715"}],"collection":[{"href":"https:\/\/www.thevisitorpanama.info\/esp\/wp-json\/wp\/v2\/posts"}],"about":[{"href":"https:\/\/www.thevisitorpanama.info\/esp\/wp-json\/wp\/v2\/types\/post"}],"author":[{"embeddable":true,"href":"https:\/\/www.thevisitorpanama.info\/esp\/wp-json\/wp\/v2\/users\/1"}],"replies":[{"embeddable":true,"href":"https:\/\/www.thevisitorpanama.info\/esp\/wp-json\/wp\/v2\/comments?post=13715"}],"version-history":[{"count":2,"href":"https:\/\/www.thevisitorpanama.info\/esp\/wp-json\/wp\/v2\/posts\/13715\/revisions"}],"predecessor-version":[{"id":13725,"href":"https:\/\/www.thevisitorpanama.info\/esp\/wp-json\/wp\/v2\/posts\/13715\/revisions\/13725"}],"wp:featuredmedia":[{"embeddable":true,"href":"https:\/\/www.thevisitorpanama.info\/esp\/wp-json\/wp\/v2\/media\/13717"}],"wp:attachment":[{"href":"https:\/\/www.thevisitorpanama.info\/esp\/wp-json\/wp\/v2\/media?parent=13715"}],"wp:term":[{"taxonomy":"category","embeddable":true,"href":"https:\/\/www.thevisitorpanama.info\/esp\/wp-json\/wp\/v2\/categories?post=13715"},{"taxonomy":"post_tag","embeddable":true,"href":"https:\/\/www.thevisitorpanama.info\/esp\/wp-json\/wp\/v2\/tags?post=13715"}],"curies":[{"name":"wp","href":"https:\/\/api.w.org\/{rel}","templated":true}]}}