{"id":13690,"date":"2023-07-18T11:54:40","date_gmt":"2023-07-18T16:54:40","guid":{"rendered":"http:\/\/www.thevisitorpanama.info\/esp\/?p=13690"},"modified":"2023-07-18T12:08:48","modified_gmt":"2023-07-18T17:08:48","slug":"expo-aventuras-tierras-altas-empieza-explorando-la-diversidad-de-actividades-de-la-region","status":"publish","type":"post","link":"https:\/\/www.thevisitorpanama.info\/esp\/2023\/07\/18\/expo-aventuras-tierras-altas-empieza-explorando-la-diversidad-de-actividades-de-la-region\/","title":{"rendered":"Expo Aventuras Tierras Altas Empieza Explorando la Diversidad de Actividades de la Regi\u00f3n"},"content":{"rendered":"\n<p>En el d\u00eda de ayer este evento que tiene una duraci\u00f3n de tres d\u00edas empez\u00f3 con un almuerzo de bienvenida a los participantes especiales de la primera Expo Aventuras Tierras Altas.<\/p>\n\n\n\n<figure class=\"wp-block-image size-full\"><img decoding=\"async\" loading=\"lazy\" width=\"1600\" height=\"1200\" src=\"http:\/\/www.thevisitorpanama.info\/esp\/wp-content\/uploads\/2023\/07\/IMG-20230718-WA0006.jpg\" alt=\"\" class=\"wp-image-13704\" srcset=\"https:\/\/www.thevisitorpanama.info\/esp\/wp-content\/uploads\/2023\/07\/IMG-20230718-WA0006.jpg 1600w, https:\/\/www.thevisitorpanama.info\/esp\/wp-content\/uploads\/2023\/07\/IMG-20230718-WA0006-768x576.jpg 768w, https:\/\/www.thevisitorpanama.info\/esp\/wp-content\/uploads\/2023\/07\/IMG-20230718-WA0006-1536x1152.jpg 1536w, https:\/\/www.thevisitorpanama.info\/esp\/wp-content\/uploads\/2023\/07\/IMG-20230718-WA0006-80x60.jpg 80w, https:\/\/www.thevisitorpanama.info\/esp\/wp-content\/uploads\/2023\/07\/IMG-20230718-WA0006-100x75.jpg 100w, https:\/\/www.thevisitorpanama.info\/esp\/wp-content\/uploads\/2023\/07\/IMG-20230718-WA0006-180x135.jpg 180w, https:\/\/www.thevisitorpanama.info\/esp\/wp-content\/uploads\/2023\/07\/IMG-20230718-WA0006-238x178.jpg 238w\" sizes=\"(max-width: 1600px) 100vw, 1600px\" \/><\/figure>\n\n\n\n<p>Expo Aventuras Tierras Altas re\u00fane entre el 17 y 20 de julio de 2023 a tour operadores internacionales, agencias de viajes locales, inversionistas y dem\u00e1s actores del sector tur\u00edstico para explorar la belleza y diversidad de Tierras Altas, buscando establecer alianzas y proyectos que impulsen el desarrollo sostenible y econ\u00f3mico de la provincia de Chiriqu\u00ed.<\/p>\n\n\n\n<figure class=\"wp-block-image size-full\"><img decoding=\"async\" loading=\"lazy\" width=\"1600\" height=\"1200\" src=\"http:\/\/www.thevisitorpanama.info\/esp\/wp-content\/uploads\/2023\/07\/IMG-20230718-WA0032.jpg\" alt=\"\" class=\"wp-image-13695\" srcset=\"https:\/\/www.thevisitorpanama.info\/esp\/wp-content\/uploads\/2023\/07\/IMG-20230718-WA0032.jpg 1600w, https:\/\/www.thevisitorpanama.info\/esp\/wp-content\/uploads\/2023\/07\/IMG-20230718-WA0032-768x576.jpg 768w, https:\/\/www.thevisitorpanama.info\/esp\/wp-content\/uploads\/2023\/07\/IMG-20230718-WA0032-1536x1152.jpg 1536w, https:\/\/www.thevisitorpanama.info\/esp\/wp-content\/uploads\/2023\/07\/IMG-20230718-WA0032-80x60.jpg 80w, https:\/\/www.thevisitorpanama.info\/esp\/wp-content\/uploads\/2023\/07\/IMG-20230718-WA0032-100x75.jpg 100w, https:\/\/www.thevisitorpanama.info\/esp\/wp-content\/uploads\/2023\/07\/IMG-20230718-WA0032-180x135.jpg 180w, https:\/\/www.thevisitorpanama.info\/esp\/wp-content\/uploads\/2023\/07\/IMG-20230718-WA0032-238x178.jpg 238w\" sizes=\"(max-width: 1600px) 100vw, 1600px\" \/><\/figure>\n\n\n\n<p>Durante el d\u00eda de ayer en el Hotel Bambito, se discutieron temas como la gastronom\u00eda sostenible, los proyectos tur\u00edsticos del Distrito de Tierras Altas y el impacto del desarrollo de la regi\u00f3n en el futuro del sector tur\u00edstico.<\/p>\n\n\n\n<figure class=\"wp-block-image size-full\"><img decoding=\"async\" loading=\"lazy\" width=\"960\" height=\"1280\" src=\"http:\/\/www.thevisitorpanama.info\/esp\/wp-content\/uploads\/2023\/07\/IMG-20230718-WA0042.jpg\" alt=\"\" class=\"wp-image-13699\" srcset=\"https:\/\/www.thevisitorpanama.info\/esp\/wp-content\/uploads\/2023\/07\/IMG-20230718-WA0042.jpg 960w, https:\/\/www.thevisitorpanama.info\/esp\/wp-content\/uploads\/2023\/07\/IMG-20230718-WA0042-768x1024.jpg 768w\" sizes=\"(max-width: 960px) 100vw, 960px\" \/><\/figure>\n\n\n\n<p>&#8220;Nuestro objetivo es unir a la comunidad, a los operadores tur\u00edsticos y a los inversores en un esfuerzo conjunto para promover Tierras Altas como un destino sostenible y culturalmente rico\u201d se\u00f1al\u00f3 el presidente de la C\u00e1mara de Turismo, Comercio e Industrias de Tierras Altas, Luis de la Lastra.<\/p>\n\n\n\n<figure class=\"wp-block-image size-full\"><img decoding=\"async\" loading=\"lazy\" width=\"1040\" height=\"780\" src=\"http:\/\/www.thevisitorpanama.info\/esp\/wp-content\/uploads\/2023\/07\/IMG-20230718-WA0027.jpg\" alt=\"\" class=\"wp-image-13696\" srcset=\"https:\/\/www.thevisitorpanama.info\/esp\/wp-content\/uploads\/2023\/07\/IMG-20230718-WA0027.jpg 1040w, https:\/\/www.thevisitorpanama.info\/esp\/wp-content\/uploads\/2023\/07\/IMG-20230718-WA0027-768x576.jpg 768w, https:\/\/www.thevisitorpanama.info\/esp\/wp-content\/uploads\/2023\/07\/IMG-20230718-WA0027-80x60.jpg 80w, https:\/\/www.thevisitorpanama.info\/esp\/wp-content\/uploads\/2023\/07\/IMG-20230718-WA0027-100x75.jpg 100w, https:\/\/www.thevisitorpanama.info\/esp\/wp-content\/uploads\/2023\/07\/IMG-20230718-WA0027-180x135.jpg 180w, https:\/\/www.thevisitorpanama.info\/esp\/wp-content\/uploads\/2023\/07\/IMG-20230718-WA0027-238x178.jpg 238w\" sizes=\"(max-width: 1040px) 100vw, 1040px\" \/><\/figure>\n\n\n\n<p>Este espacio comercial, en palabras de la Sub Administradora General de la ATP, se\u00f1ora Denise Guillen, le abre la puerta a nuevas oportunidades tur\u00edsticas y comerciales en la provincia de Chiriqu\u00ed. \u201cA partir de este momento confiamos en que la actividad tur\u00edstica de la provincia va a lograr el auge que se merece por todos los atractivos naturales y culturales que posee para compartir con nacionales y extranjeros\u201d, se\u00f1al\u00f3 la Sub Administradora durante su participaci\u00f3n.<\/p>\n\n\n\n<figure class=\"wp-block-image size-full\"><img decoding=\"async\" loading=\"lazy\" width=\"1200\" height=\"1600\" src=\"http:\/\/www.thevisitorpanama.info\/esp\/wp-content\/uploads\/2023\/07\/IMG-20230718-WA0018.jpg\" alt=\"\" class=\"wp-image-13698\" srcset=\"https:\/\/www.thevisitorpanama.info\/esp\/wp-content\/uploads\/2023\/07\/IMG-20230718-WA0018.jpg 1200w, https:\/\/www.thevisitorpanama.info\/esp\/wp-content\/uploads\/2023\/07\/IMG-20230718-WA0018-768x1024.jpg 768w, https:\/\/www.thevisitorpanama.info\/esp\/wp-content\/uploads\/2023\/07\/IMG-20230718-WA0018-1152x1536.jpg 1152w\" sizes=\"(max-width: 1200px) 100vw, 1200px\" \/><\/figure>\n\n\n\n<p>La Expo 2023 promete ser una experiencia valiosa e inspiradora, no s\u00f3lo para los asistentes, sino para toda la regi\u00f3n de Tierras Altas. Esta actividad es organizada por la C\u00e1mara de Turismo, Comercio e Industrias de Tierras Altas en colaboraci\u00f3n con la Autoridad de Turismo de Panam\u00e1 y PROMTUR Panam\u00e1.<\/p>\n\n\n\n<figure class=\"wp-block-image size-full\"><img decoding=\"async\" loading=\"lazy\" width=\"960\" height=\"1280\" src=\"http:\/\/www.thevisitorpanama.info\/esp\/wp-content\/uploads\/2023\/07\/IMG-20230718-WA0010.jpg\" alt=\"\" class=\"wp-image-13697\" srcset=\"https:\/\/www.thevisitorpanama.info\/esp\/wp-content\/uploads\/2023\/07\/IMG-20230718-WA0010.jpg 960w, https:\/\/www.thevisitorpanama.info\/esp\/wp-content\/uploads\/2023\/07\/IMG-20230718-WA0010-768x1024.jpg 768w\" sizes=\"(max-width: 960px) 100vw, 960px\" \/><\/figure>\n\n\n\n<p>Para obtener m\u00e1s informaci\u00f3n, visite https:\/\/expoaventuras.com\/<\/p>\n","protected":false},"excerpt":{"rendered":"<p>En el d\u00eda de ayer este evento que tiene una duraci\u00f3n de tres d\u00edas empez\u00f3 con un almuerzo de bienvenida a los participantes especiales de la primera Expo Aventuras Tierras Altas. Expo Aventuras Tierras Altas re\u00fane entre el 17 y 20 de julio de 2023 a tour operadores internacionales, agencias de viajes locales, inversionistas y [&hellip;]<\/p>\n","protected":false},"author":1,"featured_media":13701,"comment_status":"open","ping_status":"open","sticky":false,"template":"","format":"standard","meta":[],"categories":[69],"tags":[],"_links":{"self":[{"href":"https:\/\/www.thevisitorpanama.info\/esp\/wp-json\/wp\/v2\/posts\/13690"}],"collection":[{"href":"https:\/\/www.thevisitorpanama.info\/esp\/wp-json\/wp\/v2\/posts"}],"about":[{"href":"https:\/\/www.thevisitorpanama.info\/esp\/wp-json\/wp\/v2\/types\/post"}],"author":[{"embeddable":true,"href":"https:\/\/www.thevisitorpanama.info\/esp\/wp-json\/wp\/v2\/users\/1"}],"replies":[{"embeddable":true,"href":"https:\/\/www.thevisitorpanama.info\/esp\/wp-json\/wp\/v2\/comments?post=13690"}],"version-history":[{"count":3,"href":"https:\/\/www.thevisitorpanama.info\/esp\/wp-json\/wp\/v2\/posts\/13690\/revisions"}],"predecessor-version":[{"id":13705,"href":"https:\/\/www.thevisitorpanama.info\/esp\/wp-json\/wp\/v2\/posts\/13690\/revisions\/13705"}],"wp:featuredmedia":[{"embeddable":true,"href":"https:\/\/www.thevisitorpanama.info\/esp\/wp-json\/wp\/v2\/media\/13701"}],"wp:attachment":[{"href":"https:\/\/www.thevisitorpanama.info\/esp\/wp-json\/wp\/v2\/media?parent=13690"}],"wp:term":[{"taxonomy":"category","embeddable":true,"href":"https:\/\/www.thevisitorpanama.info\/esp\/wp-json\/wp\/v2\/categories?post=13690"},{"taxonomy":"post_tag","embeddable":true,"href":"https:\/\/www.thevisitorpanama.info\/esp\/wp-json\/wp\/v2\/tags?post=13690"}],"curies":[{"name":"wp","href":"https:\/\/api.w.org\/{rel}","templated":true}]}}