{"id":13537,"date":"2023-07-01T22:07:13","date_gmt":"2023-07-02T03:07:13","guid":{"rendered":"http:\/\/www.thevisitorpanama.info\/esp\/?p=13537"},"modified":"2023-07-01T22:08:12","modified_gmt":"2023-07-02T03:08:12","slug":"empieza-la-feria-de-turismo-en-soho-city-center-con-mas-de-100-empresas","status":"publish","type":"post","link":"https:\/\/www.thevisitorpanama.info\/esp\/2023\/07\/01\/empieza-la-feria-de-turismo-en-soho-city-center-con-mas-de-100-empresas\/","title":{"rendered":"Empieza la Feria de Turismo en Soho City Center con M\u00e1s de 100 Empresas"},"content":{"rendered":"\n<p>La segunda versi\u00f3n de la Feria de Turismo (FETUR) inici\u00f3 con gran \u00e9xito este s\u00e1bado, y continua ma\u00f1ana 2 de julio, en el tercer piso del Soho City Center, donde una gran cantidad de personas se dieron lugar para conocer sobre las ofertas y atractivos tur\u00edsticos de nuestro pa\u00eds.<br>A las 12:00md se dio el corte de cinta que abr\u00eda formalmente FETUR 2023, una actividad organizada por segundo a\u00f1o consecutivo por la Direcci\u00f3n de Turismo de la Alcald\u00eda de Panam\u00e1.<\/p>\n\n\n\n<figure class=\"wp-block-image size-full\"><img decoding=\"async\" loading=\"lazy\" width=\"768\" height=\"1024\" src=\"http:\/\/www.thevisitorpanama.info\/esp\/wp-content\/uploads\/2023\/07\/IMG-20230701-WA0054.jpg\" alt=\"\" class=\"wp-image-13539\"\/><\/figure>\n\n\n\n<p><br>Este a\u00f1o participaron m\u00e1s de 100 empresas, entre ellas, agencias de viajes, hoteles, turismo interno, artesanos, entre muchas m\u00e1s.<br>La directora de Turismo, Ether De La Fuente, dijo que esta feria se realiza con el objetivo de ayudar a las empresas a reactivar la econom\u00eda.<\/p>\n\n\n\n<figure class=\"wp-block-image size-full\"><img decoding=\"async\" loading=\"lazy\" width=\"960\" height=\"1280\" src=\"http:\/\/www.thevisitorpanama.info\/esp\/wp-content\/uploads\/2023\/07\/IMG-20230701-WA0052.jpg\" alt=\"\" class=\"wp-image-13540\" srcset=\"https:\/\/www.thevisitorpanama.info\/esp\/wp-content\/uploads\/2023\/07\/IMG-20230701-WA0052.jpg 960w, https:\/\/www.thevisitorpanama.info\/esp\/wp-content\/uploads\/2023\/07\/IMG-20230701-WA0052-768x1024.jpg 768w\" sizes=\"(max-width: 960px) 100vw, 960px\" \/><\/figure>\n\n\n\n<p><br>\u201cSabemos que luego de la pandemia ha sido dif\u00edcil para todos, con FETUR 2023 buscamos ser parte de esa ayuda para que las empresas se den a conocer y que eleven sus ingresos\u201d, a\u00f1adi\u00f3 De La Fuente.<br>FETUR 2023 tambi\u00e9n cuenta con una feria de salud donde se estar\u00e1 ateniendo en: Medicina General, Nutrici\u00f3n, Psicolog\u00eda, toma de presi\u00f3n y vacunaci\u00f3n de 10:00am a 3:00pm, en el piso 1.<br>Durante la feria se realizaron dos conferencias denominadas Turismo Sostenible y Turismo Comunitario. Mucho de los presentes pudieron llevarse fabulosos premios participando de la ronda de trivias .<\/p>\n\n\n\n<figure class=\"wp-block-image size-full\"><img decoding=\"async\" loading=\"lazy\" width=\"768\" height=\"1024\" src=\"http:\/\/www.thevisitorpanama.info\/esp\/wp-content\/uploads\/2023\/07\/IMG-20230701-WA0053.jpg\" alt=\"\" class=\"wp-image-13541\"\/><\/figure>\n\n\n\n<p><br>Conjuntos folcl\u00f3ricos, bandas de m\u00fasica, danza \u00e1rabe y, el cierre con la Orquesta Son Cultura de la Alcald\u00eda de Panam\u00e1, amenizaron el lugar durante las nueve horas que dur\u00f3 la feria este s\u00e1bado.<br>Ma\u00f1ana domingo, 2 de julio, ser\u00e1 el cierre de FETUR 2023. La Direcci\u00f3n de Turismo de la Alcald\u00eda de Panam\u00e1 invita a la ciudadan\u00eda para que disfruten en familia todo lo que esta feria ofrece.<\/p>\n","protected":false},"excerpt":{"rendered":"<p>La segunda versi\u00f3n de la Feria de Turismo (FETUR) inici\u00f3 con gran \u00e9xito este s\u00e1bado, y continua ma\u00f1ana 2 de julio, en el tercer piso del Soho City Center, donde una gran cantidad de personas se dieron lugar para conocer sobre las ofertas y atractivos tur\u00edsticos de nuestro pa\u00eds.A las 12:00md se dio el corte [&hellip;]<\/p>\n","protected":false},"author":1,"featured_media":13538,"comment_status":"open","ping_status":"open","sticky":false,"template":"","format":"standard","meta":[],"categories":[69],"tags":[],"_links":{"self":[{"href":"https:\/\/www.thevisitorpanama.info\/esp\/wp-json\/wp\/v2\/posts\/13537"}],"collection":[{"href":"https:\/\/www.thevisitorpanama.info\/esp\/wp-json\/wp\/v2\/posts"}],"about":[{"href":"https:\/\/www.thevisitorpanama.info\/esp\/wp-json\/wp\/v2\/types\/post"}],"author":[{"embeddable":true,"href":"https:\/\/www.thevisitorpanama.info\/esp\/wp-json\/wp\/v2\/users\/1"}],"replies":[{"embeddable":true,"href":"https:\/\/www.thevisitorpanama.info\/esp\/wp-json\/wp\/v2\/comments?post=13537"}],"version-history":[{"count":2,"href":"https:\/\/www.thevisitorpanama.info\/esp\/wp-json\/wp\/v2\/posts\/13537\/revisions"}],"predecessor-version":[{"id":13543,"href":"https:\/\/www.thevisitorpanama.info\/esp\/wp-json\/wp\/v2\/posts\/13537\/revisions\/13543"}],"wp:featuredmedia":[{"embeddable":true,"href":"https:\/\/www.thevisitorpanama.info\/esp\/wp-json\/wp\/v2\/media\/13538"}],"wp:attachment":[{"href":"https:\/\/www.thevisitorpanama.info\/esp\/wp-json\/wp\/v2\/media?parent=13537"}],"wp:term":[{"taxonomy":"category","embeddable":true,"href":"https:\/\/www.thevisitorpanama.info\/esp\/wp-json\/wp\/v2\/categories?post=13537"},{"taxonomy":"post_tag","embeddable":true,"href":"https:\/\/www.thevisitorpanama.info\/esp\/wp-json\/wp\/v2\/tags?post=13537"}],"curies":[{"name":"wp","href":"https:\/\/api.w.org\/{rel}","templated":true}]}}