{"id":13532,"date":"2023-06-29T21:39:19","date_gmt":"2023-06-30T02:39:19","guid":{"rendered":"http:\/\/www.thevisitorpanama.info\/esp\/?p=13532"},"modified":"2023-06-29T22:15:58","modified_gmt":"2023-06-30T03:15:58","slug":"tierras-altas-de-chiriqui-promovera-su-oferta-turistica-en-expo-aventuras-panama","status":"publish","type":"post","link":"https:\/\/www.thevisitorpanama.info\/esp\/2023\/06\/29\/tierras-altas-de-chiriqui-promovera-su-oferta-turistica-en-expo-aventuras-panama\/","title":{"rendered":"Tierras Altas de Chiriqu\u00ed Promover\u00e1 su Oferta Tur\u00edstica en Expo Aventuras Panam\u00e1"},"content":{"rendered":"\n<p> Del 17 al 19 de julio de 2023 tendr\u00e1 lugar la primera Expo Aventuras Tierras Altas en la provincia de Chiriqu\u00ed, evento que busca promover y fortalecer la oferta tur\u00edstica y comercial del distrito de Tierras Altas, uno de los destinos prioritarios del Plan Maestro de Turismo Sostenible 2020-2025.<br>El anuncio de esta actividad se realiz\u00f3 la ma\u00f1ana de este jueves en conferencia de prensa en la que participaron miembros de la C\u00e1mara de Turismo, Comercio e Industrias de Tierras Altas, promotores del evento, as\u00ed como patrocinadores y miembros del gremio tur\u00edstico de todo el pa\u00eds.<\/p>\n\n\n\n<figure class=\"wp-block-image\"><img alt=\"\"\/><\/figure>\n\n\n\n<p><br>Para PROMTUR Panam\u00e1, liderado por su Director General, Fernando Fondevila, \u201ceste evento, apoyado por la organizaci\u00f3n de mercadeo internacional, representa una nueva oportunidad para seguir posicionando a Panam\u00e1 en nuestros principales mercados emisores y se une a los esfuerzos de mercadeo y promoci\u00f3n internacional desarrollados en dicha regi\u00f3n, los cuales llevamos promocionando de manera sostenida por m\u00e1s de 24 meses. En el marco de Expo Aventuras Tierras Altas, agencias de viaje especializadas en la venta de paquetes multidestino, principalmente para viajeros de Canad\u00e1 y Estados Unidos, conocer\u00e1n de primera mano las experiencias ic\u00f3nicas que hacen de Tierras Altas un destino de visita obligada para los viajeros de todo el mundo&#8221;.<br>Por su parte, para Maruquel G\u00e1lvez, en representaci\u00f3n de la C\u00e1mara de Tierras Altas, se\u00f1al\u00f3 que la Expo \u201ces un ejemplo destacado de c\u00f3mo una C\u00e1mara de Turismo organizada, a trav\u00e9s de mecanismos como el Comit\u00e9 de Gesti\u00f3n de Destino, puede lograr una gobernanza efectiva que d\u00e9 lugar a proyectos que promocionen y mejoren la experiencia de los visitantes y turistas en el destino\u201d, a la vez que agradeci\u00f3 el trabajo desarrollado entre las instituciones p\u00fablicas, la empresa privada y todo el ecosistema productivo y tur\u00edstico de Tierras Altas por su contribuci\u00f3n a \u201cdar vida a este evento que nos situar\u00e1 en el mapa\u201d, dijo G\u00e1lvez.<br>El evento que propone posicionar al Distrito de Tierras Altas como destino tur\u00edstico sostenible, gracias a la riqueza y diversidad de su patrimonio natural y cultural, brindar\u00e1 la oportunidad a compradores locales e internacionales de establecer alianzas con hoteles, operadores tur\u00edsticos locales, entre otros actores, para consolidar una oferta tur\u00edstica atractiva que genere un movimiento constante de visitantes todos los meses del a\u00f1o.<br>Por tal raz\u00f3n para el Administrador General de la Autoridad de Turismo de Panam\u00e1, Ivan Eskildsen Alfaro, esta ser\u00e1 \u201cuna oportunidad privilegiada para el sector en esta regi\u00f3n del pa\u00eds que viene trabajando arduamente junto con el comit\u00e9 de gesti\u00f3n de destino para impulsar un desarrollo sostenido de la actividad tur\u00edstica y econ\u00f3mica de la provincia, promoviendo el desarrollo sostenible de las comunidades, cumpliendo con los objetivos de nuestro Plan Maestro y la administraci\u00f3n del presidente Cortizo\u201d se\u00f1al\u00f3 el administrador.<br>\u201cAcciones ejemplares -como estas- pueden replicarse en otras c\u00e1maras y destinos para establecer productos multidestino en el pa\u00eds&#8221; a\u00f1adi\u00f3 G\u00e1lvez.<br>A trav\u00e9s de este evento la C\u00e1mara de Turismo, Comercio e Industrias de Tierras Altas, junto a la Autoridad de Turismo de Panam\u00e1 y PROMTUR Panam\u00e1, buscan unificar esfuerzos que fortalezcan las estrategias en torno al turismo, en sinergia para la promoci\u00f3n de los productos tur\u00edsticos de esta regi\u00f3n.<\/p>\n","protected":false},"excerpt":{"rendered":"<p>Del 17 al 19 de julio de 2023 tendr\u00e1 lugar la primera Expo Aventuras Tierras Altas en la provincia de Chiriqu\u00ed, evento que busca promover y fortalecer la oferta tur\u00edstica y comercial del distrito de Tierras Altas, uno de los destinos prioritarios del Plan Maestro de Turismo Sostenible 2020-2025.El anuncio de esta actividad se realiz\u00f3 [&hellip;]<\/p>\n","protected":false},"author":1,"featured_media":13534,"comment_status":"open","ping_status":"open","sticky":false,"template":"","format":"standard","meta":[],"categories":[69],"tags":[],"_links":{"self":[{"href":"https:\/\/www.thevisitorpanama.info\/esp\/wp-json\/wp\/v2\/posts\/13532"}],"collection":[{"href":"https:\/\/www.thevisitorpanama.info\/esp\/wp-json\/wp\/v2\/posts"}],"about":[{"href":"https:\/\/www.thevisitorpanama.info\/esp\/wp-json\/wp\/v2\/types\/post"}],"author":[{"embeddable":true,"href":"https:\/\/www.thevisitorpanama.info\/esp\/wp-json\/wp\/v2\/users\/1"}],"replies":[{"embeddable":true,"href":"https:\/\/www.thevisitorpanama.info\/esp\/wp-json\/wp\/v2\/comments?post=13532"}],"version-history":[{"count":2,"href":"https:\/\/www.thevisitorpanama.info\/esp\/wp-json\/wp\/v2\/posts\/13532\/revisions"}],"predecessor-version":[{"id":13536,"href":"https:\/\/www.thevisitorpanama.info\/esp\/wp-json\/wp\/v2\/posts\/13532\/revisions\/13536"}],"wp:featuredmedia":[{"embeddable":true,"href":"https:\/\/www.thevisitorpanama.info\/esp\/wp-json\/wp\/v2\/media\/13534"}],"wp:attachment":[{"href":"https:\/\/www.thevisitorpanama.info\/esp\/wp-json\/wp\/v2\/media?parent=13532"}],"wp:term":[{"taxonomy":"category","embeddable":true,"href":"https:\/\/www.thevisitorpanama.info\/esp\/wp-json\/wp\/v2\/categories?post=13532"},{"taxonomy":"post_tag","embeddable":true,"href":"https:\/\/www.thevisitorpanama.info\/esp\/wp-json\/wp\/v2\/tags?post=13532"}],"curies":[{"name":"wp","href":"https:\/\/api.w.org\/{rel}","templated":true}]}}