{"id":13492,"date":"2023-06-23T20:50:51","date_gmt":"2023-06-24T01:50:51","guid":{"rendered":"http:\/\/www.thevisitorpanama.info\/esp\/?p=13492"},"modified":"2023-06-23T20:51:02","modified_gmt":"2023-06-24T01:51:02","slug":"restauran-la-real-aduana-de-portobelo-e-inauguran-el-museo-de-la-memoria-afropanamena","status":"publish","type":"post","link":"https:\/\/www.thevisitorpanama.info\/esp\/2023\/06\/23\/restauran-la-real-aduana-de-portobelo-e-inauguran-el-museo-de-la-memoria-afropanamena\/","title":{"rendered":"Restauran la Real Aduana de Portobelo e Inauguran el Museo de la Memoria Afropaname\u00f1a"},"content":{"rendered":"\n<p>Autoridades Gubernamentales inauguraron las obras de restauraci\u00f3n del edificio de la Real Aduana de Portobelo y el Museo de la Memoria Afropaname\u00f1a, proyectos que impulsan y agregan nuevos atractivos tur\u00edsticos para la reactivaci\u00f3n econ\u00f3mica de la Costa Abajo de Col\u00f3n.<\/p>\n\n\n\n<figure class=\"wp-block-image size-full\"><img decoding=\"async\" loading=\"lazy\" width=\"1600\" height=\"1066\" src=\"http:\/\/www.thevisitorpanama.info\/esp\/wp-content\/uploads\/2023\/06\/IMG-20230623-WA0023.jpg\" alt=\"\" class=\"wp-image-13494\" srcset=\"https:\/\/www.thevisitorpanama.info\/esp\/wp-content\/uploads\/2023\/06\/IMG-20230623-WA0023.jpg 1600w, https:\/\/www.thevisitorpanama.info\/esp\/wp-content\/uploads\/2023\/06\/IMG-20230623-WA0023-768x512.jpg 768w, https:\/\/www.thevisitorpanama.info\/esp\/wp-content\/uploads\/2023\/06\/IMG-20230623-WA0023-1536x1023.jpg 1536w\" sizes=\"(max-width: 1600px) 100vw, 1600px\" \/><\/figure>\n\n\n\n<p><br>El edificio de la Aduana de Portobelo es un inmueble construido por los espa\u00f1oles en 1630, que tuvo una funci\u00f3n relevante durante las famosas ferias de Portobelo; fue objeto de algunas restauraciones en la d\u00e9cada del 1990, pero es en este proyecto que se remosa por completo, cuyo costo se estima en B\/.3.7 millones, financiados por el Banco Interamericano de Desarrollo (BID).<br>Cabe destacar que, el 90% de la mano de obra empleada en las obras de construcci\u00f3n, restauraci\u00f3n y museograf\u00eda, fue contratada entre la poblaci\u00f3n de Portobelo y la provincia de Col\u00f3n.<\/p>\n\n\n\n<figure class=\"wp-block-image size-full\"><img decoding=\"async\" loading=\"lazy\" width=\"1280\" height=\"853\" src=\"http:\/\/www.thevisitorpanama.info\/esp\/wp-content\/uploads\/2023\/06\/IMG-20230623-WA0020.jpg\" alt=\"\" class=\"wp-image-13495\" srcset=\"https:\/\/www.thevisitorpanama.info\/esp\/wp-content\/uploads\/2023\/06\/IMG-20230623-WA0020.jpg 1280w, https:\/\/www.thevisitorpanama.info\/esp\/wp-content\/uploads\/2023\/06\/IMG-20230623-WA0020-768x512.jpg 768w\" sizes=\"(max-width: 1280px) 100vw, 1280px\" \/><\/figure>\n\n\n\n<p><br>Adem\u00e1s de la restauraci\u00f3n \u00edntegra del edificio de la Real Aduana de Portobelo, en la parte inferior funcionar\u00e1n tres salas. Una de ellas contar\u00e1 la historia de los afrodescendientes en Portobelo, mientras que en la otra habr\u00e1 una muestra del patrimonio inmaterial de la provincia de Col\u00f3n, en especial Portobelo. Muestra las expresiones rituales y festivas de los congos, que es patrimonio mundial de la Unesco.<br>Tambi\u00e9n habr\u00e1 una secci\u00f3n en la que se relatar\u00e1n aspectos vinculados a los rituales, creencias e historia de la llegada del Cristo Negro a Portobelo.<\/p>\n\n\n\n<figure class=\"wp-block-image size-full\"><img decoding=\"async\" loading=\"lazy\" width=\"1600\" height=\"1200\" src=\"http:\/\/www.thevisitorpanama.info\/esp\/wp-content\/uploads\/2023\/06\/IMG-20230623-WA0022.jpg\" alt=\"\" class=\"wp-image-13496\" srcset=\"https:\/\/www.thevisitorpanama.info\/esp\/wp-content\/uploads\/2023\/06\/IMG-20230623-WA0022.jpg 1600w, https:\/\/www.thevisitorpanama.info\/esp\/wp-content\/uploads\/2023\/06\/IMG-20230623-WA0022-768x576.jpg 768w, https:\/\/www.thevisitorpanama.info\/esp\/wp-content\/uploads\/2023\/06\/IMG-20230623-WA0022-1536x1152.jpg 1536w, https:\/\/www.thevisitorpanama.info\/esp\/wp-content\/uploads\/2023\/06\/IMG-20230623-WA0022-80x60.jpg 80w, https:\/\/www.thevisitorpanama.info\/esp\/wp-content\/uploads\/2023\/06\/IMG-20230623-WA0022-100x75.jpg 100w, https:\/\/www.thevisitorpanama.info\/esp\/wp-content\/uploads\/2023\/06\/IMG-20230623-WA0022-180x135.jpg 180w, https:\/\/www.thevisitorpanama.info\/esp\/wp-content\/uploads\/2023\/06\/IMG-20230623-WA0022-238x178.jpg 238w\" sizes=\"(max-width: 1600px) 100vw, 1600px\" \/><\/figure>\n\n\n\n<p>Igualmente, durante el evento se dio la orden de proceder a la rehabilitaci\u00f3n de 135 calles en siete corregimientos en el distrito de Col\u00f3n: Escobal, Crist\u00f3bal, Crist\u00f3bal Este, Cativ\u00e1, Sabanitas, Buena Vista y Santa Rosa. Proyecto que beneficiar\u00e1 a m\u00e1s de 150 mil personas.<br>La obra incluye el dise\u00f1o y construcci\u00f3n de dos puentes vehiculares de dos carriles con acera peatonal (puente Nuevo M\u00e9xico y puente calle Polvor\u00edn); as\u00ed como la rehabilitaci\u00f3n de siete puentes vehiculares sobre la v\u00eda Irving Saladino (sobre la autopista), quebrada Verbena N\u00b01 y N\u00b02, r\u00edo Coco Solo N\u00b01 y N\u00b02, r\u00edo Escondido N\u00b01 y N\u00b02.<br>Durante las actividades, acompa\u00f1aron al mandatario, los ministros Giselle Gonz\u00e1lez (Cultura) y Rafael Sabonge (MOP); Irasema de Dale, gobernadora de Col\u00f3n; Alexander Leicht, director regional de Unesco; Nilda Quijano, fundadora y directora ejecutiva del Patronato de Portobelo y Fuerte San Lorenzo, entre otros invitados.<\/p>\n","protected":false},"excerpt":{"rendered":"<p>Autoridades Gubernamentales inauguraron las obras de restauraci\u00f3n del edificio de la Real Aduana de Portobelo y el Museo de la Memoria Afropaname\u00f1a, proyectos que impulsan y agregan nuevos atractivos tur\u00edsticos para la reactivaci\u00f3n econ\u00f3mica de la Costa Abajo de Col\u00f3n. El edificio de la Aduana de Portobelo es un inmueble construido por los espa\u00f1oles en [&hellip;]<\/p>\n","protected":false},"author":1,"featured_media":13493,"comment_status":"open","ping_status":"open","sticky":false,"template":"","format":"standard","meta":[],"categories":[44],"tags":[],"_links":{"self":[{"href":"https:\/\/www.thevisitorpanama.info\/esp\/wp-json\/wp\/v2\/posts\/13492"}],"collection":[{"href":"https:\/\/www.thevisitorpanama.info\/esp\/wp-json\/wp\/v2\/posts"}],"about":[{"href":"https:\/\/www.thevisitorpanama.info\/esp\/wp-json\/wp\/v2\/types\/post"}],"author":[{"embeddable":true,"href":"https:\/\/www.thevisitorpanama.info\/esp\/wp-json\/wp\/v2\/users\/1"}],"replies":[{"embeddable":true,"href":"https:\/\/www.thevisitorpanama.info\/esp\/wp-json\/wp\/v2\/comments?post=13492"}],"version-history":[{"count":1,"href":"https:\/\/www.thevisitorpanama.info\/esp\/wp-json\/wp\/v2\/posts\/13492\/revisions"}],"predecessor-version":[{"id":13497,"href":"https:\/\/www.thevisitorpanama.info\/esp\/wp-json\/wp\/v2\/posts\/13492\/revisions\/13497"}],"wp:featuredmedia":[{"embeddable":true,"href":"https:\/\/www.thevisitorpanama.info\/esp\/wp-json\/wp\/v2\/media\/13493"}],"wp:attachment":[{"href":"https:\/\/www.thevisitorpanama.info\/esp\/wp-json\/wp\/v2\/media?parent=13492"}],"wp:term":[{"taxonomy":"category","embeddable":true,"href":"https:\/\/www.thevisitorpanama.info\/esp\/wp-json\/wp\/v2\/categories?post=13492"},{"taxonomy":"post_tag","embeddable":true,"href":"https:\/\/www.thevisitorpanama.info\/esp\/wp-json\/wp\/v2\/tags?post=13492"}],"curies":[{"name":"wp","href":"https:\/\/api.w.org\/{rel}","templated":true}]}}