{"id":13413,"date":"2023-03-24T22:12:00","date_gmt":"2023-03-25T03:12:00","guid":{"rendered":"http:\/\/www.thevisitorpanama.info\/esp\/?p=13413"},"modified":"2023-05-30T22:14:50","modified_gmt":"2023-05-31T03:14:50","slug":"las-tablas-destino-que-conecta-con-la-identidad-autentica-de-los-panamenos-y-sus-tradiciones","status":"publish","type":"post","link":"https:\/\/www.thevisitorpanama.info\/esp\/2023\/03\/24\/las-tablas-destino-que-conecta-con-la-identidad-autentica-de-los-panamenos-y-sus-tradiciones\/","title":{"rendered":"Las Tablas, Destino que Conecta con la Identidad Aut\u00e9ntica de los Paname\u00f1os y sus Tradiciones"},"content":{"rendered":"\n<p>Durante este mes de marzo el equipo de&nbsp;<strong>The Visitor\/ El Visitante<\/strong>&nbsp;realiz\u00f3 una gira por el Distrito de Las Tablas, destino inolvidable que nos permiti\u00f3 vivir experiencias \u00fanicas vinculadas a la gastronom\u00eda y su arraigada cultura campesina.<\/p>\n\n\n\n<p>Esta regi\u00f3n cuenta con m\u00e1s artesan\u00edas y artesanos que cualquier otra en nuestro pa\u00eds. Es tanta la riqueza cultural de su gente que dividiremos estas experiencias en dos ediciones (Marzo y abril).<\/p>\n\n\n\n<p>Esta nueva edici\u00f3n para marzo abre sus puertas en grande al tener de Invitado Especial, el acordeonistas y m\u00fasico t\u00edpico paname\u00f1o con m\u00e1s de 40 a\u00f1os de carrera art\u00edstica nacional e internacional: Osvaldo Ayala. El \u201cEscorpi\u00f3n de Paritilla\u00bb, como es conocido en Panam\u00e1 y en el extranjero nos habla de lo que diferencia a Las Tablas del resto del pa\u00eds, as\u00ed como del turismo en esa regi\u00f3n y como las personas en el extranjero ven a Panam\u00e1 y su gente.<\/p>\n\n\n\n<p>Si de tradiciones hablamos, Santo Domingo de Las Tablas es la selecci\u00f3n para nuestro destino especial. Sede de los artesanos que confeccionan La Pollera el Vestido Nacional de Panam\u00e1. Este pueblo nos abri\u00f3 las puertas para conversar de primera mano con orfebres y dise\u00f1adores que junto a otros artistas hacen de la Pollera el traje t\u00edpico m\u00e1s hermoso del mundo.<\/p>\n\n\n\n<p>En Las Tablas, cada esquina cuenta una historia relacionada a su gente y tradiciones. Un Pueblo fascinante donde todav\u00eda se puede apreciar el estilo arquitect\u00f3nico colonial espa\u00f1ol en sus casas y edificios. Una ambientaci\u00f3n que permite viajar en el tiempo, siempre acompa\u00f1ada de las sonrisas y cari\u00f1o genuino de su gente.<\/p>\n\n\n\n<p>El Distrito de Las Tablas a parte de su historia y tradiciones, tambi\u00e9n ofrece experiencias agro tur\u00edsticas y por esa raz\u00f3n realizamos paradas en Finca Pamel y Capri Dovi, dos fincas que potencian y mezclan la experiencia agro tur\u00edstica con la historia. Ambas enriquecen el segmento Nuestra Tierra con experiencias culturales e hist\u00f3ricas que transportan a culturas ancestrales y misteriosas.<\/p>\n\n\n\n<p>La gastronom\u00eda Sante\u00f1a se ve plasmada en el segmento Sabores, con su riqueza y tradici\u00f3n. Joel Dom\u00ednguez, es nuestro chef invitado en esta deliciosa secci\u00f3n, un creyente del emprendimiento tur\u00edstico y gastron\u00f3mico en esta regi\u00f3n, con su Hotel y Restaurante Para\u00edso de Mar. Este destacado chef nos habla de la importancia de la gastronom\u00eda de anta\u00f1o y lo que vienen trayendo las nuevas generaciones de Chefs.<\/p>\n\n\n\n<p>Esta regi\u00f3n siempre se ha destacado por su emprendurismo e innovaci\u00f3n, y esta edici\u00f3n promueve a los emprendedores que son fieles a sus ra\u00edces como: Las Tablas Brewing Co , Tu Fonda Gourmet, Hotel Presidente, Donde Mario\u00a8s, Las Tablas Panama Tours, Hostal La Casita de Los Kimmell y Villalaz Joyeros.<\/p>\n\n\n\n<p>Su car\u00e1cter, determinaci\u00f3n, y su amor por la tierra en la cual viven se proyectan en nuestro Reportaje Especial y Nota Especial. &nbsp;El primero proyecta la importancia de fomentar y fortalecer la competitividad de las empresas tur\u00edsticas en la Regi\u00f3n Central para enfrentar los nuevos desaf\u00edos. Y el segundo promueve el trabajo gremial en pro del turismo y el relevo generacional, tema que la Lic. Kevin Moreno desarrolla para encontrar un balance que genere real valor al turismo y la sociedad.<\/p>\n\n\n\n<p>Esta edici\u00f3n es una muestra de lo orgulloso que es ser Table\u00f1o por su cultura, tradiciones y modo de vida. Viven con fervor sus festividades, defienden con orgullo sus ra\u00edces, y celebran con arraigo las tradiciones que heredaron de sus antepasados.<\/p>\n\n\n\n<p>Mariangela Arauz Anselmi<\/p>\n\n\n\n<p>Directora General<\/p>\n\n\n\n<p>The Visitor\/ El Visitante<\/p>\n\n\n\n<p><a href=\"http:\/\/www.thevisitorpanama.net\/\">www.thevisitorpanama.net<\/a><\/p>\n\n\n\n<p>@thevisitorpanama<\/p>\n\n\n\n<p>info@thevisitorpanama.net<\/p>\n","protected":false},"excerpt":{"rendered":"<p>Durante este mes de marzo el equipo de&nbsp;The Visitor\/ El Visitante&nbsp;realiz\u00f3 una gira por el Distrito de Las Tablas, destino inolvidable que nos permiti\u00f3 vivir experiencias \u00fanicas vinculadas a la gastronom\u00eda y su arraigada cultura campesina. Esta regi\u00f3n cuenta con m\u00e1s artesan\u00edas y artesanos que cualquier otra en nuestro pa\u00eds. Es tanta la riqueza cultural [&hellip;]<\/p>\n","protected":false},"author":1,"featured_media":13414,"comment_status":"open","ping_status":"open","sticky":false,"template":"","format":"standard","meta":[],"categories":[43],"tags":[],"_links":{"self":[{"href":"https:\/\/www.thevisitorpanama.info\/esp\/wp-json\/wp\/v2\/posts\/13413"}],"collection":[{"href":"https:\/\/www.thevisitorpanama.info\/esp\/wp-json\/wp\/v2\/posts"}],"about":[{"href":"https:\/\/www.thevisitorpanama.info\/esp\/wp-json\/wp\/v2\/types\/post"}],"author":[{"embeddable":true,"href":"https:\/\/www.thevisitorpanama.info\/esp\/wp-json\/wp\/v2\/users\/1"}],"replies":[{"embeddable":true,"href":"https:\/\/www.thevisitorpanama.info\/esp\/wp-json\/wp\/v2\/comments?post=13413"}],"version-history":[{"count":1,"href":"https:\/\/www.thevisitorpanama.info\/esp\/wp-json\/wp\/v2\/posts\/13413\/revisions"}],"predecessor-version":[{"id":13415,"href":"https:\/\/www.thevisitorpanama.info\/esp\/wp-json\/wp\/v2\/posts\/13413\/revisions\/13415"}],"wp:featuredmedia":[{"embeddable":true,"href":"https:\/\/www.thevisitorpanama.info\/esp\/wp-json\/wp\/v2\/media\/13414"}],"wp:attachment":[{"href":"https:\/\/www.thevisitorpanama.info\/esp\/wp-json\/wp\/v2\/media?parent=13413"}],"wp:term":[{"taxonomy":"category","embeddable":true,"href":"https:\/\/www.thevisitorpanama.info\/esp\/wp-json\/wp\/v2\/categories?post=13413"},{"taxonomy":"post_tag","embeddable":true,"href":"https:\/\/www.thevisitorpanama.info\/esp\/wp-json\/wp\/v2\/tags?post=13413"}],"curies":[{"name":"wp","href":"https:\/\/api.w.org\/{rel}","templated":true}]}}