{"id":13340,"date":"2023-02-15T16:54:00","date_gmt":"2023-02-15T21:54:00","guid":{"rendered":"http:\/\/www.thevisitorpanama.info\/esp\/?p=13340"},"modified":"2023-05-29T16:56:44","modified_gmt":"2023-05-29T21:56:44","slug":"miguel-batista-alcalde-de-pedasi-tenemos-que-invertir-mas-en-nuestro-sistema-educativo-para-que-sean-los-pedasienos-quienes-esten-a-cargo-del-desarrollo","status":"publish","type":"post","link":"https:\/\/www.thevisitorpanama.info\/esp\/2023\/02\/15\/miguel-batista-alcalde-de-pedasi-tenemos-que-invertir-mas-en-nuestro-sistema-educativo-para-que-sean-los-pedasienos-quienes-esten-a-cargo-del-desarrollo\/","title":{"rendered":"Miguel Batista, Alcalde de Pedas\u00ed: &#8220;Tenemos que invertir m\u00e1s en nuestro sistema educativo para que sean los Pedasie\u00f1os quienes est\u00e9n a cargo del desarrollo\u201d"},"content":{"rendered":"\n<p>Nuestro Reportaje especial para esta nueva edici\u00f3n es del alcalde de un distrito en Los Santos que ha venido creciendo como la espuma en turismo. Aunque ya va por su segundo mandato consecutivo sigue trabajando arduamente para que el pueblo siga creciendo y se convierta en el destino tur\u00edstico que su potencial merece alcanzar.<\/p>\n\n\n\n<figure class=\"wp-block-image\"><img decoding=\"async\" src=\"https:\/\/thevisitorpanama.net\/esp\/wp-content\/uploads\/2023\/02\/IMG-20230207-WA0010.jpg\" alt=\"\" class=\"wp-image-13053\"\/><figcaption class=\"wp-element-caption\">Miguel Batista, Alcalde de Pedas\u00ed<\/figcaption><\/figure>\n\n\n\n<p>Para Miguel Batista, desde que asumi\u00f3 el puesto en la alcald\u00eda, ha venido demostrando su amor por las tradiciones y estilo de vida que se ofrecen en este sector de la Pen\u00ednsula de Azuero. Igualmente, promueve una mentalidad comunitaria donde todos se conozcan, incluyendo a las personas que reci\u00e9n han llegado. Una mentalidad que ha ayudado al crecimiento y calidad de vida en este hermoso pueblo de Los Santos. En exclusiva el Alcalde Miguel Batista le habla a The Visitor- El Visitante acerca de Pedas\u00ed, su historia, lo que ofrecen actualmente y hacia donde van en el futuro como destino tur\u00edstico.<\/p>\n\n\n\n<p><strong>\u00bfC\u00f3mo era Pedas\u00ed de hace 20 a\u00f1os comparado al de hoy en d\u00eda?<\/strong><\/p>\n\n\n\n<p>\u201cHemos cambiado mucho estos \u00faltimos 20 a\u00f1os, el turismo ha llegado muy acelerado, pasamos de ser un peque\u00f1o pueblo de pescadores y ganaderos a un pueblo con muchos restaurantes, hoteles e incluso famosos. El turismo nos ha tra\u00eddo mucho trabajo, mucha construcci\u00f3n, ha realzado el valor de nuestras propiedades, sin embargo, nos preocupa mucho que este crecimiento y nuevos tiempos nos alejen de nuestra cultura, nuestro folclor, aparte que hemos tenido que proteger un poco nuestras casas por la construcci\u00f3n y mano de obra que muchas veces llega de lugares ajenos, antes era com\u00fan que la gente mantuviera sus puertas abiertas todo el d\u00eda y fuera de sus casas se manten\u00edan hamacas o mecedoras.\u201d<\/p>\n\n\n\n<figure class=\"wp-block-image\"><img decoding=\"async\" src=\"https:\/\/thevisitorpanama.net\/esp\/wp-content\/uploads\/2023\/02\/IMG-20230207-WA0057.jpg\" alt=\"\" class=\"wp-image-13052\"\/><figcaption class=\"wp-element-caption\">Miguel Batista, Alcalde de Pedas\u00ed<\/figcaption><\/figure>\n\n\n\n<p><strong>\u00bfQu\u00e9 le hace falta al Distrito para que pueda ofrecer toda la infraestructura que un destino como Pedas\u00ed merece?&nbsp;<\/strong><\/p>\n\n\n\n<p>\u201cTenemos que invertir m\u00e1s en nuestro sistema educativo para lograr que sean los Pedasie\u00f1os quienes est\u00e9n a cargo de todo este desarrollo, sean nuestros arquitectos, ingenieros, Chef, administradores entre otros. Muchos turistas vienen aqu\u00ed por nuestras olas, nuestra pesca, la Isla Iguana y la biodiversidad de la zona, los turistas hoy en d\u00eda no buscan tanto desarrollo, buscan aventuras y experiencias, sin embargo, el agua y la conectividad son fundamentales y en ambas tenemos deficiencias, tenemos 55 km de playa y hemos desarrollado menos del 15 %, de igual forma seguir trabajando en la seguridad de visitantes y residentes, en esta siempre hay que estar invirtiendo.\u201d<\/p>\n\n\n\n<p><strong>Las personas en Pedas\u00ed son trabajadoras, \u00bfQu\u00e9 herramientas requieren para que logren potenciar todas sus habilidades en beneficio del Distrito?<\/strong><\/p>\n\n\n\n<p>\u201cTenemos que so\u00f1ar m\u00e1s para convertirnos nosotros en nuestros propios jefes, tener nuestro propio negocio, nuestros emprendimientos, hay que brindar m\u00e1s capacitaciones hay muchos que viven del turismo, pero de espaldas a el porque a pesar de que muchas veces trabajen en el campo son actores secundarios. El turismo para mi y con lo que ofrece Pedas\u00ed mantiene un c\u00famulo de oportunidades, hay mucha construcci\u00f3n gracias a ello, no tenemos gu\u00edas o tour operadores del \u00e1rea, hay que ser insistentes en seguir capacitando y dar mayor capital semilla. Es necesario crear grupos comunitarios para trabajar de forma colectiva y apoyar tambi\u00e9n a esas madres solteras.\u201d<\/p>\n\n\n\n<figure class=\"wp-block-image\"><img decoding=\"async\" src=\"https:\/\/thevisitorpanama.net\/esp\/wp-content\/uploads\/2023\/02\/IMG-20230207-WA0016.jpg\" alt=\"\" class=\"wp-image-13054\"\/><figcaption class=\"wp-element-caption\">Miguel Batista, Alcalde de Pedas\u00ed<\/figcaption><\/figure>\n\n\n\n<p><strong>Pedas\u00ed forma parte del Programa de Desarrollo Urbano Integral de Ciudades con Vocaci\u00f3n Tur\u00edstica potenciado por un pr\u00e9stamo del BID, \u00bfQu\u00e9 proyectos se tiene pensado desarrollar con esta inversi\u00f3n?, \u00bfCu\u00e1nto se ha avanzado y qu\u00e9 objetivos se busca alcanzar una vez se realicen?<\/strong><\/p>\n\n\n\n<p>\u201cCon el BID y la ATP iniciamos periodo de consultas y reuniones para determinar necesidades en el 2017 aproximadamente, se lleg\u00f3 a la conclusi\u00f3n que era necesario recuperar el casco del pueblo adoquinar las calles alrededor de la plaza, mejorar la plaza y est\u00e1 a su vez conectar a trav\u00e9s de una ciclov\u00eda a Playa El Arenal y Playa El Toro, de la misma forma un nuevo centro de visitantes en donde est\u00e1 actualmente la ATP en Pedas\u00ed, esto se hace con el apoyo del Bio Museo en Panam\u00e1, de igual forma un proyecto en Playa El Arenal buscando mejor acceso a los turistas para tomar el bote con destino a Isla Iguana, el plan de ordenamiento territorial y por \u00faltimo la gesti\u00f3n de nuestros desechos s\u00f3lidos. Quisi\u00e9ramos que fuese m\u00e1s r\u00e1pido el proceso, sin embargo, est\u00e1n por licitaci\u00f3n de los dise\u00f1os y una vez entregados se realiza las licitaciones de obra, veremos resultados finales del 2023- 2024 y probablemente termine en el 2026.\u201d<\/p>\n\n\n\n<p><strong>\u00bfC\u00f3mo le gustar\u00eda ver a usted Pedas\u00ed de aqu\u00ed a 10 a\u00f1os?<\/strong><\/p>\n\n\n\n<p>\u201cEn 10 a\u00f1os espero que todos entendamos el impacto positivo que puede tener el turismo para todos nuestros habitantes, que este sector genera un sinn\u00famero de oportunidades incluso en diversos sectores, teniendo agua 24\/7, con un mejor sistema educativo adaptado a la zona, con una mejor conectividad, mejores v\u00edas e incluso nuevos accesos a diferentes playas. Espero que el pr\u00f3ximo Gobierno entienda que para hacer crecer un destino tur\u00edstico no solo es responsabilidad de la ATP, aqu\u00ed hay que involucrar a diferentes entidades del estado. Lo que si no espero que cambie es esa sensaci\u00f3n de pueblo acogedor que guarda sus costumbres y tradiciones\u201d.<\/p>\n","protected":false},"excerpt":{"rendered":"<p>Nuestro Reportaje especial para esta nueva edici\u00f3n es del alcalde de un distrito en Los Santos que ha venido creciendo como la espuma en turismo. Aunque ya va por su segundo mandato consecutivo sigue trabajando arduamente para que el pueblo siga creciendo y se convierta en el destino tur\u00edstico que su potencial merece alcanzar. Para [&hellip;]<\/p>\n","protected":false},"author":1,"featured_media":13341,"comment_status":"open","ping_status":"open","sticky":false,"template":"","format":"standard","meta":[],"categories":[33],"tags":[],"_links":{"self":[{"href":"https:\/\/www.thevisitorpanama.info\/esp\/wp-json\/wp\/v2\/posts\/13340"}],"collection":[{"href":"https:\/\/www.thevisitorpanama.info\/esp\/wp-json\/wp\/v2\/posts"}],"about":[{"href":"https:\/\/www.thevisitorpanama.info\/esp\/wp-json\/wp\/v2\/types\/post"}],"author":[{"embeddable":true,"href":"https:\/\/www.thevisitorpanama.info\/esp\/wp-json\/wp\/v2\/users\/1"}],"replies":[{"embeddable":true,"href":"https:\/\/www.thevisitorpanama.info\/esp\/wp-json\/wp\/v2\/comments?post=13340"}],"version-history":[{"count":1,"href":"https:\/\/www.thevisitorpanama.info\/esp\/wp-json\/wp\/v2\/posts\/13340\/revisions"}],"predecessor-version":[{"id":13342,"href":"https:\/\/www.thevisitorpanama.info\/esp\/wp-json\/wp\/v2\/posts\/13340\/revisions\/13342"}],"wp:featuredmedia":[{"embeddable":true,"href":"https:\/\/www.thevisitorpanama.info\/esp\/wp-json\/wp\/v2\/media\/13341"}],"wp:attachment":[{"href":"https:\/\/www.thevisitorpanama.info\/esp\/wp-json\/wp\/v2\/media?parent=13340"}],"wp:term":[{"taxonomy":"category","embeddable":true,"href":"https:\/\/www.thevisitorpanama.info\/esp\/wp-json\/wp\/v2\/categories?post=13340"},{"taxonomy":"post_tag","embeddable":true,"href":"https:\/\/www.thevisitorpanama.info\/esp\/wp-json\/wp\/v2\/tags?post=13340"}],"curies":[{"name":"wp","href":"https:\/\/api.w.org\/{rel}","templated":true}]}}