{"id":13298,"date":"2023-02-15T15:22:00","date_gmt":"2023-02-15T20:22:00","guid":{"rendered":"http:\/\/www.thevisitorpanama.info\/esp\/?p=13298"},"modified":"2023-05-29T15:29:50","modified_gmt":"2023-05-29T20:29:50","slug":"mireya-moscoso-desde-que-era-nina-pedasi-siempre-tuvo-un-magnetismo-para-que-los-extranjeros-se-sintieran-en-casa-y-los-pedasienos-orgullosos-de-sus-raices","status":"publish","type":"post","link":"https:\/\/www.thevisitorpanama.info\/esp\/2023\/02\/15\/mireya-moscoso-desde-que-era-nina-pedasi-siempre-tuvo-un-magnetismo-para-que-los-extranjeros-se-sintieran-en-casa-y-los-pedasienos-orgullosos-de-sus-raices\/","title":{"rendered":"Mireya Moscoso: \u201cDesde que era ni\u00f1a, Pedas\u00ed siempre tuvo un magnetismo para que los extranjeros se sintieran en casa y los Pedasie\u00f1os orgullosos de sus Ra\u00edces\u201d"},"content":{"rendered":"\n<p>Nuestra invitada especial para esta edici\u00f3n es una de las personalidades m\u00e1s importantes de la historia paname\u00f1a, nacida en el Distrito de Pedas\u00ed, y ex presidenta de la Rep\u00fablica en el periodo 1999- 2004 .<\/p>\n\n\n\n<p>Graduada en la Universidad de Miami Dade de Community College en Florida, Mireya Moscoso fue esposa del l\u00edder pol\u00edtico y tres veces Presidente de la Rep\u00fablica Arnulfo Arias Madrid, as\u00ed como protagonista de los proyectos que dotaron a Pedas\u00ed de la infraestructura que requer\u00eda para su desarrollo social y futuro posicionamiento como destino de importancia tur\u00edstica nacional. Visi\u00f3n que hoy en d\u00eda se puede observar en cada calle, esquina y persona que vive o visita este sector de la Provincia de Los Santos. La Ex Presidenta de la Rep\u00fablica le dedica una parte de su valioso tiempo, para hablar en exclusiva con The Visitor-El Visitante, acerca de su familia, los recuerdos de infancia en Pedas\u00ed, los proyectos que apoyo para el desarrollo de este hermoso pueblo y su visi\u00f3n hacia el futuro en materia tur\u00edstica.<\/p>\n\n\n\n<figure class=\"wp-block-image\"><img decoding=\"async\" src=\"https:\/\/thevisitorpanama.net\/esp\/wp-content\/uploads\/2023\/02\/Compress_20230215_114503_3944.jpg\" alt=\"\" class=\"wp-image-13066\"\/><\/figure>\n\n\n\n<p><strong>\u00bfC\u00f3mo describir\u00eda usted a Pedas\u00ed?<\/strong><\/p>\n\n\n\n<p>\u201cLo primero que pienso es en mi infancia cuando hablamos de Pedas\u00ed. Es un pueblo que se ha desarrollado gracias a la calidez de su gente y sus bellezas naturales y el trabajo duro de muchas generaciones de hombres y mujeres honestos. Desde que era ni\u00f1a, recuerdo que Pedas\u00ed siempre fue un lugar diverso, con la presencia no solo de los norteamericanos, sino que siempre fue un lugar especial que ten\u00eda un magnetismo que hacia a los extranjeros sentirse en casa y a los pedasie\u00f1os siempre sentirse orgullosos de pertenecer a este distrito de gente trabajadora: pescadores, agricultores, ganaderos y otras destacadas profesiones.<\/p>\n\n\n\n<p>&nbsp;Durante mi administraci\u00f3n lo que hice junto con mi equipo fue dotar a Pedas\u00ed de infraestructura y servicios para que eventualmente se convirtiera en lo que es hoy y se lograran explotar todas esas caracter\u00edsticas tan pintorescas y propias del pueblo en el que crec\u00ed.\u201d<\/p>\n\n\n\n<figure class=\"wp-block-image\"><img decoding=\"async\" src=\"https:\/\/thevisitorpanama.net\/esp\/wp-content\/uploads\/2023\/02\/IMG-20230215-WA0020-1.jpg\" alt=\"\" class=\"wp-image-13067\"\/><figcaption class=\"wp-element-caption\">Do\u00f1a Mireya y el Dr.Aenulfo Arias Madrid<\/figcaption><\/figure>\n\n\n\n<p><strong>Detalle dos recuerdos sumamente entra\u00f1ables durante su infancia en Pedas\u00ed y \u00bfpor qu\u00e9 lo son?<\/strong><\/p>\n\n\n\n<p><strong>\u201c<\/strong>Mi padre adem\u00e1s de ser educador y Director del Colegio del Distrito que hoy lleva su nombre, era ganadero y mis recuerdos m\u00e1s entra\u00f1ables son las vacaciones de verano. En ese tiempo no exist\u00edan los caminos que hoy tenemos para el \u00e1rea de los Destiladeros y Punta Mala, por lo que mis padres, mis 5 hermanos y yo nos \u00edbamos a la Finca llamada Mateo que todav\u00eda est\u00e1 en ese sector y que en ese tiempo se sent\u00eda muy distante del centro del pueblo, donde viv\u00edamos todos.<strong><\/strong><\/p>\n\n\n\n<p>Mi pap\u00e1 me despertaba a las 5 de la ma\u00f1ana cuidadosamente y me susurraba al o\u00eddo \u201cYeya, despierta, vamos a orde\u00f1ar\u201d y nos \u00edbamos a orde\u00f1ar a sus vacas en la madrugada.<\/p>\n\n\n\n<p>Perd\u00ed a mi pap\u00e1 a los 11 a\u00f1os, pero siempre tuvimos una conexi\u00f3n muy especial. Esa entra\u00f1able finca ahora me pertenece y siempre que paso por ah\u00ed, recuerdo esos momentos m\u00e1gicos con mi pap\u00e1, un hombre que amaba a su pueblo y a su familia.<\/p>\n\n\n\n<p>Tambi\u00e9n recordaba hace poco lo que hac\u00edamos cuando llegaba una avioneta a los potreros, un suceso poco com\u00fan para esa \u00e9poca, y como corr\u00edamos todos detr\u00e1s de ella para sentir el viento correr por nuestra piel, quiz\u00e1s con el anhelo de alg\u00fan d\u00eda poder tocar el cielo y expandir nuestros horizontes.<\/p>\n\n\n\n<p>Eran momentos lindos que a\u00fan comparto con amigas que son casi hermanas de mi infancia y nos re\u00edmos de la inocencia de aquella \u00e9poca. Tengo muchos recuerdos lindos de mi infancia en Pedas\u00ed, tambi\u00e9n con mi abuelo Enrique Moscoso, el doctor autodidacta del pueblo, quien me sentaba en sus piernas a leerme revistas en su portal cuando era chica.\u201d<\/p>\n\n\n\n<p><\/p>\n\n\n\n<figure class=\"wp-block-image\"><img decoding=\"async\" src=\"https:\/\/thevisitorpanama.net\/esp\/wp-content\/uploads\/2023\/02\/Compress_20230215_114503_3760.jpg\" alt=\"\" class=\"wp-image-13068\"\/><figcaption class=\"wp-element-caption\">Do\u00f1a Mireya en su actividad favorita en Pedas\u00ed<\/figcaption><\/figure>\n\n\n\n<p><br><br><strong>\u00bfC\u00f3mo compara el Pedas\u00ed de su ni\u00f1ez y el de hoy en d\u00eda?<\/strong><\/p>\n\n\n\n<p><strong>\u201c<\/strong>Creo que no hay comparaci\u00f3n. El Pedas\u00ed de mi infancia era reducido, no ten\u00edamos acceso f\u00e1cil a la ciudad y era dif\u00edcil movilizarse por mucho tiempo; pero era familiar, todos nos conoc\u00edamos y se viv\u00eda un ambiente de mucha confianza, alegr\u00eda y actividades sanas. El Pedas\u00ed de hoy se ha conectado al mundo, ha desarrollado una industria tur\u00edstica desde el a\u00f1o 99 y le falta mucho m\u00e1s por desarrollar.<\/p>\n\n\n\n<p>Aunque todav\u00eda muchas familias de siempre tenemos propiedades en el pueblo, pocos se conocen y hay muchas m\u00e1s personas habitando el distrito, desde Venao hasta Purio hay cosas nuevas. El cambio y el desarrollo son bienvenidos, pero esperamos mantenerlo un Distrito seguro, que atienda las necesidades de sus habitantes y que se hagan las adecuaciones necesarias para que crezca la regi\u00f3n y el turismo.\u201d<\/p>\n\n\n\n<figure class=\"wp-block-image\"><img decoding=\"async\" src=\"https:\/\/thevisitorpanama.net\/esp\/wp-content\/uploads\/2023\/02\/IMG-20230211-WA0023.jpg\" alt=\"\" class=\"wp-image-13070\"\/><figcaption class=\"wp-element-caption\">Do\u00f1a Mireya y el Rey de Espa\u00f1a<\/figcaption><\/figure>\n\n\n\n<p><br><strong>\u00bfQue la ha incentivado a usted y la familia Moscoso a apoyar en el desarrollo de Pedas\u00ed?<\/strong><\/p>\n\n\n\n<p>\u201cMi familia lleg\u00f3 a Pedas\u00ed hace m\u00e1s de 5 generaciones y desde el primer descendiente, ha hecho contribuciones significativas al distrito de Pedas\u00ed. Yo me crie en este pueblo y de aqu\u00ed es toda mi familia, nosotros sab\u00edamos el potencial que hab\u00eda para desarrollar este distrito, por eso cuando gan\u00e9 las elecciones, celebr\u00e9 junto con todo el Distrito porque sab\u00eda que lograr\u00edamos culminar grandes proyectos y as\u00ed lo hice, junto a mi equipo, sentamos las bases para el desarrollo tur\u00edstico y cultural que hoy disfrutan otras generaciones y del cual se beneficia el pa\u00eds.\u201d<\/p>\n\n\n\n<p><br><strong>\u00bfCu\u00e1l es su lugar favorito en Pedas\u00ed y por qu\u00e9?<br>\u201c<\/strong>Me encanta ir a pescar. El mar es mi escape y cuando puedo, me voy en un botecito peque\u00f1o junto con mis amigas a pescar parguitos para la cena. Esta actividad me llena de paz y felicidad. Disfruto mucho la pesca.<strong><\/strong><\/p>\n\n\n\n<figure class=\"wp-block-image\"><img decoding=\"async\" src=\"https:\/\/thevisitorpanama.net\/esp\/wp-content\/uploads\/2023\/02\/IMG-20230215-WA0017.jpg\" alt=\"\" class=\"wp-image-13071\"\/><\/figure>\n\n\n\n<p><br><strong>El turismo se ha venido desarrollando en Pedas\u00ed, \u00bfc\u00f3mo lo ve en la actualidad y qu\u00e9 proyectos usted siente hacen falta por hacer para posicionar a\u00fan m\u00e1s a este destino a nivel internacional?<\/strong><\/p>\n\n\n\n<p>\u201cFalta infraestructura y organizaci\u00f3n de las entidades del gobierno central con el Municipio para avanzar en proyectos que fortalezcan la actividad tur\u00edstica potenciando otras \u00e1reas del distrito y fortaleciendo el pueblo. Hace falta m\u00e1s voluntad de todos los sectores para convertirlo en una capital tur\u00edstica de la provincia y el pa\u00eds.\u201d<\/p>\n\n\n\n<p><br><strong>\u00bfCu\u00e1l es el plato favorito que le gusta disfrutar cuando va a Pedas\u00ed, y por qu\u00e9?<\/strong><\/p>\n\n\n\n<p>\u201cDisfruto mucho comer pescado fresco, nuestros pescadores se esfuerzan mucho bajo el sol a diario para conseguir el sustento y siempre les colaboro para apoyar su actividad y adem\u00e1s disfrutar de un buen pescado.\u201d<\/p>\n\n\n\n<figure class=\"wp-block-image\"><img decoding=\"async\" src=\"https:\/\/thevisitorpanama.net\/esp\/wp-content\/uploads\/2023\/02\/IMG-20230215-WA0016.jpg\" alt=\"\" class=\"wp-image-13072\"\/><\/figure>\n\n\n\n<p><br><strong>\u00bfC\u00f3mo usted ve a Pedas\u00ed en el futuro a nivel tur\u00edstico?<\/strong><\/p>\n\n\n\n<p>\u201cEspero verlo convertido en un lugar que ofrezca actividades para los paname\u00f1os y extranjeros y que se mantenga siempre como un distrito que se preocupa por el ambiente y el turismo sostenible. El futuro de Pedas\u00ed es brillante.\u201d<\/p>\n\n\n\n<p>Fotos cortes\u00eda: Do\u00f1a Mireya Moscoso.<\/p>\n","protected":false},"excerpt":{"rendered":"<p>Nuestra invitada especial para esta edici\u00f3n es una de las personalidades m\u00e1s importantes de la historia paname\u00f1a, nacida en el Distrito de Pedas\u00ed, y ex presidenta de la Rep\u00fablica en el periodo 1999- 2004 . Graduada en la Universidad de Miami Dade de Community College en Florida, Mireya Moscoso fue esposa del l\u00edder pol\u00edtico y [&hellip;]<\/p>\n","protected":false},"author":1,"featured_media":13299,"comment_status":"open","ping_status":"open","sticky":false,"template":"","format":"standard","meta":[],"categories":[1],"tags":[],"_links":{"self":[{"href":"https:\/\/www.thevisitorpanama.info\/esp\/wp-json\/wp\/v2\/posts\/13298"}],"collection":[{"href":"https:\/\/www.thevisitorpanama.info\/esp\/wp-json\/wp\/v2\/posts"}],"about":[{"href":"https:\/\/www.thevisitorpanama.info\/esp\/wp-json\/wp\/v2\/types\/post"}],"author":[{"embeddable":true,"href":"https:\/\/www.thevisitorpanama.info\/esp\/wp-json\/wp\/v2\/users\/1"}],"replies":[{"embeddable":true,"href":"https:\/\/www.thevisitorpanama.info\/esp\/wp-json\/wp\/v2\/comments?post=13298"}],"version-history":[{"count":1,"href":"https:\/\/www.thevisitorpanama.info\/esp\/wp-json\/wp\/v2\/posts\/13298\/revisions"}],"predecessor-version":[{"id":13300,"href":"https:\/\/www.thevisitorpanama.info\/esp\/wp-json\/wp\/v2\/posts\/13298\/revisions\/13300"}],"wp:featuredmedia":[{"embeddable":true,"href":"https:\/\/www.thevisitorpanama.info\/esp\/wp-json\/wp\/v2\/media\/13299"}],"wp:attachment":[{"href":"https:\/\/www.thevisitorpanama.info\/esp\/wp-json\/wp\/v2\/media?parent=13298"}],"wp:term":[{"taxonomy":"category","embeddable":true,"href":"https:\/\/www.thevisitorpanama.info\/esp\/wp-json\/wp\/v2\/categories?post=13298"},{"taxonomy":"post_tag","embeddable":true,"href":"https:\/\/www.thevisitorpanama.info\/esp\/wp-json\/wp\/v2\/tags?post=13298"}],"curies":[{"name":"wp","href":"https:\/\/api.w.org\/{rel}","templated":true}]}}