{"id":13190,"date":"2023-05-28T08:55:00","date_gmt":"2023-05-28T13:55:00","guid":{"rendered":"http:\/\/www.thevisitorpanama.info\/esp\/?p=13190"},"modified":"2023-05-28T13:12:44","modified_gmt":"2023-05-28T18:12:44","slug":"min-chen-me-siento-agradecida-por-haber-crecido-en-colon-y-ser-inspirada-a-sonar-en-grande-siempre","status":"publish","type":"post","link":"https:\/\/www.thevisitorpanama.info\/esp\/2023\/05\/28\/min-chen-me-siento-agradecida-por-haber-crecido-en-colon-y-ser-inspirada-a-sonar-en-grande-siempre\/","title":{"rendered":"Min Chen: &#8220;Me siento agradecida por haber crecido en Col\u00f3n y ser inspirada a so\u00f1ar en grande siempre\u201d"},"content":{"rendered":"\n<p>Esta edici\u00f3n enfocada en la Provincia de Col\u00f3n trae como invitada especial a la fundadora de Wisy, la primera \u201cstartup&#8221; paname\u00f1a en expandirse a Silicon Valley y ofrecer sus servicios a nivel mundial. &nbsp;La primera empresa del mundo en lograr un salto tecnol\u00f3gico al crear inteligencia artificial que trabaja en un dispositivo m\u00f3vil sin necesidad de una conexi\u00f3n a Internet. Un avance que le ha permitido a Wisy recibir el respaldo de&nbsp; Nasdaq, Google, SAP, Carnegie Mellon y Stanford University.<\/p>\n\n\n\n<figure class=\"wp-block-image size-full is-resized\"><img decoding=\"async\" loading=\"lazy\" src=\"http:\/\/www.thevisitorpanama.info\/esp\/wp-content\/uploads\/2023\/05\/Hermanos5.jpg\" alt=\"\" class=\"wp-image-13199\" width=\"532\" height=\"375\"\/><figcaption class=\"wp-element-caption\">Min Chen durante su infancia en Col\u00f3n<\/figcaption><\/figure>\n\n\n\n<p>Su creatividad e innovaci\u00f3n la llev\u00f3 a estudiar ingenier\u00eda en software en la Universidad de Carnegie Mellon en la Ciudad de Pittsburgh, ha recibir el premio U.S. Market Entry de VIAGlobal en Suiza y a la portada de la revista Forbes Centroam\u00e9rica en el 2022. Logros que la han convertido en la profesional de relevancia global que es hoy en d\u00eda.<\/p>\n\n\n\n<figure class=\"wp-block-image size-full is-resized\"><img decoding=\"async\" loading=\"lazy\" src=\"http:\/\/www.thevisitorpanama.info\/esp\/wp-content\/uploads\/2023\/05\/Compress_20230527_153242_2082.jpg\" alt=\"\" class=\"wp-image-13195\" width=\"467\" height=\"578\"\/><figcaption class=\"wp-element-caption\">Min Chen en la portada de Forbes Magazine Centroam\u00e9rica <\/figcaption><\/figure>\n\n\n\n<p>Min Chen, es nuestra invitada especial, una colonense que inspira con sus logros, y quien le dedica en exclusiva un espacio a The Visitor \u2013 El Visitante para hablar de su vida en Col\u00f3n, lo que hace falta para lograr que est\u00e1 regi\u00f3n del pa\u00eds alcance el sitial que se merece y lo importante que es para ella ser de esta hermosa provincia.<\/p>\n\n\n\n<p><strong>Usted naci\u00f3 en China, sin embargo, sus padres buscando mejores oportunidades y vinieron a Col\u00f3n cuando ten\u00eda 4 a\u00f1os. \u00bfC\u00f3mo fue para usted la experiencia de crecer en Col\u00f3n, y qu\u00e9 tan importante fue en su desarrollo personal tanto en la ni\u00f1ez como en la adolescencia?&nbsp;<\/strong><\/p>\n\n\n\n<p>\u201cTuve una buena infancia creciendo en Col\u00f3n&nbsp;y el buen dise\u00f1o de la ciudad facilit\u00f3 mi independencia. Desde la primaria me mov\u00eda sola por la ciudad porque era f\u00e1cil de navegar. Tambi\u00e9n tuve la fortuna de crecer en un lugar realmente diverso e inclusivo, lo cual aprecio m\u00e1s a medida que conozco m\u00e1s del mundo. Yo crec\u00ed&nbsp;con amigos y compa\u00f1eros de razas, religiones y culturas diferentes. Para nosotros la diversidad era normal pero ahora me doy cuenta que tambi\u00e9n&nbsp;fue muy enriquecedora. En Col\u00f3n tambi\u00e9n&nbsp;aprend\u00ed a so\u00f1ar en grande, a no limitarse por el contexto porque conoc\u00ed a muchas personas que a pesar de la adversidad, han logrado grandes cosas a nivel mundial.\u201d<\/p>\n\n\n\n<figure class=\"wp-block-image size-full is-resized\"><img decoding=\"async\" loading=\"lazy\" src=\"http:\/\/www.thevisitorpanama.info\/esp\/wp-content\/uploads\/2023\/05\/Min-Cuadro-de-Honor.jpg\" alt=\"\" class=\"wp-image-13196\" width=\"522\" height=\"362\" srcset=\"https:\/\/www.thevisitorpanama.info\/esp\/wp-content\/uploads\/2023\/05\/Min-Cuadro-de-Honor.jpg 2049w, https:\/\/www.thevisitorpanama.info\/esp\/wp-content\/uploads\/2023\/05\/Min-Cuadro-de-Honor-768x533.jpg 768w, https:\/\/www.thevisitorpanama.info\/esp\/wp-content\/uploads\/2023\/05\/Min-Cuadro-de-Honor-1536x1066.jpg 1536w\" sizes=\"(max-width: 522px) 100vw, 522px\" \/><figcaption class=\"wp-element-caption\">Min Chen cursando estudios en Col\u00f3n<\/figcaption><\/figure>\n\n\n\n<p><strong>&nbsp;\u00bfCu\u00e1les son los lugares que m\u00e1s usted recuerda de Col\u00f3n cuando vivi\u00f3 ah\u00ed, y qu\u00e9 lugares le gusta visitar en la actualidad?<\/strong><\/p>\n\n\n\n<p>\u201cPasaba mucho tiempo en Calle 10 porque de un lado estaba mi colegio y en el otro lado estaba la electr\u00f3nica de mis padres en donde iba a ayudar despu\u00e9s de clases. Cuando ten\u00eda tiempo libre, visitaba con mis amigas la&nbsp;avenida del Frente o calle 1ra&nbsp; para estar junto al mar. Tambi\u00e9n jugaba mucho en la barriada que crec\u00ed en Puerto Pil\u00f3n. Con mis vecinas exploramos la barriada, trepamos&nbsp;\u00e1rboles y montamos bicicleta. Son memorias que me traen nostalgia y alegr\u00eda a la vez.&nbsp;\u201c<\/p>\n\n\n\n<p><strong>&nbsp;\u00bfQu\u00e9 se puede introducir en Col\u00f3n para&nbsp; empezar a desarrollar un programa que ponga al alcance de las personas una educaci\u00f3n m\u00e1s enfocada en la tecnolog\u00eda?<\/strong><\/p>\n\n\n\n<p>\u201cSe debe ense\u00f1ar a emprender, no solo&nbsp;emprendimientos tecnol\u00f3gicos, sino emprendimiento en general de manera que las personas puedan aprovechar las oportunidades que se les presentan.\u201d<\/p>\n\n\n\n<figure class=\"wp-block-image size-full is-resized\"><img decoding=\"async\" loading=\"lazy\" src=\"http:\/\/www.thevisitorpanama.info\/esp\/wp-content\/uploads\/2023\/05\/Nacimiento-Ricardo.jpg\" alt=\"\" class=\"wp-image-13197\" width=\"521\" height=\"504\" srcset=\"https:\/\/www.thevisitorpanama.info\/esp\/wp-content\/uploads\/2023\/05\/Nacimiento-Ricardo.jpg 1360w, https:\/\/www.thevisitorpanama.info\/esp\/wp-content\/uploads\/2023\/05\/Nacimiento-Ricardo-768x743.jpg 768w\" sizes=\"(max-width: 521px) 100vw, 521px\" \/><\/figure>\n\n\n\n<p><strong>C\u00f3mo la provincia puede avanzar hacia adelante por medio de la sociedad civil sin depender tanto del Estado, ya que este \u00faltimo no termina de capitalizar inter\u00e9s en el desarrollo de la provincia.&nbsp;<\/strong><\/p>\n\n\n\n<p>\u201cLa sociedad civil y la empresa privada de Col\u00f3n deben organizarse para crear oportunidades de educaci\u00f3n y emprendimiento para los colonenses. Si la poblaci\u00f3n prospera, Col\u00f3n prospera. Hay mucha gente buena y trabajadora en Col\u00f3n, esos ejemplos deben divulgarse m\u00e1s para inspirar a otras personas.\u201d&nbsp;<\/p>\n\n\n\n<p><strong>\u00bfQu\u00e9 significa ser Colonense para usted?<\/strong><\/p>\n\n\n\n<p>\u201cPara m\u00ed ser colonense es ser resiliente, alegre, agradecida e ingeniosa. Amigos, desconocidos y el pueblo de Col\u00f3n nos recibieron a m\u00ed y a mi familia con los brazos abiertos. Nos ayudaron en los momentos m\u00e1s dif\u00edciles como cuando reci\u00e9n inmigramos de China a Panam\u00e1 en donde una familia nos recibi\u00f3 en su casa por meses hasta que pudimos alquilar un apartamento, o como cuando la electr\u00f3nica de mis padres fue saqueada durante la invasi\u00f3n y los clientes nos llevaron equipos para reparar a\u00fan cuando la tienda estaba en ruinas y nos pagaban por adelantado para ayudarnos como negocio y familia, y nuestros vecinos nos compartieron comida cuando hab\u00eda escasez por los saqueos y no hab\u00eda acceso a la ciudad. El colonense es alegre y solidario, y se las ingenia para salir adelante a pesar de las adversidades. Me siento agradecida por haber crecido en Col\u00f3n y haber sido inspirada a so\u00f1ar en grande desde siempre.\u201d<\/p>\n\n\n\n<figure class=\"wp-block-image size-full\"><img decoding=\"async\" loading=\"lazy\" width=\"2405\" height=\"1388\" src=\"http:\/\/www.thevisitorpanama.info\/esp\/wp-content\/uploads\/2023\/05\/Compress_20230525_125946_6019.jpg\" alt=\"\" class=\"wp-image-13198\" srcset=\"https:\/\/www.thevisitorpanama.info\/esp\/wp-content\/uploads\/2023\/05\/Compress_20230525_125946_6019.jpg 2405w, https:\/\/www.thevisitorpanama.info\/esp\/wp-content\/uploads\/2023\/05\/Compress_20230525_125946_6019-768x443.jpg 768w, https:\/\/www.thevisitorpanama.info\/esp\/wp-content\/uploads\/2023\/05\/Compress_20230525_125946_6019-1536x886.jpg 1536w, https:\/\/www.thevisitorpanama.info\/esp\/wp-content\/uploads\/2023\/05\/Compress_20230525_125946_6019-2048x1182.jpg 2048w\" sizes=\"(max-width: 2405px) 100vw, 2405px\" \/><figcaption class=\"wp-element-caption\">Min Chen con el equipo de Wisy <\/figcaption><\/figure>\n","protected":false},"excerpt":{"rendered":"<p>Esta edici\u00f3n enfocada en la Provincia de Col\u00f3n trae como invitada especial a la fundadora de Wisy, la primera \u201cstartup&#8221; paname\u00f1a en expandirse a Silicon Valley y ofrecer sus servicios a nivel mundial. &nbsp;La primera empresa del mundo en lograr un salto tecnol\u00f3gico al crear inteligencia artificial que trabaja en un dispositivo m\u00f3vil sin necesidad [&hellip;]<\/p>\n","protected":false},"author":1,"featured_media":13192,"comment_status":"open","ping_status":"open","sticky":false,"template":"","format":"standard","meta":[],"categories":[1],"tags":[],"_links":{"self":[{"href":"https:\/\/www.thevisitorpanama.info\/esp\/wp-json\/wp\/v2\/posts\/13190"}],"collection":[{"href":"https:\/\/www.thevisitorpanama.info\/esp\/wp-json\/wp\/v2\/posts"}],"about":[{"href":"https:\/\/www.thevisitorpanama.info\/esp\/wp-json\/wp\/v2\/types\/post"}],"author":[{"embeddable":true,"href":"https:\/\/www.thevisitorpanama.info\/esp\/wp-json\/wp\/v2\/users\/1"}],"replies":[{"embeddable":true,"href":"https:\/\/www.thevisitorpanama.info\/esp\/wp-json\/wp\/v2\/comments?post=13190"}],"version-history":[{"count":5,"href":"https:\/\/www.thevisitorpanama.info\/esp\/wp-json\/wp\/v2\/posts\/13190\/revisions"}],"predecessor-version":[{"id":13284,"href":"https:\/\/www.thevisitorpanama.info\/esp\/wp-json\/wp\/v2\/posts\/13190\/revisions\/13284"}],"wp:featuredmedia":[{"embeddable":true,"href":"https:\/\/www.thevisitorpanama.info\/esp\/wp-json\/wp\/v2\/media\/13192"}],"wp:attachment":[{"href":"https:\/\/www.thevisitorpanama.info\/esp\/wp-json\/wp\/v2\/media?parent=13190"}],"wp:term":[{"taxonomy":"category","embeddable":true,"href":"https:\/\/www.thevisitorpanama.info\/esp\/wp-json\/wp\/v2\/categories?post=13190"},{"taxonomy":"post_tag","embeddable":true,"href":"https:\/\/www.thevisitorpanama.info\/esp\/wp-json\/wp\/v2\/tags?post=13190"}],"curies":[{"name":"wp","href":"https:\/\/api.w.org\/{rel}","templated":true}]}}