{"id":13109,"date":"2023-05-18T21:36:52","date_gmt":"2023-05-19T02:36:52","guid":{"rendered":"http:\/\/www.thevisitorpanama.info\/esp\/?p=13109"},"modified":"2023-05-18T21:37:39","modified_gmt":"2023-05-19T02:37:39","slug":"camara-de-comercio-industrias-y-agricultura-de-panama-presenta-ferias-de-2024-durante-cafe-diplomatico","status":"publish","type":"post","link":"https:\/\/www.thevisitorpanama.info\/esp\/2023\/05\/18\/camara-de-comercio-industrias-y-agricultura-de-panama-presenta-ferias-de-2024-durante-cafe-diplomatico\/","title":{"rendered":"C\u00e1mara de Comercio, Industrias y Agricultura de Panam\u00e1 Presenta Ferias de 2024 Durante  Caf\u00e9 Diplom\u00e1tico"},"content":{"rendered":"\n<p>EXPOCOMER, EXPO LOG\u00cdSTICA PANAM\u00c1 y EXPO TURISMO Internacional se llevar\u00e1n a cabo del 5 al 7 de marzo de 2024.<\/p>\n\n\n\n<p>(Panam\u00e1, 18 de mayo de 2023). En el marco de la celebraci\u00f3n de su 108 de fundaci\u00f3n, la C\u00e1mara de Comercio, Industrias y Agricultura de Panam\u00e1 (CCIAP), ofreci\u00f3 un caf\u00e9 en honor a los representantes del Cuerpo Diplom\u00e1tico Acreditado en Panam\u00e1, en agradecimiento por el apoyo que durante m\u00e1s de un siglo le han brindado al pa\u00eds en la promoci\u00f3n de los eventos internacionales, as\u00ed como en las actividades que desarrolla este gremio empresarial en busca de oportunidades de negocios de esta regi\u00f3n con otras naciones. Y a la vez, present\u00f3 sus tres exposiciones que estar\u00e1 desarrollando en marzo del 2024, EXPOCOMER, EXPO LOG\u00cdSTICA PANAM\u00c1 y EXPO TURISMO Internacional, con miras a incentivar y estimular diversos sectores econ\u00f3micos y empresariales del pa\u00eds.<\/p>\n\n\n\n<figure class=\"wp-block-image size-full\"><img decoding=\"async\" loading=\"lazy\" width=\"1280\" height=\"853\" src=\"http:\/\/www.thevisitorpanama.info\/esp\/wp-content\/uploads\/2023\/05\/IMG-20230518-WA0081.jpg\" alt=\"\" class=\"wp-image-13111\" srcset=\"https:\/\/www.thevisitorpanama.info\/esp\/wp-content\/uploads\/2023\/05\/IMG-20230518-WA0081.jpg 1280w, https:\/\/www.thevisitorpanama.info\/esp\/wp-content\/uploads\/2023\/05\/IMG-20230518-WA0081-768x512.jpg 768w\" sizes=\"(max-width: 1280px) 100vw, 1280px\" \/><\/figure>\n\n\n\n<p>En este caf\u00e9 diplom\u00e1tico participaron Adolfo F\u00e1brega, presidente de la CCIAP; Jose Ram\u00f3n Icaza, presidente de Exposiciones y Eventos 2024; as\u00ed como los presidentes de la Comisi\u00f3n Organizadora de las exposiciones EXPO LOG\u00cdSTICA Panam\u00e1 y EXPO TURISMO INTERNACIONAL Manuel Jos\u00e9 Paredes y Gabriel Barletta, respetivamente. De igual forma, asistieron autoridades del Gobierno Nacional como, Juan Carlos Sosa, viceministro de Comercio Exterior; Carmen Gisela Vergara, administradora de la Autoridad para la Atracci\u00f3n de la Inversi\u00f3n y Promoci\u00f3n de Exportaciones (PROPANAMA); y el doctor Eduardo Ortega-Barr\u00eda, secretario nacional de Ciencia, Tecnolog\u00eda e Innovaci\u00f3n, as\u00ed como embajadores y representantes del cuerpo diplom\u00e1tico acreditado en el pa\u00eds y miembros del Comit\u00e9 Ejecutivo de la CCIAP.<\/p>\n\n\n\n<figure class=\"wp-block-image size-full\"><img decoding=\"async\" loading=\"lazy\" width=\"1280\" height=\"853\" src=\"http:\/\/www.thevisitorpanama.info\/esp\/wp-content\/uploads\/2023\/05\/IMG-20230518-WA0086.jpg\" alt=\"\" class=\"wp-image-13112\" srcset=\"https:\/\/www.thevisitorpanama.info\/esp\/wp-content\/uploads\/2023\/05\/IMG-20230518-WA0086.jpg 1280w, https:\/\/www.thevisitorpanama.info\/esp\/wp-content\/uploads\/2023\/05\/IMG-20230518-WA0086-768x512.jpg 768w\" sizes=\"(max-width: 1280px) 100vw, 1280px\" \/><\/figure>\n\n\n\n<p>\u201cEste encuentro diplom\u00e1tico lo realizamos con el fin de mantener los lazos de amistad con los diferentes pa\u00edses que mantienen presencia en nuestro pa\u00eds. Se\u00f1ores embajadores y representantes del cuerpo diplom\u00e1tico, gracias por compartir esta ma\u00f1ana con nosotros. Ustedes forman parte de nuestro \u00e9xito, pues su colaboraci\u00f3n en todos los temas econ\u00f3micos, sociales y culturales son un factor importante para que sigamos trabajando por el desarrollo y bienestar de Panam\u00e1\u201d, expres\u00f3 Adolfo F\u00e1brega, presidente de la CCIAP.<\/p>\n\n\n\n<p>De igual forma, enunci\u00f3 \u201cen marzo pasado tuvimos un \u00e9xito rotundo cuando nuestras tres principales exposiciones internacionales lograron alcanzar 134.2 millones de d\u00f3lares en transacciones de negocios y, lo m\u00e1s importante, 48.2 millones de d\u00f3lares como derrama econ\u00f3mica al pa\u00eds\u201d.<\/p>\n\n\n\n<p><br>\u201cAmigos, nada de ese logro fuera posible sino cont\u00e1ramos con el apoyo incondicional de sus oficinas diplom\u00e1ticas y comerciales aqu\u00ed en Panam\u00e1; al igual que, quienes nos representan en diferentes partes del mundo y que hoy se encuentran de manera virtual. Ustedes son clave, no s\u00f3lo en la promoci\u00f3n que damos a los mismos; sino que, se han convertido en el eco de las oportunidades que presenta nuestro pa\u00eds para los negocios en sus naciones. Desde el fondo de nuestro coraz\u00f3n una infinita gratitud\u201d, destac\u00f3 F\u00e1brega.<\/p>\n\n\n\n<p><br>El presidente de la CCIAP record\u00f3 a los presentes que Panam\u00e1 es un pa\u00eds pujante que ha logrado destacar en el concierto de naciones por su vocaci\u00f3n de servicio. Es bajo esta premisa que, una vez m\u00e1s, \u201cnos presentamos ante ustedes, ya no solo con el \u00e1nimo de salir adelante, sino con el prop\u00f3sito \u00fanico de propiciar el bienestar de nuestros pueblos a trav\u00e9s del libre mercado como elemento sustancial de la vida en democracia\u201d.<br>Por su lado, Jose Ram\u00f3n Icaza, presidente de Exposiciones y Eventos de la CCIAP, destac\u00f3 que las expos de la C\u00e1mara de Comercio, Industrias y Agricultura de Panam\u00e1 han evolucionado con los a\u00f1os para ofrecerle a todo aquel que las visite una experiencia \u00fanica, al tiempo que a\u00f1adi\u00f3 que la derrama comercial que se produce alrededor de estas ferias, aporta de forma directa e indirecta a la econom\u00eda en muchas direcciones a sectores como transporte, hotelero, restaurantes, centros comerciales, entre otros. \u201cA partir de 2022, nuestras exposiciones han tenido un retorno exitoso del cual nos sentimos sumamente orgullosos y que nos inspira a cada d\u00eda perfeccionar las vivencias que nuestros compradores, expositores y visitantes en general tienen en los 30 mil metros cuadrados del centro de convenciones. Trabajamos de forma continua y ardua para superar las expectativas de personas como ustedes, nuestros aliados estrat\u00e9gicos\u201d.<\/p>\n\n\n\n<p>Por su parte, Manuel Jos\u00e9 Paredes, presidente de la Comisi\u00f3n Organizadora de EXPO LOG\u00cdSTICA Panam\u00e1, se\u00f1al\u00f3 que esta feria organizada desde hace 16 a\u00f1os en alianza estrat\u00e9gica entre la CCIAP y la Secretar\u00eda Nacional de Ciencia, Tecnolog\u00eda e Innovaci\u00f3n (SENACYT), promueve al pa\u00eds como uno de los facilitadores log\u00edsticos m\u00e1s importantes de la regi\u00f3n, dando lugar a nuevas oportunidades para el desarrollo, dinamismo e innovaci\u00f3n del sector. \u201cLa log\u00edstica es la segunda actividad econ\u00f3mica que m\u00e1s aporta al Producto Interno Bruto del pa\u00eds, y con Expo Log\u00edstica Panam\u00e1 queremos promover el crecimiento de tan importante sector, y presentarnos a la regi\u00f3n como la plataforma m\u00e1s importante del \u00e1rea\u201d.<br>En tanto, Gabriel Barletta, presidente de la Comisi\u00f3n Organizadora de EXPO TURISMO Internacional, indic\u00f3 que la d\u00e9cimo tercera versi\u00f3n de esta exposici\u00f3n promover\u00e1 el crecimiento de la industria tur\u00edstica nacional, generando el escenario ideal para que los expositores tengan contacto directo con compradores, turoperadores y potenciales viajeros; as\u00ed como, organizadores de congreso interesados en este destino c\u00e1lido, amigable y vibrante, que invita a conectar con su autenticidad y en el que siempre, se \u00a1Vive Por M\u00e1s!. De igual forma, destac\u00f3 que el turismo paname\u00f1o \u201cse presenta como un conjunto de actividades que m\u00e1s que nunca vibra en b\u00fasqueda de esos viajeros que anhelan m\u00e1s estimulaci\u00f3n, conexi\u00f3n y transformaci\u00f3n\u201d.<\/p>\n\n\n\n<p>Durante el evento, se confirm\u00f3 que EXPOCOMER, EXPO LOG\u00cdSTICA PANAM\u00c1 y EXPO TURISMO Internacional 2024, se llevar\u00e1n a cabo de forma paralela del 5 al 7 de marzo, en el Panam\u00e1 Convention Center, Amador.<\/p>\n","protected":false},"excerpt":{"rendered":"<p>EXPOCOMER, EXPO LOG\u00cdSTICA PANAM\u00c1 y EXPO TURISMO Internacional se llevar\u00e1n a cabo del 5 al 7 de marzo de 2024. (Panam\u00e1, 18 de mayo de 2023). En el marco de la celebraci\u00f3n de su 108 de fundaci\u00f3n, la C\u00e1mara de Comercio, Industrias y Agricultura de Panam\u00e1 (CCIAP), ofreci\u00f3 un caf\u00e9 en honor a los representantes [&hellip;]<\/p>\n","protected":false},"author":1,"featured_media":13110,"comment_status":"open","ping_status":"open","sticky":false,"template":"","format":"standard","meta":[],"categories":[44],"tags":[],"_links":{"self":[{"href":"https:\/\/www.thevisitorpanama.info\/esp\/wp-json\/wp\/v2\/posts\/13109"}],"collection":[{"href":"https:\/\/www.thevisitorpanama.info\/esp\/wp-json\/wp\/v2\/posts"}],"about":[{"href":"https:\/\/www.thevisitorpanama.info\/esp\/wp-json\/wp\/v2\/types\/post"}],"author":[{"embeddable":true,"href":"https:\/\/www.thevisitorpanama.info\/esp\/wp-json\/wp\/v2\/users\/1"}],"replies":[{"embeddable":true,"href":"https:\/\/www.thevisitorpanama.info\/esp\/wp-json\/wp\/v2\/comments?post=13109"}],"version-history":[{"count":1,"href":"https:\/\/www.thevisitorpanama.info\/esp\/wp-json\/wp\/v2\/posts\/13109\/revisions"}],"predecessor-version":[{"id":13113,"href":"https:\/\/www.thevisitorpanama.info\/esp\/wp-json\/wp\/v2\/posts\/13109\/revisions\/13113"}],"wp:featuredmedia":[{"embeddable":true,"href":"https:\/\/www.thevisitorpanama.info\/esp\/wp-json\/wp\/v2\/media\/13110"}],"wp:attachment":[{"href":"https:\/\/www.thevisitorpanama.info\/esp\/wp-json\/wp\/v2\/media?parent=13109"}],"wp:term":[{"taxonomy":"category","embeddable":true,"href":"https:\/\/www.thevisitorpanama.info\/esp\/wp-json\/wp\/v2\/categories?post=13109"},{"taxonomy":"post_tag","embeddable":true,"href":"https:\/\/www.thevisitorpanama.info\/esp\/wp-json\/wp\/v2\/tags?post=13109"}],"curies":[{"name":"wp","href":"https:\/\/api.w.org\/{rel}","templated":true}]}}