{"id":13094,"date":"2023-01-18T17:04:00","date_gmt":"2023-01-18T22:04:00","guid":{"rendered":"http:\/\/www.thevisitorpanama.info\/esp\/?p=13094"},"modified":"2023-05-15T17:10:29","modified_gmt":"2023-05-15T22:10:29","slug":"llego-el-2023-ano-para-unirnos-de-verdad-por-un-mejor-panama","status":"publish","type":"post","link":"https:\/\/www.thevisitorpanama.info\/esp\/2023\/01\/18\/llego-el-2023-ano-para-unirnos-de-verdad-por-un-mejor-panama\/","title":{"rendered":"Lleg\u00f3 el 2023, A\u00f1o para Unirnos de Verdad por un Mejor Panam\u00e1"},"content":{"rendered":"\n<p>Iniciamos un nuevo a\u00f1o con una mirada al camino recorrido en los 12 \u00faltimos meses, y hacia el camino por recorrer.&nbsp; En&nbsp;<strong>The Visitor- El Visitante<\/strong>&nbsp;tenemos el privilegio de contar con Invitados Especiales y Reportajes que nos permiten conocer opiniones, an\u00e1lisis y recomendaciones de expertos, para seguir una&nbsp;<strong>\u201cruta de trabajo\u201d<\/strong>&nbsp;objetiva, profesional y positiva, que aporte al crecimiento de nuestro Panam\u00e1. Esta es la filosof\u00eda que nos ha inspirado y la raz\u00f3n por la que nuestra marca ha seguido teniendo gran relevancia a lo largo de 29 a\u00f1os de trayectoria.<\/p>\n\n\n\n<p>En la primera edici\u00f3n de este a\u00f1o nos sentimos honrados de contar con un&nbsp;<strong>Invitado Especial<\/strong>&nbsp;de lujo:&nbsp;<strong>Ricardo Koyner<\/strong>. Un empresario que nos habla en exclusiva del desarrollo de la industria del caf\u00e9 y como capitalizar las oportunidades de negocios entre el sector agr\u00edcola y el tur\u00edstico, trabajando en uni\u00f3n, con planificaci\u00f3n y gran pasi\u00f3n.<\/p>\n\n\n\n<p>Nuestro&nbsp;<strong>Reportaje Especial<\/strong>&nbsp;es un resumen de los mensajes m\u00e1s relevantes por parte de los invitados especiales durante la segunda parte del 2022. Cada uno ofreciendo desde su perspectiva profesional y personal de manera objetiva, lo que debe realizarse para el desarrollo de nuestro turismo, la sociedad y por ende la econom\u00eda del pa\u00eds.<\/p>\n\n\n\n<p>Esta nueva edici\u00f3n presenta un especial de Chiriqu\u00ed, provincia pujante que trabaja d\u00eda a d\u00eda por su crecimiento, teniendo siempre como protagonista un turismo que potencia sus bellezas y riquezas naturales. Realizamos un amplio recorrido por sus tierras, espectaculares destinos, gastronom\u00eda, as\u00ed como su historia y cultura. Nuestras p\u00e1ginas se llenan con los atractivos naturales que ofrecen Boquete y Tierras Altas (Volc\u00e1n y Cerro Punta).<\/p>\n\n\n\n<p><strong>Nuestro Reportaje de Portada<\/strong>&nbsp;es el icono del turismo Chiricano,&nbsp;<strong>El Circuito del Caf\u00e9<\/strong>, uno de los productos experienciales m\u00e1s importante del pa\u00eds. Resaltando hermosos paisajes cafetaleros, actividades de aventura, experimentaci\u00f3n de la biodiversidad, eventos tem\u00e1ticos y servicios de alta calidad donde se incluye el hospedaje y la gastronom\u00eda de alto nivel.<\/p>\n\n\n\n<p><strong>Sitio Barriles<\/strong>&nbsp;es nuestro&nbsp;<strong>Reportaje de Historia y Cultura<\/strong>, un Museo Arqueol\u00f3gico en Tierras Altas lleno hallazgos hist\u00f3ricos y misterios por descubrir. Un lugar con gran riqueza cultural que requiere del apoyo de entidades gubernamentales para su preservaci\u00f3n y mejoramiento de la experiencia tur\u00edstica.<\/p>\n\n\n\n<p>En&nbsp;<strong>Sabores<\/strong>, tenemos de invitado al Chef Jorge Jurado, un autodidacta y referente de la gastronom\u00eda nacional. Oriundo de Chiriqu\u00ed, este Chef ha sido reconocido a nivel nacional e internacional, y nos habla del potencial de este sector en el desarrollo tur\u00edstico de Panam\u00e1 y como \u00e9l ha influenciado a j\u00f3venes talentos para que potencien su creatividad culinaria.<\/p>\n\n\n\n<p>Nuestros&nbsp;<strong>emprendedores del mes<\/strong>,&nbsp;<strong>Anillos de Ma\u00edz El Pimpo, UltraClinic, Tours Volc\u00e1n Bar\u00fa, Boquete Bees (Tour &nbsp;de la Miel)<\/strong>&nbsp;son ejemplo de constancia, dedicaci\u00f3n y tradici\u00f3n Chiricana. Ejemplo, que tambi\u00e9n transciende a otras \u00e1reas de nuestro pa\u00eds como&nbsp;<strong>Inkas Restaurante<\/strong>, un pedazo de la gastronom\u00eda Peruana en las ciudades de Aguadulce y Santiago.<\/p>\n\n\n\n<p>Concluyo este mensaje con la frase de cierre de nuestro&nbsp;<strong>Reportaje&nbsp; Especial<\/strong>: \u201c<em>&nbsp;hay que creer en lo que tenemos\u2026un turismo aut\u00e9ntico, bajo una sola imagen, que genere oportunidades a los artistas y m\u00fasicos; y permita a la empresa privada realizar una planificaci\u00f3n de desarrollo pa\u00eds que genere cambios positivos y profundos en Panam\u00e1\u00bb.<\/em><\/p>\n\n\n\n<p>Mari\u00e1ngela Ara\u00faz Anselmi<\/p>\n\n\n\n<p>Directora General<\/p>\n\n\n\n<p>The Visitor\/ El Visitante<\/p>\n\n\n\n<p><a href=\"http:\/\/www.thevisitorpanama.net\/\">www.thevisitorpanama.net<\/a><\/p>\n\n\n\n<p>@thevisitorpanama<\/p>\n\n\n\n<p>info@thevisitorpanama.net<\/p>\n","protected":false},"excerpt":{"rendered":"<p>Iniciamos un nuevo a\u00f1o con una mirada al camino recorrido en los 12 \u00faltimos meses, y hacia el camino por recorrer.&nbsp; En&nbsp;The Visitor- El Visitante&nbsp;tenemos el privilegio de contar con Invitados Especiales y Reportajes que nos permiten conocer opiniones, an\u00e1lisis y recomendaciones de expertos, para seguir una&nbsp;\u201cruta de trabajo\u201d&nbsp;objetiva, profesional y positiva, que aporte al [&hellip;]<\/p>\n","protected":false},"author":1,"featured_media":13095,"comment_status":"open","ping_status":"open","sticky":false,"template":"","format":"standard","meta":[],"categories":[43],"tags":[],"_links":{"self":[{"href":"https:\/\/www.thevisitorpanama.info\/esp\/wp-json\/wp\/v2\/posts\/13094"}],"collection":[{"href":"https:\/\/www.thevisitorpanama.info\/esp\/wp-json\/wp\/v2\/posts"}],"about":[{"href":"https:\/\/www.thevisitorpanama.info\/esp\/wp-json\/wp\/v2\/types\/post"}],"author":[{"embeddable":true,"href":"https:\/\/www.thevisitorpanama.info\/esp\/wp-json\/wp\/v2\/users\/1"}],"replies":[{"embeddable":true,"href":"https:\/\/www.thevisitorpanama.info\/esp\/wp-json\/wp\/v2\/comments?post=13094"}],"version-history":[{"count":1,"href":"https:\/\/www.thevisitorpanama.info\/esp\/wp-json\/wp\/v2\/posts\/13094\/revisions"}],"predecessor-version":[{"id":13096,"href":"https:\/\/www.thevisitorpanama.info\/esp\/wp-json\/wp\/v2\/posts\/13094\/revisions\/13096"}],"wp:featuredmedia":[{"embeddable":true,"href":"https:\/\/www.thevisitorpanama.info\/esp\/wp-json\/wp\/v2\/media\/13095"}],"wp:attachment":[{"href":"https:\/\/www.thevisitorpanama.info\/esp\/wp-json\/wp\/v2\/media?parent=13094"}],"wp:term":[{"taxonomy":"category","embeddable":true,"href":"https:\/\/www.thevisitorpanama.info\/esp\/wp-json\/wp\/v2\/categories?post=13094"},{"taxonomy":"post_tag","embeddable":true,"href":"https:\/\/www.thevisitorpanama.info\/esp\/wp-json\/wp\/v2\/tags?post=13094"}],"curies":[{"name":"wp","href":"https:\/\/api.w.org\/{rel}","templated":true}]}}