{"id":13044,"date":"2022-12-18T22:04:00","date_gmt":"2022-12-19T03:04:00","guid":{"rendered":"http:\/\/www.thevisitorpanama.info\/esp\/?p=13044"},"modified":"2023-05-12T22:09:22","modified_gmt":"2023-05-13T03:09:22","slug":"mendoza-barberia-tradicion-familiar-creando-los-mejores-cortes-de-cabello-y-barberia-en-el-mejor-ambiente","status":"publish","type":"post","link":"https:\/\/www.thevisitorpanama.info\/esp\/2022\/12\/18\/mendoza-barberia-tradicion-familiar-creando-los-mejores-cortes-de-cabello-y-barberia-en-el-mejor-ambiente\/","title":{"rendered":"Mendoza Barber\u00eda, Tradici\u00f3n Familiar Creando los Mejores Cortes de Cabello y Barberia en el Mejor Ambiente"},"content":{"rendered":"\n<p><a href=\"https:\/\/thevisitorpanama.net\/esp\/2022\/12\/17\/\"><time datetime=\"2022-12-17T15:35:07-05:00\">diciembre 17, 2022<\/time><\/a>by&nbsp;<a href=\"https:\/\/thevisitorpanama.net\/esp\/author\/admin\/\">admin<\/a><a href=\"https:\/\/thevisitorpanama.net\/esp\/2022\/12\/17\/mendoza-barberia-tradicion-familiar-creando-los-mejores-cortes-de-cabello-y-barberia-en-el-mejor-ambiente\/#respond\">No comment(s)<\/a><a href=\"https:\/\/thevisitorpanama.net\/esp\/category\/compras507\/\">COMPRAS507<\/a><\/p>\n\n\n\n<p>La historia de este emprendimiento empez\u00f3 cuando el abuelo Itamar Matheus (abuelo materno de los socios fundadores) empez\u00f3 a trabajar como barbero en el a\u00f1o 1976. Una profesi\u00f3n que influenci\u00f3 tanto en la familia que hijos y nietos siguieron sus pasos trabajando en la barber\u00eda y el estilismo.<\/p>\n\n\n\n<figure class=\"wp-block-image\"><img decoding=\"async\" src=\"https:\/\/thevisitorpanama.net\/esp\/wp-content\/uploads\/2022\/12\/Compress_20221216_201420_0108.jpg\" alt=\"\" class=\"wp-image-12522\"\/><\/figure>\n\n\n\n<p><strong>Josu\u00e9 y Nerio Barberos Fundadores<\/strong><\/p>\n\n\n\n<p>Mendoza Barber\u00eda fue fundada por los hermanos Josu\u00e9 Mendoza Matheus y Nerio Mendoza Matheus, nietos del abuelo Itamar. &nbsp;Entre los dos suman 19 a\u00f1os de experiencia en el negocio de la barber\u00eda y el estilismo.<\/p>\n\n\n\n<p>Para ambos, la estrella del negocio son sus clientes, por esa raz\u00f3n invierten en crear un ambiente \u00f3ptimo, relajante y atractivo para todas las personas que atienden, ya sea ni\u00f1o o adulto.\u00a0 Un lugar donde a todas las personas les guste estar, ya sea en la entrada, el \u00e1rea de barber\u00eda, spa y el \u201cliving\u201d. Todo siempre con acceso a caf\u00e9 y bebidas, Wi-Fi , buena m\u00fasica y un ambiente cordial.<\/p>\n\n\n\n<p><strong>Servicio que Sobrepasa Expectativas<\/strong><\/p>\n\n\n\n<p>Mendoza Barber\u00eda ofrece servicios que llenan las expectativas de los clientes m\u00e1s exigentes.<\/p>\n\n\n\n<p><strong>Corte de Cabello<\/strong>: Este servicio incluye todo tipo de cortes de cabello. Cortes con tijera, maquina, degradados, l\u00edneas, etc. Tambien lavado con un breve masaje capilar y peinado al finalizar.<\/p>\n\n\n\n<p><strong>Cuidado de Barba<\/strong>:Es la especialidad de la casa, ya que a los hombres tambi\u00e9n les gusta mantener su imagen.<\/p>\n\n\n\n<p><strong>Limpieza facial<\/strong>: Realizan una limpieza para mantener la piel limpia y sana a trav\u00e9s de la regeneraci\u00f3n profunda de la piel, con resultados inmediatos.<\/p>\n\n\n\n<figure class=\"wp-block-image\"><img decoding=\"async\" src=\"https:\/\/thevisitorpanama.net\/esp\/wp-content\/uploads\/2022\/12\/Compress_20221216_201419_9650.jpg\" alt=\"\" class=\"wp-image-12525\"\/><\/figure>\n\n\n\n<p><strong>Personal Profesional que hace la Diferencia<\/strong><\/p>\n\n\n\n<p>En esta barber\u00eda el personal es seleccionado por quienes son como personas, y no por lo que hacen. Josu\u00e9 y Nerio creen que una buena persona que pueda conectar y generar una relaci\u00f3n estrecha con cada cliente, se convierte en un servicio \u00fanico, creando fidelidad a lo largo del tiempo. Muchas veces el cliente se queda con el mismo barbero por 5 a\u00f1os y mucho m\u00e1s, incluso con quienes prestan cualquiera de los servicios complementarios dentro de Mendoza Barber\u00eda.<\/p>\n\n\n\n<p><strong>Certificados para Fin de A\u00f1o y Kit de Verano<\/strong><\/p>\n\n\n\n<p>Asegurar que un amigo o familiar mantenga el mejor \u201clook\u00bb, tambi\u00e9n es un buen regalo, por esta raz\u00f3n Mendoza Barber\u00eda ofrece para todos sus clientes Certificados de Regalo tanto digitales como f\u00edsicos. Se puede escoger entre dar un d\u00eda de relajaci\u00f3n en el \u201cspa\u201d y un cambio de imagen genial.<\/p>\n\n\n\n<figure class=\"wp-block-image\"><img decoding=\"async\" src=\"https:\/\/thevisitorpanama.net\/esp\/wp-content\/uploads\/2022\/12\/IMG_20221206_234343_917.jpg\" alt=\"\" class=\"wp-image-12526\"\/><\/figure>\n\n\n\n<p>Tambi\u00e9n cuentan con \u201cKits\u201d de productos para el cuidado de la barba, cabello, piel y rostro. Siempre recibiendo asesor\u00eda profesional por parte de los expertos de Mendoza Barberia con el prop\u00f3sito de crear un \u201ckit\u00bb que se ajuste a las necesidades de la persona que lo recibe. Un excelente obsequio que se entrega en una cesta y empacado ya como regalo.<\/p>\n\n\n\n<p><strong>Planes a Futuro<\/strong><\/p>\n\n\n\n<p>Los hermanos Mendoza Matheu miran hacia el futuro y tienen planeado abrir al menos dos sucursales m\u00e1s en la ciudad de Panam\u00e1, y expandir a dos o m\u00e1s pa\u00edses de Latinoam\u00e9rica en los pr\u00f3ximos 4 a\u00f1os. Un ambicioso plan para un negocio que ofrece un servicio de excelencia.<\/p>\n\n\n\n<figure class=\"wp-block-image\"><img decoding=\"async\" src=\"https:\/\/thevisitorpanama.net\/esp\/wp-content\/uploads\/2022\/12\/IMG_20221206_234344_346.jpg\" alt=\"\" class=\"wp-image-12527\"\/><\/figure>\n\n\n\n<p><strong>Informaci\u00f3n General:<\/strong><\/p>\n\n\n\n<p><strong>Direcci\u00f3n:<\/strong>&nbsp;San Francisco, V\u00eda Porras, #210,frente a Cattan (Toldas y fachadas), diagonal a Felipe Motta<\/p>\n\n\n\n<p><strong>Tel\u00e9fono:<\/strong>&nbsp;215-8533<\/p>\n\n\n\n<p><strong>Correo<a>:<\/a><\/strong>&nbsp;<a href=\"mailto:mendozastorepanama@gmail.com\">mendozastorepanama@gmail.com<\/a><\/p>\n\n\n\n<p><strong>Instagram<\/strong>&nbsp;:@mendozasbarbershop<\/p>\n\n\n\n<p><strong>Facebook:<\/strong>&nbsp;Mendoza Barbershop Panama<\/p>\n\n\n\n<p><strong>Tiktok<\/strong>: @mendozabarbershop<\/p>\n\n\n\n<p><strong>YouTube<\/strong>: &nbsp;Mendoza Barbershop<\/p>\n\n\n\n<p>Fotos cortesia: Mendoza Barber Shop<\/p>\n","protected":false},"excerpt":{"rendered":"<p>diciembre 17, 2022by&nbsp;adminNo comment(s)COMPRAS507 La historia de este emprendimiento empez\u00f3 cuando el abuelo Itamar Matheus (abuelo materno de los socios fundadores) empez\u00f3 a trabajar como barbero en el a\u00f1o 1976. Una profesi\u00f3n que influenci\u00f3 tanto en la familia que hijos y nietos siguieron sus pasos trabajando en la barber\u00eda y el estilismo. Josu\u00e9 y Nerio [&hellip;]<\/p>\n","protected":false},"author":1,"featured_media":13045,"comment_status":"open","ping_status":"open","sticky":false,"template":"","format":"standard","meta":[],"categories":[36],"tags":[],"_links":{"self":[{"href":"https:\/\/www.thevisitorpanama.info\/esp\/wp-json\/wp\/v2\/posts\/13044"}],"collection":[{"href":"https:\/\/www.thevisitorpanama.info\/esp\/wp-json\/wp\/v2\/posts"}],"about":[{"href":"https:\/\/www.thevisitorpanama.info\/esp\/wp-json\/wp\/v2\/types\/post"}],"author":[{"embeddable":true,"href":"https:\/\/www.thevisitorpanama.info\/esp\/wp-json\/wp\/v2\/users\/1"}],"replies":[{"embeddable":true,"href":"https:\/\/www.thevisitorpanama.info\/esp\/wp-json\/wp\/v2\/comments?post=13044"}],"version-history":[{"count":1,"href":"https:\/\/www.thevisitorpanama.info\/esp\/wp-json\/wp\/v2\/posts\/13044\/revisions"}],"predecessor-version":[{"id":13046,"href":"https:\/\/www.thevisitorpanama.info\/esp\/wp-json\/wp\/v2\/posts\/13044\/revisions\/13046"}],"wp:featuredmedia":[{"embeddable":true,"href":"https:\/\/www.thevisitorpanama.info\/esp\/wp-json\/wp\/v2\/media\/13045"}],"wp:attachment":[{"href":"https:\/\/www.thevisitorpanama.info\/esp\/wp-json\/wp\/v2\/media?parent=13044"}],"wp:term":[{"taxonomy":"category","embeddable":true,"href":"https:\/\/www.thevisitorpanama.info\/esp\/wp-json\/wp\/v2\/categories?post=13044"},{"taxonomy":"post_tag","embeddable":true,"href":"https:\/\/www.thevisitorpanama.info\/esp\/wp-json\/wp\/v2\/tags?post=13044"}],"curies":[{"name":"wp","href":"https:\/\/api.w.org\/{rel}","templated":true}]}}