{"id":13023,"date":"2023-05-12T13:41:20","date_gmt":"2023-05-12T18:41:20","guid":{"rendered":"http:\/\/www.thevisitorpanama.info\/esp\/?p=13023"},"modified":"2023-05-12T13:56:00","modified_gmt":"2023-05-12T18:56:00","slug":"jorge-tovar-nuevo-presidente-de-la-camara-de-comercio-industrias-agricultura-y-turismo-de-chiriqui","status":"publish","type":"post","link":"https:\/\/www.thevisitorpanama.info\/esp\/2023\/05\/12\/jorge-tovar-nuevo-presidente-de-la-camara-de-comercio-industrias-agricultura-y-turismo-de-chiriqui\/","title":{"rendered":"Jorge Tovar, Nuevo Presidente de la C\u00e1mara de Comercio, Industrias, Agricultura y Turismo de Chiriqu\u00ed"},"content":{"rendered":"\n<p>En medio de una emotiva ceremonia, que cont\u00f3 con la presencia de destacadas personalidades del pa\u00eds, el empresario Jorge Jos\u00e9 Tovar Vargas, tom\u00f3 posesi\u00f3n este jueves, como nuevo presidente de la C\u00e1mara de Comercio, Industrias, Agricultura y Turismo de Chiriqu\u00ed (CAMCHI), para el periodo 2023-2024.<\/p>\n\n\n\n<p>Tovar, quien se convierte en el vig\u00e9simo s\u00e9ptimo presidente en los 71 a\u00f1os de la C\u00e1mara, fue juramentado por Felipe Venicio Rodr\u00edguez, quien marc\u00f3 un precedente en la historia de la organizaci\u00f3n empresarial, al convertirse en el primer empresario en ocupar por un periodo consecutivo de cinco a\u00f1os, la silla presidencial de la CAMCHI.<\/p>\n\n\n\n<figure class=\"wp-block-image size-full\"><img decoding=\"async\" loading=\"lazy\" width=\"1500\" height=\"1000\" src=\"http:\/\/www.thevisitorpanama.info\/esp\/wp-content\/uploads\/2023\/05\/IMG-20230512-WA0010.jpg\" alt=\"\" class=\"wp-image-13028\" srcset=\"https:\/\/www.thevisitorpanama.info\/esp\/wp-content\/uploads\/2023\/05\/IMG-20230512-WA0010.jpg 1500w, https:\/\/www.thevisitorpanama.info\/esp\/wp-content\/uploads\/2023\/05\/IMG-20230512-WA0010-768x512.jpg 768w\" sizes=\"(max-width: 1500px) 100vw, 1500px\" \/><\/figure>\n\n\n\n<p><br>\u201cConsciente de la gran responsabilidad que conlleva, pero deseosos de seguir impulsando el desarrollo y prosperidad de nuestra regi\u00f3n, asumimos el reto, encaminados en primera instancia en fortalecer la identidad de esta organizaci\u00f3n empresarial, que se debe a ustedes; nuestra membres\u00eda, quienes son el eje principal que nos permite mantenernos firmes, en unidad y vigilantes para que se respeten los derechos, sobre una base s\u00f3lida que edifique una verdadera democracia\u201d, enfatiz\u00f3 Tovar en medio de su discurso.<\/p>\n\n\n\n<p><br>Por su parte, el presidente saliente Felipe Venicio Rodr\u00edguez, dijo sentirse complacido por los logros alcanzados durante su administraci\u00f3n y el respaldo mostrado por la membres\u00eda, su equipo de trabajo, la comunidad chiricana y el pa\u00eds en general, especialmente en los momentos m\u00e1s cruciales de la pandemia y durante los estragos generados por los efectos indirectos tras el paso de los huracanes ETA e IOTA. <\/p>\n\n\n\n<figure class=\"wp-block-image size-full\"><img decoding=\"async\" loading=\"lazy\" width=\"1500\" height=\"1000\" src=\"http:\/\/www.thevisitorpanama.info\/esp\/wp-content\/uploads\/2023\/05\/IMG-20230512-WA0014.jpg\" alt=\"\" class=\"wp-image-13029\" srcset=\"https:\/\/www.thevisitorpanama.info\/esp\/wp-content\/uploads\/2023\/05\/IMG-20230512-WA0014.jpg 1500w, https:\/\/www.thevisitorpanama.info\/esp\/wp-content\/uploads\/2023\/05\/IMG-20230512-WA0014-768x512.jpg 768w\" sizes=\"(max-width: 1500px) 100vw, 1500px\" \/><\/figure>\n\n\n\n<p>Rodr\u00edguez, a\u00f1adi\u00f3 que a\u00fan quedan importantes proyectos pendientes; otros en ejecuci\u00f3n, que son de gran impacto para el desarrollo de la regi\u00f3n, entre ellos: Puerto Bar\u00fa, la instalaci\u00f3n de la l\u00ednea trif\u00e1sica de Boca Chica, el Sitio Hist\u00f3rico de David, la construcci\u00f3n del mercado del marisco en Puerto Pedregal de David, entre otros, que formar\u00e1n parte de la agenda de la nueva Junta Directiva.<br>La ceremonia de investidura tambi\u00e9n fue aprovechada para la entrega de reconocimientos y la juramentaci\u00f3n de nuevos socios, que pasan a fortalecer la membres\u00eda del gremio corporativo, que actualmente cuenta con m\u00e1s de 400 afiliados nacionales y extranjeros.<br>El evento cont\u00f3 con la participaci\u00f3n especial del Cardenal de Panam\u00e1 Jos\u00e9 Luis Lacunza Maestrojuan, el director nacional de la AMPYME, la secretaria general de la Autoridad, el presidente de la C\u00e1mara de Comercio de Panam\u00e1, la Federaci\u00f3n Nacional de C\u00e1maras, representantes de PROPANAMA, la Asociaci\u00f3n de Armadores, la C\u00e1mara Nacional de Turismo, autoridades locales, reconocidos empresarios y representantes de diversas clubes.<br>La Nueva Junta Directiva fue electa el pasado 14 de marzo por votaci\u00f3n un\u00e1nime, tras la presentaci\u00f3n de la n\u00f3mina \u00fanica de consenso conformada por: Francisco Serrac\u00edn como primer vicepresidente, Felipe Venicio Rodr\u00edguez como segundo vicepresidente, Jessica G\u00f3mez fue designada como secretaria, Mavis Polo Cheva fungir\u00e1 como tesorero, Iv\u00e1n<\/p>\n\n\n\n<p>Mastino como subtesorero, Jorge Caicedo se desempe\u00f1ar\u00e1 como fiscal, mientras que Mireira Montero, Elizabeth de \u00c1lvarez, Enrique Clement, \u00c1ngela Buend\u00eda, Nikol\u00e1s Mamais, Oliver Candanedo y Luis R\u00edos Gnaegi quienes fungir\u00e1n directores suplentes.<\/p>\n\n\n\n<figure class=\"wp-block-image size-full\"><img decoding=\"async\" loading=\"lazy\" width=\"1500\" height=\"1000\" src=\"http:\/\/www.thevisitorpanama.info\/esp\/wp-content\/uploads\/2023\/05\/IMG-20230512-WA0013.jpg\" alt=\"\" class=\"wp-image-13031\" srcset=\"https:\/\/www.thevisitorpanama.info\/esp\/wp-content\/uploads\/2023\/05\/IMG-20230512-WA0013.jpg 1500w, https:\/\/www.thevisitorpanama.info\/esp\/wp-content\/uploads\/2023\/05\/IMG-20230512-WA0013-768x512.jpg 768w\" sizes=\"(max-width: 1500px) 100vw, 1500px\" \/><\/figure>\n\n\n\n<p><br>Como parte de los proyectos iniciales, la nueva directiva se propone su primera gira internacional, \u00e9ste fin de semana al vecino pa\u00eds Colombia, para reforzar las relaciones interinstitucionales con las c\u00e1maras hom\u00f3logas, intercambiar experiencias sobre los servicios que se ofrecen a las membres\u00edas, promover la provincia y presentar la nueva propuesta para XI versi\u00f3n de la Rueda Negocios 2023.<\/p>\n\n\n\n<p>Fotos cortes\u00eda C\u00e1mara de Comercio,  Industrias, Agricultura y Turismo de Chiriqu\u00ed<\/p>\n","protected":false},"excerpt":{"rendered":"<p>En medio de una emotiva ceremonia, que cont\u00f3 con la presencia de destacadas personalidades del pa\u00eds, el empresario Jorge Jos\u00e9 Tovar Vargas, tom\u00f3 posesi\u00f3n este jueves, como nuevo presidente de la C\u00e1mara de Comercio, Industrias, Agricultura y Turismo de Chiriqu\u00ed (CAMCHI), para el periodo 2023-2024. Tovar, quien se convierte en el vig\u00e9simo s\u00e9ptimo presidente en [&hellip;]<\/p>\n","protected":false},"author":1,"featured_media":13025,"comment_status":"open","ping_status":"open","sticky":false,"template":"","format":"standard","meta":[],"categories":[44],"tags":[],"_links":{"self":[{"href":"https:\/\/www.thevisitorpanama.info\/esp\/wp-json\/wp\/v2\/posts\/13023"}],"collection":[{"href":"https:\/\/www.thevisitorpanama.info\/esp\/wp-json\/wp\/v2\/posts"}],"about":[{"href":"https:\/\/www.thevisitorpanama.info\/esp\/wp-json\/wp\/v2\/types\/post"}],"author":[{"embeddable":true,"href":"https:\/\/www.thevisitorpanama.info\/esp\/wp-json\/wp\/v2\/users\/1"}],"replies":[{"embeddable":true,"href":"https:\/\/www.thevisitorpanama.info\/esp\/wp-json\/wp\/v2\/comments?post=13023"}],"version-history":[{"count":4,"href":"https:\/\/www.thevisitorpanama.info\/esp\/wp-json\/wp\/v2\/posts\/13023\/revisions"}],"predecessor-version":[{"id":13033,"href":"https:\/\/www.thevisitorpanama.info\/esp\/wp-json\/wp\/v2\/posts\/13023\/revisions\/13033"}],"wp:featuredmedia":[{"embeddable":true,"href":"https:\/\/www.thevisitorpanama.info\/esp\/wp-json\/wp\/v2\/media\/13025"}],"wp:attachment":[{"href":"https:\/\/www.thevisitorpanama.info\/esp\/wp-json\/wp\/v2\/media?parent=13023"}],"wp:term":[{"taxonomy":"category","embeddable":true,"href":"https:\/\/www.thevisitorpanama.info\/esp\/wp-json\/wp\/v2\/categories?post=13023"},{"taxonomy":"post_tag","embeddable":true,"href":"https:\/\/www.thevisitorpanama.info\/esp\/wp-json\/wp\/v2\/tags?post=13023"}],"curies":[{"name":"wp","href":"https:\/\/api.w.org\/{rel}","templated":true}]}}